{"id":937,"date":"2017-10-31T16:34:51","date_gmt":"2017-10-31T15:34:51","guid":{"rendered":"http:\/\/www.blancomania.hu\/blog\/?p=937"},"modified":"2023-06-14T11:11:56","modified_gmt":"2023-06-14T09:11:56","slug":"smeg-dolcegabbana-a-konyhaban","status":"publish","type":"post","link":"https:\/\/blancomania.hu\/blog\/smeg-dolcegabbana-a-konyhaban\/","title":{"rendered":"SMEG &#8211; Dolce&#038;Gabbana a konyh\u00e1ban"},"content":{"rendered":"<p style=\"text-align: justify;\">Ha Olaszorsz\u00e1g, akkor a diz\u00e1jn \u00e9s a szenved\u00e9ly k\u00e9zenfogva j\u00e1rnak. A SMEG Olaszorsz\u00e1g egyik legnagyobb pr\u00e9mium kateg\u00f3ri\u00e1s konyhag\u00e9p gy\u00e1rt\u00f3ja. A min\u0151s\u00e9gben, \u00f6tletekben \u00e9s a diz\u00e1jnban nem ismernek lehetetlent.<\/p>\n<p style=\"text-align: justify;\">Tudom, hogy nem mindennapi term\u00e9keket mutatok most nektek, de izgalmas \u00e9s \u00e9lvezetes v\u00e9gign\u00e9zni a SMEG Dolce&amp;Gabba \u00e1ltal tervezett FAB28 h\u0171t\u0151j\u00e9t \u00e9s a konyhai kisg\u00e9peit.<\/p>\n<figure id=\"attachment_938\" aria-describedby=\"caption-attachment-938\" style=\"width: 300px\" class=\"wp-caption aligncenter\"><a href=\"http:\/\/www.blancomania.hu\/blog\/wp-content\/uploads\/2017\/10\/Dolce-Gabanna-Smeg-hutok.jpg\"><img fetchpriority=\"high\" decoding=\"async\" class=\"size-medium wp-image-938\" src=\"http:\/\/www.blancomania.hu\/blog\/wp-content\/uploads\/2017\/10\/Dolce-Gabanna-Smeg-hutok-300x225.jpg\" alt=\"Dolce&amp;Gabbana FAB28 h\u0171t\u0151k\" width=\"300\" height=\"225\" srcset=\"https:\/\/blancomania.hu\/blog\/wp-content\/uploads\/2017\/10\/Dolce-Gabanna-Smeg-hutok-300x225.jpg 300w, https:\/\/blancomania.hu\/blog\/wp-content\/uploads\/2017\/10\/Dolce-Gabanna-Smeg-hutok-624x468.jpg 624w, https:\/\/blancomania.hu\/blog\/wp-content\/uploads\/2017\/10\/Dolce-Gabanna-Smeg-hutok.jpg 1000w\" sizes=\"(max-width: 300px) 100vw, 300px\" \/><\/a><figcaption id=\"caption-attachment-938\" class=\"wp-caption-text\">Dolce&amp;Gabbana FAB28 h\u0171t\u0151k<\/figcaption><\/figure>\n<p style=\"text-align: justify;\">A <a href=\"http:\/\/www.blancomania.hu\/smeg-termekek\/smeg-retro-design\">FAB28 retro h\u0171t\u0151k m\u00e1r kaphat\u00f3k itthon<\/a> is n\u00e9h\u00e1ny \u00e9ve, t\u00f6bbeknek szerelem volt els\u0151 l\u00e1t\u00e1sra, amit meg is \u00e9rtek. \u00cdme, egy Dolce&amp;Gabba \u00e1ltal tervezett, minden \u00edz\u00e9ben egyedi megjelen\u00e9s\u0171 \u00e9s kivitelez\u00e9s\u0171 FAB28 h\u0171t\u0151je. Minden h\u0171t\u0151t, igen j\u00f3l \u00edrom, mindet&#8230; <strong><em>egyedileg, k\u00e9zzel festik<\/em><\/strong>. \u00cdgy t\u00e9nyleg nem lesz a szomsz\u00e9dodnak ugyan olyan h\u0171t\u0151je , mint neked.<\/p>\n<figure id=\"attachment_939\" aria-describedby=\"caption-attachment-939\" style=\"width: 300px\" class=\"wp-caption aligncenter\"><a href=\"http:\/\/www.blancomania.hu\/blog\/wp-content\/uploads\/2017\/10\/dolce-and-gabanna-smeg-slideshow-05.jpg\"><img decoding=\"async\" class=\"size-medium wp-image-939\" src=\"http:\/\/www.blancomania.hu\/blog\/wp-content\/uploads\/2017\/10\/dolce-and-gabanna-smeg-slideshow-05-300x200.jpg\" alt=\"K\u00e9sz\u00fcl egy Dolce&amp;Gabbana FAB28 h\u0171t\u0151 fest\u00e9se\" width=\"300\" height=\"200\" srcset=\"https:\/\/blancomania.hu\/blog\/wp-content\/uploads\/2017\/10\/dolce-and-gabanna-smeg-slideshow-05-300x200.jpg 300w, https:\/\/blancomania.hu\/blog\/wp-content\/uploads\/2017\/10\/dolce-and-gabanna-smeg-slideshow-05-1024x682.jpg 1024w, https:\/\/blancomania.hu\/blog\/wp-content\/uploads\/2017\/10\/dolce-and-gabanna-smeg-slideshow-05-624x416.jpg 624w\" sizes=\"(max-width: 300px) 100vw, 300px\" \/><\/a><figcaption id=\"caption-attachment-939\" class=\"wp-caption-text\">K\u00e9sz\u00fcl egy Dolce&amp;Gabbana FAB28 h\u0171t\u0151 fest\u00e9se<\/figcaption><\/figure>\n<p><a href=\"http:\/\/www.blancomania.hu\/blog\/wp-content\/uploads\/2017\/10\/dolce-and-gabanna-smeg-slideshow-06.jpg\"><img decoding=\"async\" class=\"aligncenter size-medium wp-image-940\" src=\"http:\/\/www.blancomania.hu\/blog\/wp-content\/uploads\/2017\/10\/dolce-and-gabanna-smeg-slideshow-06-300x200.jpg\" alt=\"dolce-and-gabanna-smeg-slideshow-06\" width=\"300\" height=\"200\" srcset=\"https:\/\/blancomania.hu\/blog\/wp-content\/uploads\/2017\/10\/dolce-and-gabanna-smeg-slideshow-06-300x200.jpg 300w, https:\/\/blancomania.hu\/blog\/wp-content\/uploads\/2017\/10\/dolce-and-gabanna-smeg-slideshow-06-1024x682.jpg 1024w, https:\/\/blancomania.hu\/blog\/wp-content\/uploads\/2017\/10\/dolce-and-gabanna-smeg-slideshow-06-624x416.jpg 624w\" sizes=\"(max-width: 300px) 100vw, 300px\" \/><\/a><\/p>\n<p style=\"text-align: justify;\">Izgalmas sz\u00ednek, izgalmas jelenetek l\u00e1that\u00f3k minden h\u0171t\u0151n.<\/p>\n<figure id=\"attachment_941\" aria-describedby=\"caption-attachment-941\" style=\"width: 300px\" class=\"wp-caption aligncenter\"><a href=\"http:\/\/www.blancomania.hu\/blog\/wp-content\/uploads\/2017\/10\/dolce-gabanna-smeg-frigorifero-d-arte-milan-design-week-2016-designboom-007-818x600.jpg\"><img loading=\"lazy\" decoding=\"async\" class=\"size-medium wp-image-941\" src=\"http:\/\/www.blancomania.hu\/blog\/wp-content\/uploads\/2017\/10\/dolce-gabanna-smeg-frigorifero-d-arte-milan-design-week-2016-designboom-007-818x600-300x220.jpg\" alt=\"Egy ki\u00e1ll\u00edt\u00e1s h\u0171t\u0151i\" width=\"300\" height=\"220\" srcset=\"https:\/\/blancomania.hu\/blog\/wp-content\/uploads\/2017\/10\/dolce-gabanna-smeg-frigorifero-d-arte-milan-design-week-2016-designboom-007-818x600-300x220.jpg 300w, https:\/\/blancomania.hu\/blog\/wp-content\/uploads\/2017\/10\/dolce-gabanna-smeg-frigorifero-d-arte-milan-design-week-2016-designboom-007-818x600-624x457.jpg 624w, https:\/\/blancomania.hu\/blog\/wp-content\/uploads\/2017\/10\/dolce-gabanna-smeg-frigorifero-d-arte-milan-design-week-2016-designboom-007-818x600.jpg 818w\" sizes=\"(max-width: 300px) 100vw, 300px\" \/><\/a><figcaption id=\"caption-attachment-941\" class=\"wp-caption-text\">Egy ki\u00e1ll\u00edt\u00e1s h\u0171t\u0151i<\/figcaption><\/figure>\n<p><a href=\"http:\/\/www.blancomania.hu\/blog\/wp-content\/uploads\/2017\/10\/Smeg_Dolce___Gabbana_egy-kiallitas-hutoi.jpg\"><img loading=\"lazy\" decoding=\"async\" class=\"aligncenter size-medium wp-image-942\" src=\"http:\/\/www.blancomania.hu\/blog\/wp-content\/uploads\/2017\/10\/Smeg_Dolce___Gabbana_egy-kiallitas-hutoi-300x247.jpg\" alt=\"Smeg_Dolce___Gabbana_egy kiallitas hutoi\" width=\"300\" height=\"247\"><\/a><\/p>\n<figure id=\"attachment_943\" aria-describedby=\"caption-attachment-943\" style=\"width: 300px\" class=\"wp-caption aligncenter\"><a href=\"http:\/\/www.blancomania.hu\/blog\/wp-content\/uploads\/2017\/10\/frigo_6_artisti31.jpg\"><img loading=\"lazy\" decoding=\"async\" class=\"size-medium wp-image-943\" src=\"http:\/\/www.blancomania.hu\/blog\/wp-content\/uploads\/2017\/10\/frigo_6_artisti31-300x102.jpg\" alt=\"FAB28 Dolce&amp;Gabbana h\u0171t\u0151k\" width=\"300\" height=\"102\" srcset=\"https:\/\/blancomania.hu\/blog\/wp-content\/uploads\/2017\/10\/frigo_6_artisti31-300x102.jpg 300w, https:\/\/blancomania.hu\/blog\/wp-content\/uploads\/2017\/10\/frigo_6_artisti31-624x213.jpg 624w, https:\/\/blancomania.hu\/blog\/wp-content\/uploads\/2017\/10\/frigo_6_artisti31.jpg 720w\" sizes=\"(max-width: 300px) 100vw, 300px\" \/><\/a><figcaption id=\"caption-attachment-943\" class=\"wp-caption-text\">FAB28 Dolce&amp;Gabbana h\u0171t\u0151k<\/figcaption><\/figure>\n<figure id=\"attachment_944\" aria-describedby=\"caption-attachment-944\" style=\"width: 200px\" class=\"wp-caption aligncenter\"><a href=\"http:\/\/www.blancomania.hu\/blog\/wp-content\/uploads\/2017\/10\/smeg-fab28-dolce-gabbana-huto.jpg\"><img loading=\"lazy\" decoding=\"async\" class=\"size-medium wp-image-944\" src=\"http:\/\/www.blancomania.hu\/blog\/wp-content\/uploads\/2017\/10\/smeg-fab28-dolce-gabbana-huto-200x300.jpg\" alt=\"Egy minta k\u00f6zelr\u0151l\" width=\"200\" height=\"300\" srcset=\"https:\/\/blancomania.hu\/blog\/wp-content\/uploads\/2017\/10\/smeg-fab28-dolce-gabbana-huto-200x300.jpg 200w, https:\/\/blancomania.hu\/blog\/wp-content\/uploads\/2017\/10\/smeg-fab28-dolce-gabbana-huto-682x1024.jpg 682w, https:\/\/blancomania.hu\/blog\/wp-content\/uploads\/2017\/10\/smeg-fab28-dolce-gabbana-huto-624x936.jpg 624w, https:\/\/blancomania.hu\/blog\/wp-content\/uploads\/2017\/10\/smeg-fab28-dolce-gabbana-huto.jpg 1000w\" sizes=\"(max-width: 200px) 100vw, 200px\" \/><\/a><figcaption id=\"caption-attachment-944\" class=\"wp-caption-text\">Egy minta k\u00f6zelr\u0151l<\/figcaption><\/figure>\n<p style=\"text-align: justify;\">\u00c9s j\u00f6hetnek a retro SMEG kisg\u00e9pek, amiket szint\u00e9n a Dolce&amp;Gabba tervez\u0151i \u00e1lmodtak meg. Ezek a konyhai kisg\u00e9pek &#8211; keny\u00e9rpir\u00edt\u00f3, v\u00edzforral\u00f3, k\u00e1v\u00e9f\u0151z\u0151, citruspr\u00e9s, konyhai robotg\u00e9p &#8211; ma m\u00e9g nem kaphat\u00f3k, de b\u00edzunk benn, ami k\u00e9sik az nem m\u00falik.<\/p>\n<figure id=\"attachment_945\" aria-describedby=\"caption-attachment-945\" style=\"width: 300px\" class=\"wp-caption aligncenter\"><a href=\"http:\/\/www.blancomania.hu\/blog\/wp-content\/uploads\/2017\/10\/DG_smeg_v\u00edzforralo.jpg\"><img loading=\"lazy\" decoding=\"async\" class=\"size-medium wp-image-945\" src=\"http:\/\/www.blancomania.hu\/blog\/wp-content\/uploads\/2017\/10\/DG_smeg_v\u00edzforralo-300x169.jpg\" alt=\"SMEG v\u00edzforral\u00f3, ahogy Dolce&amp;Gabbana meg\u00e1lmodta\" width=\"300\" height=\"169\" srcset=\"https:\/\/blancomania.hu\/blog\/wp-content\/uploads\/2017\/10\/DG_smeg_v\u00edzforralo-300x169.jpg 300w, https:\/\/blancomania.hu\/blog\/wp-content\/uploads\/2017\/10\/DG_smeg_v\u00edzforralo-624x351.jpg 624w, https:\/\/blancomania.hu\/blog\/wp-content\/uploads\/2017\/10\/DG_smeg_v\u00edzforralo.jpg 672w\" sizes=\"(max-width: 300px) 100vw, 300px\" \/><\/a><figcaption id=\"caption-attachment-945\" class=\"wp-caption-text\">SMEG v\u00edzforral\u00f3, ahogy Dolce&amp;Gabbana meg\u00e1lmodta<\/figcaption><\/figure>\n<figure id=\"attachment_946\" aria-describedby=\"caption-attachment-946\" style=\"width: 300px\" class=\"wp-caption aligncenter\"><a href=\"http:\/\/www.blancomania.hu\/blog\/wp-content\/uploads\/2017\/10\/dolce-gabbana-keny\u00e9rpir\u00edt\u00f3.jpg\"><img loading=\"lazy\" decoding=\"async\" class=\"size-medium wp-image-946\" src=\"http:\/\/www.blancomania.hu\/blog\/wp-content\/uploads\/2017\/10\/dolce-gabbana-keny\u00e9rpir\u00edt\u00f3-300x220.jpg\" alt=\"A keny\u00e9rpir\u00edt\u00f3\" width=\"300\" height=\"220\" srcset=\"https:\/\/blancomania.hu\/blog\/wp-content\/uploads\/2017\/10\/dolce-gabbana-keny\u00e9rpir\u00edt\u00f3-300x220.jpg 300w, https:\/\/blancomania.hu\/blog\/wp-content\/uploads\/2017\/10\/dolce-gabbana-keny\u00e9rpir\u00edt\u00f3-624x457.jpg 624w, https:\/\/blancomania.hu\/blog\/wp-content\/uploads\/2017\/10\/dolce-gabbana-keny\u00e9rpir\u00edt\u00f3.jpg 818w\" sizes=\"(max-width: 300px) 100vw, 300px\" \/><\/a><figcaption id=\"caption-attachment-946\" class=\"wp-caption-text\">A keny\u00e9rpir\u00edt\u00f3<\/figcaption><\/figure>\n<figure id=\"attachment_947\" aria-describedby=\"caption-attachment-947\" style=\"width: 300px\" class=\"wp-caption aligncenter\"><a href=\"http:\/\/www.blancomania.hu\/blog\/wp-content\/uploads\/2017\/10\/550252388ce2c_-_hbz-april-dinner-dolce-gabbana-1-lgn.jpg\"><img loading=\"lazy\" decoding=\"async\" class=\"size-medium wp-image-947\" src=\"http:\/\/www.blancomania.hu\/blog\/wp-content\/uploads\/2017\/10\/550252388ce2c_-_hbz-april-dinner-dolce-gabbana-1-lgn-300x245.jpg\" alt=\"Dolce&amp;Gabbana\" width=\"300\" height=\"245\" srcset=\"https:\/\/blancomania.hu\/blog\/wp-content\/uploads\/2017\/10\/550252388ce2c_-_hbz-april-dinner-dolce-gabbana-1-lgn-300x245.jpg 300w, https:\/\/blancomania.hu\/blog\/wp-content\/uploads\/2017\/10\/550252388ce2c_-_hbz-april-dinner-dolce-gabbana-1-lgn.jpg 600w\" sizes=\"(max-width: 300px) 100vw, 300px\" \/><\/a><figcaption id=\"caption-attachment-947\" class=\"wp-caption-text\">Dolce&amp;Gabbana<\/figcaption><\/figure>\n<figure id=\"attachment_948\" aria-describedby=\"caption-attachment-948\" style=\"width: 300px\" class=\"wp-caption aligncenter\"><a href=\"http:\/\/www.blancomania.hu\/blog\/wp-content\/uploads\/2017\/10\/ECF01DG-kavefozo.jpg\"><img loading=\"lazy\" decoding=\"async\" class=\"size-medium wp-image-948\" src=\"http:\/\/www.blancomania.hu\/blog\/wp-content\/uploads\/2017\/10\/ECF01DG-kavefozo-300x200.jpg\" alt=\"A k\u00e1v\u00e9f\u0151z\u0151\" width=\"300\" height=\"200\" srcset=\"https:\/\/blancomania.hu\/blog\/wp-content\/uploads\/2017\/10\/ECF01DG-kavefozo-300x200.jpg 300w, https:\/\/blancomania.hu\/blog\/wp-content\/uploads\/2017\/10\/ECF01DG-kavefozo-1024x682.jpg 1024w, https:\/\/blancomania.hu\/blog\/wp-content\/uploads\/2017\/10\/ECF01DG-kavefozo-624x416.jpg 624w, https:\/\/blancomania.hu\/blog\/wp-content\/uploads\/2017\/10\/ECF01DG-kavefozo.jpg 1920w\" sizes=\"(max-width: 300px) 100vw, 300px\" \/><\/a><figcaption id=\"caption-attachment-948\" class=\"wp-caption-text\">A k\u00e1v\u00e9f\u0151z\u0151<\/figcaption><\/figure>\n<p>&nbsp;<\/p>\n<figure id=\"attachment_949\" aria-describedby=\"caption-attachment-949\" style=\"width: 234px\" class=\"wp-caption aligncenter\"><a href=\"http:\/\/www.blancomania.hu\/blog\/wp-content\/uploads\/2017\/10\/dolce-gabbana-smeg-citruspres.jpg\"><img loading=\"lazy\" decoding=\"async\" class=\"size-medium wp-image-949\" src=\"http:\/\/www.blancomania.hu\/blog\/wp-content\/uploads\/2017\/10\/dolce-gabbana-smeg-citruspres-234x300.jpg\" alt=\"\u00cdme a citruspr\u00e9s\" width=\"234\" height=\"300\" srcset=\"https:\/\/blancomania.hu\/blog\/wp-content\/uploads\/2017\/10\/dolce-gabbana-smeg-citruspres-234x300.jpg 234w, https:\/\/blancomania.hu\/blog\/wp-content\/uploads\/2017\/10\/dolce-gabbana-smeg-citruspres-801x1024.jpg 801w, https:\/\/blancomania.hu\/blog\/wp-content\/uploads\/2017\/10\/dolce-gabbana-smeg-citruspres-624x797.jpg 624w, https:\/\/blancomania.hu\/blog\/wp-content\/uploads\/2017\/10\/dolce-gabbana-smeg-citruspres.jpg 818w\" sizes=\"(max-width: 234px) 100vw, 234px\" \/><\/a><figcaption id=\"caption-attachment-949\" class=\"wp-caption-text\">\u00cdme a citruspr\u00e9s<\/figcaption><\/figure>\n<figure id=\"attachment_950\" aria-describedby=\"caption-attachment-950\" style=\"width: 300px\" class=\"wp-caption aligncenter\"><a href=\"http:\/\/www.blancomania.hu\/blog\/wp-content\/uploads\/2017\/10\/SMEG-kiallatas.jpg\"><img loading=\"lazy\" decoding=\"async\" class=\"size-medium wp-image-950\" src=\"http:\/\/www.blancomania.hu\/blog\/wp-content\/uploads\/2017\/10\/SMEG-kiallatas-300x199.jpg\" alt=\"Egy bemutat\u00f3 a SMEG k\u00fcl\u00f6nlegess\u00e9geivel\" width=\"300\" height=\"199\" srcset=\"https:\/\/blancomania.hu\/blog\/wp-content\/uploads\/2017\/10\/SMEG-kiallatas-300x199.jpg 300w, https:\/\/blancomania.hu\/blog\/wp-content\/uploads\/2017\/10\/SMEG-kiallatas-624x415.jpg 624w, https:\/\/blancomania.hu\/blog\/wp-content\/uploads\/2017\/10\/SMEG-kiallatas.jpg 1024w\" sizes=\"(max-width: 300px) 100vw, 300px\" \/><\/a><figcaption id=\"caption-attachment-950\" class=\"wp-caption-text\">Egy bemutat\u00f3 a SMEG k\u00fcl\u00f6nlegess\u00e9geivel<\/figcaption><\/figure>\n<figure id=\"attachment_951\" aria-describedby=\"caption-attachment-951\" style=\"width: 300px\" class=\"wp-caption aligncenter\"><a href=\"http:\/\/www.blancomania.hu\/blog\/wp-content\/uploads\/2017\/10\/Smeg-Dolce-Gabbana-szett.jpg\"><img loading=\"lazy\" decoding=\"async\" class=\"size-medium wp-image-951\" src=\"http:\/\/www.blancomania.hu\/blog\/wp-content\/uploads\/2017\/10\/Smeg-Dolce-Gabbana-szett-300x206.jpg\" alt=\"Szettben is k\u00e9rheted egyszer :-)\" width=\"300\" height=\"206\" srcset=\"https:\/\/blancomania.hu\/blog\/wp-content\/uploads\/2017\/10\/Smeg-Dolce-Gabbana-szett-300x206.jpg 300w, https:\/\/blancomania.hu\/blog\/wp-content\/uploads\/2017\/10\/Smeg-Dolce-Gabbana-szett-1024x704.jpg 1024w, https:\/\/blancomania.hu\/blog\/wp-content\/uploads\/2017\/10\/Smeg-Dolce-Gabbana-szett-624x429.jpg 624w, https:\/\/blancomania.hu\/blog\/wp-content\/uploads\/2017\/10\/Smeg-Dolce-Gabbana-szett.jpg 1200w\" sizes=\"(max-width: 300px) 100vw, 300px\" \/><\/a><figcaption id=\"caption-attachment-951\" class=\"wp-caption-text\">Szettben is k\u00e9rheted egyszer \ud83d\ude42<\/figcaption><\/figure>\n<p><a href=\"http:\/\/www.blancomania.hu\/blog\/wp-content\/uploads\/2017\/10\/Smeg-Dolce-Gabbana-kisgepek-kollekcio.jpg\"><img loading=\"lazy\" decoding=\"async\" class=\"aligncenter size-medium wp-image-952\" src=\"http:\/\/www.blancomania.hu\/blog\/wp-content\/uploads\/2017\/10\/Smeg-Dolce-Gabbana-kisgepek-kollekcio-300x300.jpg\" alt=\"Smeg-Dolce-Gabbana-kisgepek kollekcio\" width=\"300\" height=\"300\" srcset=\"https:\/\/blancomania.hu\/blog\/wp-content\/uploads\/2017\/10\/Smeg-Dolce-Gabbana-kisgepek-kollekcio-300x300.jpg 300w, https:\/\/blancomania.hu\/blog\/wp-content\/uploads\/2017\/10\/Smeg-Dolce-Gabbana-kisgepek-kollekcio-150x150.jpg 150w, https:\/\/blancomania.hu\/blog\/wp-content\/uploads\/2017\/10\/Smeg-Dolce-Gabbana-kisgepek-kollekcio-624x624.jpg 624w, https:\/\/blancomania.hu\/blog\/wp-content\/uploads\/2017\/10\/Smeg-Dolce-Gabbana-kisgepek-kollekcio.jpg 1000w\" sizes=\"(max-width: 300px) 100vw, 300px\" \/><\/a><\/p>\n<p style=\"text-align: justify;\">K\u00edv\u00e1ncsi vagyok milyen v\u00e9lem\u00e9nnyel lesztek ezekr\u0151l a k\u00fcl\u00f6nleges megjelen\u00e9s\u0171 g\u00e9pekr\u0151l. B\u00e1rki el tudn\u00e1 otthon k\u00e9pzelni a konyh\u00e1j\u00e1ban ezeket? P\u00e9ld\u00e1ul egy minimalista feh\u00e9r konyh\u00e1ban csak egy ilyen keny\u00e9rpir\u00edt\u00f3? Szerintem nagyon ott van.<\/p>\n<p style=\"text-align: justify;\">Ha k\u00e9rd\u00e9sed van a SMEG g\u00e9pekkel kapcsolatban, a szok\u00e1sos 1-270-9051 sz\u00e1mon, vagy a bemutat\u00f3teremben 1135 Budapeste, Szegedi \u00fat 31. megtal\u00e1lsz benn\u00fcnket.<\/p>\n<p>\u00dcdv\u00f6k:<\/p>\n<p>Anik\u00f3 (Admiral Studio)<\/p>\n<p>&nbsp;<\/p>\n<p>&nbsp;<\/p>\n","protected":false},"excerpt":{"rendered":"<p>Ha Olaszorsz\u00e1g, akkor a diz\u00e1jn \u00e9s a szenved\u00e9ly k\u00e9zenfogva j\u00e1rnak. A SMEG Olaszorsz\u00e1g egyik legnagyobb pr\u00e9mium kateg\u00f3ri\u00e1s konyhag\u00e9p gy\u00e1rt\u00f3ja. A min\u0151s\u00e9gben, \u00f6tletekben \u00e9s a diz\u00e1jnban nem ismernek lehetetlent. Tudom, hogy nem mindennapi term\u00e9keket mutatok most nektek, de izgalmas \u00e9s \u00e9lvezetes v\u00e9gign\u00e9zni a SMEG Dolce&amp;Gabba \u00e1ltal tervezett FAB28 h\u0171t\u0151j\u00e9t \u00e9s a konyhai kisg\u00e9peit. A FAB28 retro [&hellip;]<\/p>\n","protected":false},"author":2,"featured_media":2283,"comment_status":"closed","ping_status":"open","sticky":false,"template":"","format":"standard","meta":{"footnotes":""},"categories":[253],"tags":[165,84,166,56,133],"class_list":["post-937","post","type-post","status-publish","format-standard","has-post-thumbnail","hentry","category-konyhagepek","tag-dolcegabbana","tag-kenyerpirito","tag-retro-huto","tag-smeg","tag-vizforralo"],"yoast_head":"<!-- This site is optimized with the Yoast SEO plugin v27.4 - https:\/\/yoast.com\/product\/yoast-seo-wordpress\/ -->\n<title>SMEG - Dolce&amp;Gabbana a konyh\u00e1ban - Blanco M\u00e1nia blog<\/title>\n<meta name=\"robots\" content=\"index, follow, max-snippet:-1, max-image-preview:large, max-video-preview:-1\" \/>\n<link rel=\"canonical\" href=\"https:\/\/blancomania.hu\/blog\/smeg-dolcegabbana-a-konyhaban\/\" \/>\n<meta property=\"og:locale\" content=\"hu_HU\" \/>\n<meta property=\"og:type\" content=\"article\" \/>\n<meta property=\"og:title\" content=\"SMEG - Dolce&amp;Gabbana a konyh\u00e1ban - Blanco M\u00e1nia blog\" \/>\n<meta property=\"og:description\" content=\"Ha Olaszorsz\u00e1g, akkor a diz\u00e1jn \u00e9s a szenved\u00e9ly k\u00e9zenfogva j\u00e1rnak. A SMEG Olaszorsz\u00e1g egyik legnagyobb pr\u00e9mium kateg\u00f3ri\u00e1s konyhag\u00e9p gy\u00e1rt\u00f3ja. A min\u0151s\u00e9gben, \u00f6tletekben \u00e9s a diz\u00e1jnban nem ismernek lehetetlent. Tudom, hogy nem mindennapi term\u00e9keket mutatok most nektek, de izgalmas \u00e9s \u00e9lvezetes v\u00e9gign\u00e9zni a SMEG Dolce&amp;Gabba \u00e1ltal tervezett FAB28 h\u0171t\u0151j\u00e9t \u00e9s a konyhai kisg\u00e9peit. A FAB28 retro [&hellip;]\" \/>\n<meta property=\"og:url\" content=\"https:\/\/blancomania.hu\/blog\/smeg-dolcegabbana-a-konyhaban\/\" \/>\n<meta property=\"og:site_name\" content=\"Blanco M\u00e1nia blog\" \/>\n<meta property=\"article:publisher\" content=\"https:\/\/www.facebook.com\/blancomania\" \/>\n<meta property=\"article:published_time\" content=\"2017-10-31T15:34:51+00:00\" \/>\n<meta property=\"article:modified_time\" content=\"2023-06-14T09:11:56+00:00\" \/>\n<meta property=\"og:image\" content=\"https:\/\/blancomania.hu\/blog\/wp-content\/uploads\/2018\/03\/Smeg_Dolce___Gabbana_egy-kiallitas-hutoi-.jpg\" \/>\n\t<meta property=\"og:image:width\" content=\"642\" \/>\n\t<meta property=\"og:image:height\" content=\"529\" \/>\n\t<meta property=\"og:image:type\" content=\"image\/jpeg\" \/>\n<meta name=\"author\" content=\"M\u00e1nia Blanco\" \/>\n<meta name=\"twitter:card\" content=\"summary_large_image\" \/>\n<meta name=\"twitter:label1\" content=\"Szerz\u0151:\" \/>\n\t<meta name=\"twitter:data1\" content=\"M\u00e1nia Blanco\" \/>\n\t<meta name=\"twitter:label2\" content=\"Becs\u00fclt olvas\u00e1si id\u0151\" \/>\n\t<meta name=\"twitter:data2\" content=\"2 perc\" \/>\n<script type=\"application\/ld+json\" class=\"yoast-schema-graph\">{\"@context\":\"https:\\\/\\\/schema.org\",\"@graph\":[{\"@type\":\"Article\",\"@id\":\"https:\\\/\\\/blancomania.hu\\\/blog\\\/smeg-dolcegabbana-a-konyhaban\\\/#article\",\"isPartOf\":{\"@id\":\"https:\\\/\\\/blancomania.hu\\\/blog\\\/smeg-dolcegabbana-a-konyhaban\\\/\"},\"author\":{\"name\":\"M\u00e1nia Blanco\",\"@id\":\"https:\\\/\\\/blancomania.hu\\\/blog\\\/#\\\/schema\\\/person\\\/c22e981578e80385e4a15462e64ea77b\"},\"headline\":\"SMEG &#8211; Dolce&#038;Gabbana a konyh\u00e1ban\",\"datePublished\":\"2017-10-31T15:34:51+00:00\",\"dateModified\":\"2023-06-14T09:11:56+00:00\",\"mainEntityOfPage\":{\"@id\":\"https:\\\/\\\/blancomania.hu\\\/blog\\\/smeg-dolcegabbana-a-konyhaban\\\/\"},\"wordCount\":477,\"publisher\":{\"@id\":\"https:\\\/\\\/blancomania.hu\\\/blog\\\/#organization\"},\"image\":{\"@id\":\"https:\\\/\\\/blancomania.hu\\\/blog\\\/smeg-dolcegabbana-a-konyhaban\\\/#primaryimage\"},\"thumbnailUrl\":\"https:\\\/\\\/blancomania.hu\\\/blog\\\/wp-content\\\/uploads\\\/2018\\\/03\\\/Smeg_Dolce___Gabbana_egy-kiallitas-hutoi-.jpg\",\"keywords\":[\"dolce&amp;gabbana\",\"keny\u00e9rpir\u00edt\u00f3\",\"retro h\u0171t\u0151\",\"Smeg\",\"vizforralo\"],\"articleSection\":[\"Konyhag\u00e9pek\"],\"inLanguage\":\"hu\"},{\"@type\":\"WebPage\",\"@id\":\"https:\\\/\\\/blancomania.hu\\\/blog\\\/smeg-dolcegabbana-a-konyhaban\\\/\",\"url\":\"https:\\\/\\\/blancomania.hu\\\/blog\\\/smeg-dolcegabbana-a-konyhaban\\\/\",\"name\":\"SMEG - Dolce&Gabbana a konyh\u00e1ban - Blanco M\u00e1nia blog\",\"isPartOf\":{\"@id\":\"https:\\\/\\\/blancomania.hu\\\/blog\\\/#website\"},\"primaryImageOfPage\":{\"@id\":\"https:\\\/\\\/blancomania.hu\\\/blog\\\/smeg-dolcegabbana-a-konyhaban\\\/#primaryimage\"},\"image\":{\"@id\":\"https:\\\/\\\/blancomania.hu\\\/blog\\\/smeg-dolcegabbana-a-konyhaban\\\/#primaryimage\"},\"thumbnailUrl\":\"https:\\\/\\\/blancomania.hu\\\/blog\\\/wp-content\\\/uploads\\\/2018\\\/03\\\/Smeg_Dolce___Gabbana_egy-kiallitas-hutoi-.jpg\",\"datePublished\":\"2017-10-31T15:34:51+00:00\",\"dateModified\":\"2023-06-14T09:11:56+00:00\",\"breadcrumb\":{\"@id\":\"https:\\\/\\\/blancomania.hu\\\/blog\\\/smeg-dolcegabbana-a-konyhaban\\\/#breadcrumb\"},\"inLanguage\":\"hu\",\"potentialAction\":[{\"@type\":\"ReadAction\",\"target\":[\"https:\\\/\\\/blancomania.hu\\\/blog\\\/smeg-dolcegabbana-a-konyhaban\\\/\"]}]},{\"@type\":\"ImageObject\",\"inLanguage\":\"hu\",\"@id\":\"https:\\\/\\\/blancomania.hu\\\/blog\\\/smeg-dolcegabbana-a-konyhaban\\\/#primaryimage\",\"url\":\"https:\\\/\\\/blancomania.hu\\\/blog\\\/wp-content\\\/uploads\\\/2018\\\/03\\\/Smeg_Dolce___Gabbana_egy-kiallitas-hutoi-.jpg\",\"contentUrl\":\"https:\\\/\\\/blancomania.hu\\\/blog\\\/wp-content\\\/uploads\\\/2018\\\/03\\\/Smeg_Dolce___Gabbana_egy-kiallitas-hutoi-.jpg\",\"width\":642,\"height\":529},{\"@type\":\"BreadcrumbList\",\"@id\":\"https:\\\/\\\/blancomania.hu\\\/blog\\\/smeg-dolcegabbana-a-konyhaban\\\/#breadcrumb\",\"itemListElement\":[{\"@type\":\"ListItem\",\"position\":1,\"name\":\"Kezd\u0151lap\",\"item\":\"https:\\\/\\\/blancomania.hu\\\/blog\\\/\"},{\"@type\":\"ListItem\",\"position\":2,\"name\":\"SMEG &#8211; Dolce&#038;Gabbana a konyh\u00e1ban\"}]},{\"@type\":\"WebSite\",\"@id\":\"https:\\\/\\\/blancomania.hu\\\/blog\\\/#website\",\"url\":\"https:\\\/\\\/blancomania.hu\\\/blog\\\/\",\"name\":\"Blanco M\u00e1nia\",\"description\":\"Blanco mosogat\u00f3 \u00e9s csaptelep web\u00e1ruh\u00e1z\",\"publisher\":{\"@id\":\"https:\\\/\\\/blancomania.hu\\\/blog\\\/#organization\"},\"potentialAction\":[{\"@type\":\"SearchAction\",\"target\":{\"@type\":\"EntryPoint\",\"urlTemplate\":\"https:\\\/\\\/blancomania.hu\\\/blog\\\/?s={search_term_string}\"},\"query-input\":{\"@type\":\"PropertyValueSpecification\",\"valueRequired\":true,\"valueName\":\"search_term_string\"}}],\"inLanguage\":\"hu\"},{\"@type\":\"Organization\",\"@id\":\"https:\\\/\\\/blancomania.hu\\\/blog\\\/#organization\",\"name\":\"Admir\u00e1l Studio Kft.\",\"url\":\"https:\\\/\\\/blancomania.hu\\\/blog\\\/\",\"logo\":{\"@type\":\"ImageObject\",\"inLanguage\":\"hu\",\"@id\":\"https:\\\/\\\/blancomania.hu\\\/blog\\\/#\\\/schema\\\/logo\\\/image\\\/\",\"url\":\"https:\\\/\\\/blancomania.hu\\\/blog\\\/wp-content\\\/uploads\\\/2023\\\/05\\\/logokek1-.png\",\"contentUrl\":\"https:\\\/\\\/blancomania.hu\\\/blog\\\/wp-content\\\/uploads\\\/2023\\\/05\\\/logokek1-.png\",\"width\":270,\"height\":45,\"caption\":\"Admir\u00e1l Studio Kft.\"},\"image\":{\"@id\":\"https:\\\/\\\/blancomania.hu\\\/blog\\\/#\\\/schema\\\/logo\\\/image\\\/\"},\"sameAs\":[\"https:\\\/\\\/www.facebook.com\\\/blancomania\",\"https:\\\/\\\/www.instagram.com\\\/admiral_studio\\\/\",\"https:\\\/\\\/www.youtube.com\\\/user\\\/AdmiralStudio\"]},{\"@type\":\"Person\",\"@id\":\"https:\\\/\\\/blancomania.hu\\\/blog\\\/#\\\/schema\\\/person\\\/c22e981578e80385e4a15462e64ea77b\",\"name\":\"M\u00e1nia Blanco\",\"image\":{\"@type\":\"ImageObject\",\"inLanguage\":\"hu\",\"@id\":\"https:\\\/\\\/secure.gravatar.com\\\/avatar\\\/2914c4f52946fbd7b006e423c11fe06f7f3867a87e3ad6ea5eb4cddd95c40476?s=96&d=mm&r=g\",\"url\":\"https:\\\/\\\/secure.gravatar.com\\\/avatar\\\/2914c4f52946fbd7b006e423c11fe06f7f3867a87e3ad6ea5eb4cddd95c40476?s=96&d=mm&r=g\",\"contentUrl\":\"https:\\\/\\\/secure.gravatar.com\\\/avatar\\\/2914c4f52946fbd7b006e423c11fe06f7f3867a87e3ad6ea5eb4cddd95c40476?s=96&d=mm&r=g\",\"caption\":\"M\u00e1nia Blanco\"},\"url\":\"https:\\\/\\\/blancomania.hu\\\/blog\\\/author\\\/blancomania\\\/\"}]}<\/script>\n<!-- \/ Yoast SEO plugin. -->","yoast_head_json":{"title":"SMEG - Dolce&Gabbana a konyh\u00e1ban - Blanco M\u00e1nia blog","robots":{"index":"index","follow":"follow","max-snippet":"max-snippet:-1","max-image-preview":"max-image-preview:large","max-video-preview":"max-video-preview:-1"},"canonical":"https:\/\/blancomania.hu\/blog\/smeg-dolcegabbana-a-konyhaban\/","og_locale":"hu_HU","og_type":"article","og_title":"SMEG - Dolce&Gabbana a konyh\u00e1ban - Blanco M\u00e1nia blog","og_description":"Ha Olaszorsz\u00e1g, akkor a diz\u00e1jn \u00e9s a szenved\u00e9ly k\u00e9zenfogva j\u00e1rnak. A SMEG Olaszorsz\u00e1g egyik legnagyobb pr\u00e9mium kateg\u00f3ri\u00e1s konyhag\u00e9p gy\u00e1rt\u00f3ja. A min\u0151s\u00e9gben, \u00f6tletekben \u00e9s a diz\u00e1jnban nem ismernek lehetetlent. Tudom, hogy nem mindennapi term\u00e9keket mutatok most nektek, de izgalmas \u00e9s \u00e9lvezetes v\u00e9gign\u00e9zni a SMEG Dolce&amp;Gabba \u00e1ltal tervezett FAB28 h\u0171t\u0151j\u00e9t \u00e9s a konyhai kisg\u00e9peit. A FAB28 retro [&hellip;]","og_url":"https:\/\/blancomania.hu\/blog\/smeg-dolcegabbana-a-konyhaban\/","og_site_name":"Blanco M\u00e1nia blog","article_publisher":"https:\/\/www.facebook.com\/blancomania","article_published_time":"2017-10-31T15:34:51+00:00","article_modified_time":"2023-06-14T09:11:56+00:00","og_image":[{"width":642,"height":529,"url":"https:\/\/blancomania.hu\/blog\/wp-content\/uploads\/2018\/03\/Smeg_Dolce___Gabbana_egy-kiallitas-hutoi-.jpg","type":"image\/jpeg"}],"author":"M\u00e1nia Blanco","twitter_card":"summary_large_image","twitter_misc":{"Szerz\u0151:":"M\u00e1nia Blanco","Becs\u00fclt olvas\u00e1si id\u0151":"2 perc"},"schema":{"@context":"https:\/\/schema.org","@graph":[{"@type":"Article","@id":"https:\/\/blancomania.hu\/blog\/smeg-dolcegabbana-a-konyhaban\/#article","isPartOf":{"@id":"https:\/\/blancomania.hu\/blog\/smeg-dolcegabbana-a-konyhaban\/"},"author":{"name":"M\u00e1nia Blanco","@id":"https:\/\/blancomania.hu\/blog\/#\/schema\/person\/c22e981578e80385e4a15462e64ea77b"},"headline":"SMEG &#8211; Dolce&#038;Gabbana a konyh\u00e1ban","datePublished":"2017-10-31T15:34:51+00:00","dateModified":"2023-06-14T09:11:56+00:00","mainEntityOfPage":{"@id":"https:\/\/blancomania.hu\/blog\/smeg-dolcegabbana-a-konyhaban\/"},"wordCount":477,"publisher":{"@id":"https:\/\/blancomania.hu\/blog\/#organization"},"image":{"@id":"https:\/\/blancomania.hu\/blog\/smeg-dolcegabbana-a-konyhaban\/#primaryimage"},"thumbnailUrl":"https:\/\/blancomania.hu\/blog\/wp-content\/uploads\/2018\/03\/Smeg_Dolce___Gabbana_egy-kiallitas-hutoi-.jpg","keywords":["dolce&amp;gabbana","keny\u00e9rpir\u00edt\u00f3","retro h\u0171t\u0151","Smeg","vizforralo"],"articleSection":["Konyhag\u00e9pek"],"inLanguage":"hu"},{"@type":"WebPage","@id":"https:\/\/blancomania.hu\/blog\/smeg-dolcegabbana-a-konyhaban\/","url":"https:\/\/blancomania.hu\/blog\/smeg-dolcegabbana-a-konyhaban\/","name":"SMEG - Dolce&Gabbana a konyh\u00e1ban - Blanco M\u00e1nia blog","isPartOf":{"@id":"https:\/\/blancomania.hu\/blog\/#website"},"primaryImageOfPage":{"@id":"https:\/\/blancomania.hu\/blog\/smeg-dolcegabbana-a-konyhaban\/#primaryimage"},"image":{"@id":"https:\/\/blancomania.hu\/blog\/smeg-dolcegabbana-a-konyhaban\/#primaryimage"},"thumbnailUrl":"https:\/\/blancomania.hu\/blog\/wp-content\/uploads\/2018\/03\/Smeg_Dolce___Gabbana_egy-kiallitas-hutoi-.jpg","datePublished":"2017-10-31T15:34:51+00:00","dateModified":"2023-06-14T09:11:56+00:00","breadcrumb":{"@id":"https:\/\/blancomania.hu\/blog\/smeg-dolcegabbana-a-konyhaban\/#breadcrumb"},"inLanguage":"hu","potentialAction":[{"@type":"ReadAction","target":["https:\/\/blancomania.hu\/blog\/smeg-dolcegabbana-a-konyhaban\/"]}]},{"@type":"ImageObject","inLanguage":"hu","@id":"https:\/\/blancomania.hu\/blog\/smeg-dolcegabbana-a-konyhaban\/#primaryimage","url":"https:\/\/blancomania.hu\/blog\/wp-content\/uploads\/2018\/03\/Smeg_Dolce___Gabbana_egy-kiallitas-hutoi-.jpg","contentUrl":"https:\/\/blancomania.hu\/blog\/wp-content\/uploads\/2018\/03\/Smeg_Dolce___Gabbana_egy-kiallitas-hutoi-.jpg","width":642,"height":529},{"@type":"BreadcrumbList","@id":"https:\/\/blancomania.hu\/blog\/smeg-dolcegabbana-a-konyhaban\/#breadcrumb","itemListElement":[{"@type":"ListItem","position":1,"name":"Kezd\u0151lap","item":"https:\/\/blancomania.hu\/blog\/"},{"@type":"ListItem","position":2,"name":"SMEG &#8211; Dolce&#038;Gabbana a konyh\u00e1ban"}]},{"@type":"WebSite","@id":"https:\/\/blancomania.hu\/blog\/#website","url":"https:\/\/blancomania.hu\/blog\/","name":"Blanco M\u00e1nia","description":"Blanco mosogat\u00f3 \u00e9s csaptelep web\u00e1ruh\u00e1z","publisher":{"@id":"https:\/\/blancomania.hu\/blog\/#organization"},"potentialAction":[{"@type":"SearchAction","target":{"@type":"EntryPoint","urlTemplate":"https:\/\/blancomania.hu\/blog\/?s={search_term_string}"},"query-input":{"@type":"PropertyValueSpecification","valueRequired":true,"valueName":"search_term_string"}}],"inLanguage":"hu"},{"@type":"Organization","@id":"https:\/\/blancomania.hu\/blog\/#organization","name":"Admir\u00e1l Studio Kft.","url":"https:\/\/blancomania.hu\/blog\/","logo":{"@type":"ImageObject","inLanguage":"hu","@id":"https:\/\/blancomania.hu\/blog\/#\/schema\/logo\/image\/","url":"https:\/\/blancomania.hu\/blog\/wp-content\/uploads\/2023\/05\/logokek1-.png","contentUrl":"https:\/\/blancomania.hu\/blog\/wp-content\/uploads\/2023\/05\/logokek1-.png","width":270,"height":45,"caption":"Admir\u00e1l Studio Kft."},"image":{"@id":"https:\/\/blancomania.hu\/blog\/#\/schema\/logo\/image\/"},"sameAs":["https:\/\/www.facebook.com\/blancomania","https:\/\/www.instagram.com\/admiral_studio\/","https:\/\/www.youtube.com\/user\/AdmiralStudio"]},{"@type":"Person","@id":"https:\/\/blancomania.hu\/blog\/#\/schema\/person\/c22e981578e80385e4a15462e64ea77b","name":"M\u00e1nia Blanco","image":{"@type":"ImageObject","inLanguage":"hu","@id":"https:\/\/secure.gravatar.com\/avatar\/2914c4f52946fbd7b006e423c11fe06f7f3867a87e3ad6ea5eb4cddd95c40476?s=96&d=mm&r=g","url":"https:\/\/secure.gravatar.com\/avatar\/2914c4f52946fbd7b006e423c11fe06f7f3867a87e3ad6ea5eb4cddd95c40476?s=96&d=mm&r=g","contentUrl":"https:\/\/secure.gravatar.com\/avatar\/2914c4f52946fbd7b006e423c11fe06f7f3867a87e3ad6ea5eb4cddd95c40476?s=96&d=mm&r=g","caption":"M\u00e1nia Blanco"},"url":"https:\/\/blancomania.hu\/blog\/author\/blancomania\/"}]}},"_links":{"self":[{"href":"https:\/\/blancomania.hu\/blog\/wp-json\/wp\/v2\/posts\/937","targetHints":{"allow":["GET"]}}],"collection":[{"href":"https:\/\/blancomania.hu\/blog\/wp-json\/wp\/v2\/posts"}],"about":[{"href":"https:\/\/blancomania.hu\/blog\/wp-json\/wp\/v2\/types\/post"}],"author":[{"embeddable":true,"href":"https:\/\/blancomania.hu\/blog\/wp-json\/wp\/v2\/users\/2"}],"replies":[{"embeddable":true,"href":"https:\/\/blancomania.hu\/blog\/wp-json\/wp\/v2\/comments?post=937"}],"version-history":[{"count":0,"href":"https:\/\/blancomania.hu\/blog\/wp-json\/wp\/v2\/posts\/937\/revisions"}],"wp:featuredmedia":[{"embeddable":true,"href":"https:\/\/blancomania.hu\/blog\/wp-json\/wp\/v2\/media\/2283"}],"wp:attachment":[{"href":"https:\/\/blancomania.hu\/blog\/wp-json\/wp\/v2\/media?parent=937"}],"wp:term":[{"taxonomy":"category","embeddable":true,"href":"https:\/\/blancomania.hu\/blog\/wp-json\/wp\/v2\/categories?post=937"},{"taxonomy":"post_tag","embeddable":true,"href":"https:\/\/blancomania.hu\/blog\/wp-json\/wp\/v2\/tags?post=937"}],"curies":[{"name":"wp","href":"https:\/\/api.w.org\/{rel}","templated":true}]}}