{"id":626,"date":"2016-05-31T15:09:35","date_gmt":"2016-05-31T13:09:35","guid":{"rendered":"http:\/\/www.blancomania.hu\/blog\/?p=626"},"modified":"2023-06-15T08:45:39","modified_gmt":"2023-06-15T06:45:39","slug":"blanco-mosogatok-blanco-andano-xl-6s-if-ujdonsag","status":"publish","type":"post","link":"https:\/\/blancomania.hu\/blog\/blanco-mosogatok-blanco-andano-xl-6s-if-ujdonsag\/","title":{"rendered":"Blanco mosogat\u00f3k-Blanco Andano XL 6S-IF-\u00fajdons\u00e1g"},"content":{"rendered":"<p style=\"text-align: justify;\">Az \u00fajdons\u00e1gok mindig izgalmasak \u00e9s a Blanco minden \u00e9vben el\u0151rukkol \u00faj term\u00e9kekkel. Amikor m\u00e1r azt gondolom, hogy nem, nem lehet ezt m\u00e1r fokozni, a mosogat\u00f3 \u00e9s csaptelep piacon nincs mit kital\u00e1lni, a<a href=\"https:\/\/blancomania.hu\/blanco\/\"> <strong>Blanco<\/strong> <\/a>erre rendre r\u00e1c\u00e1fol.<\/p>\n<p style=\"text-align: justify;\">A m\u00e9lt\u00e1n n\u00e9pszer\u0171 Andano rozsdamentes mosogat\u00f3csal\u00e1d b\u0151v\u00fclt most cseppt\u00e1lc\u00e1s verzi\u00f3val. Az eleg\u00e1ns <a href=\"https:\/\/blancomania.hu\/?s=andano\"><strong>Blanco Andano<\/strong>&nbsp;mosogat\u00f3k,<\/a> \u00e9s a s\u00edkba \u00e9p\u00edthet\u0151&nbsp;&#8222;IF&#8221; t\u00edpus mell\u00e9 meg\u00e9rkezett a <a href=\"https:\/\/blancomania.hu\/termek\/blanco-andano-xl-6s-if-rozsdamentes-acel-balos\/\"><strong>Blanco Andano XL 6S-IF \u00e9s a Compact<\/strong><\/a> v\u00e1ltozat.<\/p>\n<figure id=\"attachment_627\" aria-describedby=\"caption-attachment-627\" style=\"width: 300px\" class=\"wp-caption aligncenter\"><a href=\"http:\/\/www.blancomania.hu\/blog\/wp-content\/uploads\/2016\/05\/blanco-andano-XL-6S-IF.jpg\"><img fetchpriority=\"high\" decoding=\"async\" class=\"size-medium wp-image-627\" src=\"http:\/\/www.blancomania.hu\/blog\/wp-content\/uploads\/2016\/05\/blanco-andano-XL-6S-IF-300x213.jpg\" alt=\"Mosogat\u00f3 Blanco\" width=\"300\" height=\"213\"><\/a><figcaption id=\"caption-attachment-627\" class=\"wp-caption-text\">Blanco Andano XL 6S mosogat\u00f3<\/figcaption><\/figure>\n<p style=\"text-align: justify;\">A Blanco mosogat\u00f3k praktikus kieg\u00e9sz\u00edt\u0151i az edzett \u00fcvegb\u0151l k\u00e9sz\u00fclt v\u00e1g\u00f3lap \u00e9s a rozsdamentes t\u00e1l. Az Andano mosogat\u00f3hoz az eleg\u00e1ns Blanco Culina-S mini kr\u00f3m csaptelep kiv\u00e1l\u00f3 v\u00e1laszt\u00e1s. A m\u00e9ly medence \u00e9s a magas, \u00e1ll\u00edthat\u00f3 csaptelep a magas fazekak mosogat\u00e1s\u00e1t is megk\u00f6nny\u00edti.<\/p>\n<p>A <a href=\"https:\/\/blancomania.hu\/termek\/blanco-andano-xl-6s-if-compact-rozsdamentes-acel-jobbos\/\">Blanco Andano XL6-S IF Compact mosogat\u00f3<\/a> m\u00e9rete csak 860&#215;500 mm. A nagy medence maradt, viszont a csepegtet\u0151 r\u00e9sz kisebb, ez\u00e9rt nagyobb munkafel\u00fclet marad a konyhapulton.<\/p>\n<figure id=\"attachment_631\" aria-describedby=\"caption-attachment-631\" style=\"width: 300px\" class=\"wp-caption aligncenter\"><a href=\"http:\/\/www.blancomania.hu\/blog\/wp-content\/uploads\/2016\/05\/Blanco-Andano-XL-6S-IF-compact.jpg\"><img decoding=\"async\" class=\"size-medium wp-image-631\" src=\"http:\/\/www.blancomania.hu\/blog\/wp-content\/uploads\/2016\/05\/Blanco-Andano-XL-6S-IF-compact-300x208.jpg\" alt=\"Blanco Andano XL6S Compact mosogat\u00f3\" width=\"300\" height=\"208\" srcset=\"https:\/\/blancomania.hu\/blog\/wp-content\/uploads\/2016\/05\/Blanco-Andano-XL-6S-IF-compact-300x208.jpg 300w, https:\/\/blancomania.hu\/blog\/wp-content\/uploads\/2016\/05\/Blanco-Andano-XL-6S-IF-compact-624x434.jpg 624w, https:\/\/blancomania.hu\/blog\/wp-content\/uploads\/2016\/05\/Blanco-Andano-XL-6S-IF-compact.jpg 632w\" sizes=\"(max-width: 300px) 100vw, 300px\" \/><\/a><figcaption id=\"caption-attachment-631\" class=\"wp-caption-text\">Blanco Andano XL6S Compact mosogat\u00f3<\/figcaption><\/figure>\n<p>Mindk\u00e9t mosogat\u00f3 jobb \u00e9s bal oldali kivitelben rendelhet\u0151. A dug\u00f3kiemel\u0151 \u00e9s a multifunkci\u00f3s t\u00e1l alaptartoz\u00e9k, az \u00e9jk\u00e9k \u00fcveg v\u00e1g\u00f3lap k\u00fcl\u00f6n rendelhet\u0151. Mind a k\u00e9t mosogat\u00f3 2016. augusztus 31-ig az akci\u00f3s \u00e1ron rendelhet\u0151.<\/p>\n<p>Rendel\u00e9s\u00e9t leadhatja a <a href=\"https:\/\/blancomania.hu\/blanco\/\">Blancom\u00e1nia web\u00e1ruh\u00e1zban,<\/a> vagy <a href=\"https:\/\/blancomania.hu\/kapcsolat\/\">szem\u00e9lyesen budapesti<\/a> bemutat\u00f3term\u00fcnkben 1013 Budapest, Attila \u00fat 37. Tel.: 061 270 9051<\/p>\n<p>\u00dcdv.: Anik\u00f3<\/p>\n","protected":false},"excerpt":{"rendered":"<p>Az \u00fajdons\u00e1gok mindig izgalmasak \u00e9s a Blanco minden \u00e9vben el\u0151rukkol \u00faj term\u00e9kekkel. Amikor m\u00e1r azt gondolom, hogy nem, nem lehet ezt m\u00e1r fokozni, a mosogat\u00f3 \u00e9s csaptelep piacon nincs mit kital\u00e1lni, a Blanco erre rendre r\u00e1c\u00e1fol. A m\u00e9lt\u00e1n n\u00e9pszer\u0171 Andano rozsdamentes mosogat\u00f3csal\u00e1d b\u0151v\u00fclt most cseppt\u00e1lc\u00e1s verzi\u00f3val. Az eleg\u00e1ns Blanco Andano&nbsp;mosogat\u00f3k, \u00e9s a s\u00edkba \u00e9p\u00edthet\u0151&nbsp;&#8222;IF&#8221; t\u00edpus [&hellip;]<\/p>\n","protected":false},"author":2,"featured_media":2334,"comment_status":"open","ping_status":"open","sticky":false,"template":"","format":"standard","meta":{"footnotes":""},"categories":[249],"tags":[104,11,196,238,239,14,17],"class_list":["post-626","post","type-post","status-publish","format-standard","has-post-thumbnail","hentry","category-mosogatok","tag-blanco-bemutatoterem","tag-blanco-mosogato","tag-blanco-uzlet","tag-blancoandano","tag-blancorozsdamentes-mosogato","tag-mosogato","tag-mosogato-webaruhaz"],"yoast_head":"<!-- This site is optimized with the Yoast SEO plugin v27.4 - https:\/\/yoast.com\/product\/yoast-seo-wordpress\/ -->\n<title>Blanco mosogat\u00f3k-Blanco Andano XL 6S-IF-\u00fajdons\u00e1g - Blanco M\u00e1nia blog<\/title>\n<meta name=\"robots\" content=\"index, follow, max-snippet:-1, max-image-preview:large, max-video-preview:-1\" \/>\n<link rel=\"canonical\" href=\"https:\/\/blancomania.hu\/blog\/blanco-mosogatok-blanco-andano-xl-6s-if-ujdonsag\/\" \/>\n<meta property=\"og:locale\" content=\"hu_HU\" \/>\n<meta property=\"og:type\" content=\"article\" \/>\n<meta property=\"og:title\" content=\"Blanco mosogat\u00f3k-Blanco Andano XL 6S-IF-\u00fajdons\u00e1g - Blanco M\u00e1nia blog\" \/>\n<meta property=\"og:description\" content=\"Az \u00fajdons\u00e1gok mindig izgalmasak \u00e9s a Blanco minden \u00e9vben el\u0151rukkol \u00faj term\u00e9kekkel. Amikor m\u00e1r azt gondolom, hogy nem, nem lehet ezt m\u00e1r fokozni, a mosogat\u00f3 \u00e9s csaptelep piacon nincs mit kital\u00e1lni, a Blanco erre rendre r\u00e1c\u00e1fol. A m\u00e9lt\u00e1n n\u00e9pszer\u0171 Andano rozsdamentes mosogat\u00f3csal\u00e1d b\u0151v\u00fclt most cseppt\u00e1lc\u00e1s verzi\u00f3val. Az eleg\u00e1ns Blanco Andano&nbsp;mosogat\u00f3k, \u00e9s a s\u00edkba \u00e9p\u00edthet\u0151&nbsp;&#8222;IF&#8221; t\u00edpus [&hellip;]\" \/>\n<meta property=\"og:url\" content=\"https:\/\/blancomania.hu\/blog\/blanco-mosogatok-blanco-andano-xl-6s-if-ujdonsag\/\" \/>\n<meta property=\"og:site_name\" content=\"Blanco M\u00e1nia blog\" \/>\n<meta property=\"article:publisher\" content=\"https:\/\/www.facebook.com\/blancomania\" \/>\n<meta property=\"article:published_time\" content=\"2016-05-31T13:09:35+00:00\" \/>\n<meta property=\"article:modified_time\" content=\"2023-06-15T06:45:39+00:00\" \/>\n<meta property=\"og:image\" content=\"https:\/\/blancomania.hu\/blog\/wp-content\/uploads\/2016\/05\/blanco-andano-XL-6S-if-.jpg\" \/>\n\t<meta property=\"og:image:width\" content=\"800\" \/>\n\t<meta property=\"og:image:height\" content=\"570\" \/>\n\t<meta property=\"og:image:type\" content=\"image\/jpeg\" \/>\n<meta name=\"author\" content=\"M\u00e1nia Blanco\" \/>\n<meta name=\"twitter:card\" content=\"summary_large_image\" \/>\n<meta name=\"twitter:label1\" content=\"Szerz\u0151:\" \/>\n\t<meta name=\"twitter:data1\" content=\"M\u00e1nia Blanco\" \/>\n\t<meta name=\"twitter:label2\" content=\"Becs\u00fclt olvas\u00e1si id\u0151\" \/>\n\t<meta name=\"twitter:data2\" content=\"1 perc\" \/>\n<script type=\"application\/ld+json\" class=\"yoast-schema-graph\">{\"@context\":\"https:\\\/\\\/schema.org\",\"@graph\":[{\"@type\":\"Article\",\"@id\":\"https:\\\/\\\/blancomania.hu\\\/blog\\\/blanco-mosogatok-blanco-andano-xl-6s-if-ujdonsag\\\/#article\",\"isPartOf\":{\"@id\":\"https:\\\/\\\/blancomania.hu\\\/blog\\\/blanco-mosogatok-blanco-andano-xl-6s-if-ujdonsag\\\/\"},\"author\":{\"name\":\"M\u00e1nia Blanco\",\"@id\":\"https:\\\/\\\/blancomania.hu\\\/blog\\\/#\\\/schema\\\/person\\\/c22e981578e80385e4a15462e64ea77b\"},\"headline\":\"Blanco mosogat\u00f3k-Blanco Andano XL 6S-IF-\u00fajdons\u00e1g\",\"datePublished\":\"2016-05-31T13:09:35+00:00\",\"dateModified\":\"2023-06-15T06:45:39+00:00\",\"mainEntityOfPage\":{\"@id\":\"https:\\\/\\\/blancomania.hu\\\/blog\\\/blanco-mosogatok-blanco-andano-xl-6s-if-ujdonsag\\\/\"},\"wordCount\":287,\"commentCount\":0,\"publisher\":{\"@id\":\"https:\\\/\\\/blancomania.hu\\\/blog\\\/#organization\"},\"image\":{\"@id\":\"https:\\\/\\\/blancomania.hu\\\/blog\\\/blanco-mosogatok-blanco-andano-xl-6s-if-ujdonsag\\\/#primaryimage\"},\"thumbnailUrl\":\"https:\\\/\\\/blancomania.hu\\\/blog\\\/wp-content\\\/uploads\\\/2016\\\/05\\\/blanco-andano-XL-6S-if-.jpg\",\"keywords\":[\"Blanco bemutat\u00f3terem\",\"Blanco mosogat\u00f3\",\"blanco \u00fczlet\",\"blancoandano\",\"blancorozsdamentes mosogat\u00f3\",\"mosogat\u00f3\",\"mosogat\u00f3 web\u00e1ruh\u00e1z\"],\"articleSection\":[\"Mosogat\u00f3k\"],\"inLanguage\":\"hu\",\"potentialAction\":[{\"@type\":\"CommentAction\",\"name\":\"Comment\",\"target\":[\"https:\\\/\\\/blancomania.hu\\\/blog\\\/blanco-mosogatok-blanco-andano-xl-6s-if-ujdonsag\\\/#respond\"]}]},{\"@type\":\"WebPage\",\"@id\":\"https:\\\/\\\/blancomania.hu\\\/blog\\\/blanco-mosogatok-blanco-andano-xl-6s-if-ujdonsag\\\/\",\"url\":\"https:\\\/\\\/blancomania.hu\\\/blog\\\/blanco-mosogatok-blanco-andano-xl-6s-if-ujdonsag\\\/\",\"name\":\"Blanco mosogat\u00f3k-Blanco Andano XL 6S-IF-\u00fajdons\u00e1g - Blanco M\u00e1nia blog\",\"isPartOf\":{\"@id\":\"https:\\\/\\\/blancomania.hu\\\/blog\\\/#website\"},\"primaryImageOfPage\":{\"@id\":\"https:\\\/\\\/blancomania.hu\\\/blog\\\/blanco-mosogatok-blanco-andano-xl-6s-if-ujdonsag\\\/#primaryimage\"},\"image\":{\"@id\":\"https:\\\/\\\/blancomania.hu\\\/blog\\\/blanco-mosogatok-blanco-andano-xl-6s-if-ujdonsag\\\/#primaryimage\"},\"thumbnailUrl\":\"https:\\\/\\\/blancomania.hu\\\/blog\\\/wp-content\\\/uploads\\\/2016\\\/05\\\/blanco-andano-XL-6S-if-.jpg\",\"datePublished\":\"2016-05-31T13:09:35+00:00\",\"dateModified\":\"2023-06-15T06:45:39+00:00\",\"breadcrumb\":{\"@id\":\"https:\\\/\\\/blancomania.hu\\\/blog\\\/blanco-mosogatok-blanco-andano-xl-6s-if-ujdonsag\\\/#breadcrumb\"},\"inLanguage\":\"hu\",\"potentialAction\":[{\"@type\":\"ReadAction\",\"target\":[\"https:\\\/\\\/blancomania.hu\\\/blog\\\/blanco-mosogatok-blanco-andano-xl-6s-if-ujdonsag\\\/\"]}]},{\"@type\":\"ImageObject\",\"inLanguage\":\"hu\",\"@id\":\"https:\\\/\\\/blancomania.hu\\\/blog\\\/blanco-mosogatok-blanco-andano-xl-6s-if-ujdonsag\\\/#primaryimage\",\"url\":\"https:\\\/\\\/blancomania.hu\\\/blog\\\/wp-content\\\/uploads\\\/2016\\\/05\\\/blanco-andano-XL-6S-if-.jpg\",\"contentUrl\":\"https:\\\/\\\/blancomania.hu\\\/blog\\\/wp-content\\\/uploads\\\/2016\\\/05\\\/blanco-andano-XL-6S-if-.jpg\",\"width\":800,\"height\":570},{\"@type\":\"BreadcrumbList\",\"@id\":\"https:\\\/\\\/blancomania.hu\\\/blog\\\/blanco-mosogatok-blanco-andano-xl-6s-if-ujdonsag\\\/#breadcrumb\",\"itemListElement\":[{\"@type\":\"ListItem\",\"position\":1,\"name\":\"Kezd\u0151lap\",\"item\":\"https:\\\/\\\/blancomania.hu\\\/blog\\\/\"},{\"@type\":\"ListItem\",\"position\":2,\"name\":\"Blanco mosogat\u00f3k-Blanco Andano XL 6S-IF-\u00fajdons\u00e1g\"}]},{\"@type\":\"WebSite\",\"@id\":\"https:\\\/\\\/blancomania.hu\\\/blog\\\/#website\",\"url\":\"https:\\\/\\\/blancomania.hu\\\/blog\\\/\",\"name\":\"Blanco M\u00e1nia\",\"description\":\"Blanco mosogat\u00f3 \u00e9s csaptelep web\u00e1ruh\u00e1z\",\"publisher\":{\"@id\":\"https:\\\/\\\/blancomania.hu\\\/blog\\\/#organization\"},\"potentialAction\":[{\"@type\":\"SearchAction\",\"target\":{\"@type\":\"EntryPoint\",\"urlTemplate\":\"https:\\\/\\\/blancomania.hu\\\/blog\\\/?s={search_term_string}\"},\"query-input\":{\"@type\":\"PropertyValueSpecification\",\"valueRequired\":true,\"valueName\":\"search_term_string\"}}],\"inLanguage\":\"hu\"},{\"@type\":\"Organization\",\"@id\":\"https:\\\/\\\/blancomania.hu\\\/blog\\\/#organization\",\"name\":\"Admir\u00e1l Studio Kft.\",\"url\":\"https:\\\/\\\/blancomania.hu\\\/blog\\\/\",\"logo\":{\"@type\":\"ImageObject\",\"inLanguage\":\"hu\",\"@id\":\"https:\\\/\\\/blancomania.hu\\\/blog\\\/#\\\/schema\\\/logo\\\/image\\\/\",\"url\":\"https:\\\/\\\/blancomania.hu\\\/blog\\\/wp-content\\\/uploads\\\/2023\\\/05\\\/logokek1-.png\",\"contentUrl\":\"https:\\\/\\\/blancomania.hu\\\/blog\\\/wp-content\\\/uploads\\\/2023\\\/05\\\/logokek1-.png\",\"width\":270,\"height\":45,\"caption\":\"Admir\u00e1l Studio Kft.\"},\"image\":{\"@id\":\"https:\\\/\\\/blancomania.hu\\\/blog\\\/#\\\/schema\\\/logo\\\/image\\\/\"},\"sameAs\":[\"https:\\\/\\\/www.facebook.com\\\/blancomania\",\"https:\\\/\\\/www.instagram.com\\\/admiral_studio\\\/\",\"https:\\\/\\\/www.youtube.com\\\/user\\\/AdmiralStudio\"]},{\"@type\":\"Person\",\"@id\":\"https:\\\/\\\/blancomania.hu\\\/blog\\\/#\\\/schema\\\/person\\\/c22e981578e80385e4a15462e64ea77b\",\"name\":\"M\u00e1nia Blanco\",\"image\":{\"@type\":\"ImageObject\",\"inLanguage\":\"hu\",\"@id\":\"https:\\\/\\\/secure.gravatar.com\\\/avatar\\\/2914c4f52946fbd7b006e423c11fe06f7f3867a87e3ad6ea5eb4cddd95c40476?s=96&d=mm&r=g\",\"url\":\"https:\\\/\\\/secure.gravatar.com\\\/avatar\\\/2914c4f52946fbd7b006e423c11fe06f7f3867a87e3ad6ea5eb4cddd95c40476?s=96&d=mm&r=g\",\"contentUrl\":\"https:\\\/\\\/secure.gravatar.com\\\/avatar\\\/2914c4f52946fbd7b006e423c11fe06f7f3867a87e3ad6ea5eb4cddd95c40476?s=96&d=mm&r=g\",\"caption\":\"M\u00e1nia Blanco\"},\"url\":\"https:\\\/\\\/blancomania.hu\\\/blog\\\/author\\\/blancomania\\\/\"}]}<\/script>\n<!-- \/ Yoast SEO plugin. -->","yoast_head_json":{"title":"Blanco mosogat\u00f3k-Blanco Andano XL 6S-IF-\u00fajdons\u00e1g - Blanco M\u00e1nia blog","robots":{"index":"index","follow":"follow","max-snippet":"max-snippet:-1","max-image-preview":"max-image-preview:large","max-video-preview":"max-video-preview:-1"},"canonical":"https:\/\/blancomania.hu\/blog\/blanco-mosogatok-blanco-andano-xl-6s-if-ujdonsag\/","og_locale":"hu_HU","og_type":"article","og_title":"Blanco mosogat\u00f3k-Blanco Andano XL 6S-IF-\u00fajdons\u00e1g - Blanco M\u00e1nia blog","og_description":"Az \u00fajdons\u00e1gok mindig izgalmasak \u00e9s a Blanco minden \u00e9vben el\u0151rukkol \u00faj term\u00e9kekkel. Amikor m\u00e1r azt gondolom, hogy nem, nem lehet ezt m\u00e1r fokozni, a mosogat\u00f3 \u00e9s csaptelep piacon nincs mit kital\u00e1lni, a Blanco erre rendre r\u00e1c\u00e1fol. A m\u00e9lt\u00e1n n\u00e9pszer\u0171 Andano rozsdamentes mosogat\u00f3csal\u00e1d b\u0151v\u00fclt most cseppt\u00e1lc\u00e1s verzi\u00f3val. Az eleg\u00e1ns Blanco Andano&nbsp;mosogat\u00f3k, \u00e9s a s\u00edkba \u00e9p\u00edthet\u0151&nbsp;&#8222;IF&#8221; t\u00edpus [&hellip;]","og_url":"https:\/\/blancomania.hu\/blog\/blanco-mosogatok-blanco-andano-xl-6s-if-ujdonsag\/","og_site_name":"Blanco M\u00e1nia blog","article_publisher":"https:\/\/www.facebook.com\/blancomania","article_published_time":"2016-05-31T13:09:35+00:00","article_modified_time":"2023-06-15T06:45:39+00:00","og_image":[{"width":800,"height":570,"url":"https:\/\/blancomania.hu\/blog\/wp-content\/uploads\/2016\/05\/blanco-andano-XL-6S-if-.jpg","type":"image\/jpeg"}],"author":"M\u00e1nia Blanco","twitter_card":"summary_large_image","twitter_misc":{"Szerz\u0151:":"M\u00e1nia Blanco","Becs\u00fclt olvas\u00e1si id\u0151":"1 perc"},"schema":{"@context":"https:\/\/schema.org","@graph":[{"@type":"Article","@id":"https:\/\/blancomania.hu\/blog\/blanco-mosogatok-blanco-andano-xl-6s-if-ujdonsag\/#article","isPartOf":{"@id":"https:\/\/blancomania.hu\/blog\/blanco-mosogatok-blanco-andano-xl-6s-if-ujdonsag\/"},"author":{"name":"M\u00e1nia Blanco","@id":"https:\/\/blancomania.hu\/blog\/#\/schema\/person\/c22e981578e80385e4a15462e64ea77b"},"headline":"Blanco mosogat\u00f3k-Blanco Andano XL 6S-IF-\u00fajdons\u00e1g","datePublished":"2016-05-31T13:09:35+00:00","dateModified":"2023-06-15T06:45:39+00:00","mainEntityOfPage":{"@id":"https:\/\/blancomania.hu\/blog\/blanco-mosogatok-blanco-andano-xl-6s-if-ujdonsag\/"},"wordCount":287,"commentCount":0,"publisher":{"@id":"https:\/\/blancomania.hu\/blog\/#organization"},"image":{"@id":"https:\/\/blancomania.hu\/blog\/blanco-mosogatok-blanco-andano-xl-6s-if-ujdonsag\/#primaryimage"},"thumbnailUrl":"https:\/\/blancomania.hu\/blog\/wp-content\/uploads\/2016\/05\/blanco-andano-XL-6S-if-.jpg","keywords":["Blanco bemutat\u00f3terem","Blanco mosogat\u00f3","blanco \u00fczlet","blancoandano","blancorozsdamentes mosogat\u00f3","mosogat\u00f3","mosogat\u00f3 web\u00e1ruh\u00e1z"],"articleSection":["Mosogat\u00f3k"],"inLanguage":"hu","potentialAction":[{"@type":"CommentAction","name":"Comment","target":["https:\/\/blancomania.hu\/blog\/blanco-mosogatok-blanco-andano-xl-6s-if-ujdonsag\/#respond"]}]},{"@type":"WebPage","@id":"https:\/\/blancomania.hu\/blog\/blanco-mosogatok-blanco-andano-xl-6s-if-ujdonsag\/","url":"https:\/\/blancomania.hu\/blog\/blanco-mosogatok-blanco-andano-xl-6s-if-ujdonsag\/","name":"Blanco mosogat\u00f3k-Blanco Andano XL 6S-IF-\u00fajdons\u00e1g - Blanco M\u00e1nia blog","isPartOf":{"@id":"https:\/\/blancomania.hu\/blog\/#website"},"primaryImageOfPage":{"@id":"https:\/\/blancomania.hu\/blog\/blanco-mosogatok-blanco-andano-xl-6s-if-ujdonsag\/#primaryimage"},"image":{"@id":"https:\/\/blancomania.hu\/blog\/blanco-mosogatok-blanco-andano-xl-6s-if-ujdonsag\/#primaryimage"},"thumbnailUrl":"https:\/\/blancomania.hu\/blog\/wp-content\/uploads\/2016\/05\/blanco-andano-XL-6S-if-.jpg","datePublished":"2016-05-31T13:09:35+00:00","dateModified":"2023-06-15T06:45:39+00:00","breadcrumb":{"@id":"https:\/\/blancomania.hu\/blog\/blanco-mosogatok-blanco-andano-xl-6s-if-ujdonsag\/#breadcrumb"},"inLanguage":"hu","potentialAction":[{"@type":"ReadAction","target":["https:\/\/blancomania.hu\/blog\/blanco-mosogatok-blanco-andano-xl-6s-if-ujdonsag\/"]}]},{"@type":"ImageObject","inLanguage":"hu","@id":"https:\/\/blancomania.hu\/blog\/blanco-mosogatok-blanco-andano-xl-6s-if-ujdonsag\/#primaryimage","url":"https:\/\/blancomania.hu\/blog\/wp-content\/uploads\/2016\/05\/blanco-andano-XL-6S-if-.jpg","contentUrl":"https:\/\/blancomania.hu\/blog\/wp-content\/uploads\/2016\/05\/blanco-andano-XL-6S-if-.jpg","width":800,"height":570},{"@type":"BreadcrumbList","@id":"https:\/\/blancomania.hu\/blog\/blanco-mosogatok-blanco-andano-xl-6s-if-ujdonsag\/#breadcrumb","itemListElement":[{"@type":"ListItem","position":1,"name":"Kezd\u0151lap","item":"https:\/\/blancomania.hu\/blog\/"},{"@type":"ListItem","position":2,"name":"Blanco mosogat\u00f3k-Blanco Andano XL 6S-IF-\u00fajdons\u00e1g"}]},{"@type":"WebSite","@id":"https:\/\/blancomania.hu\/blog\/#website","url":"https:\/\/blancomania.hu\/blog\/","name":"Blanco M\u00e1nia","description":"Blanco mosogat\u00f3 \u00e9s csaptelep web\u00e1ruh\u00e1z","publisher":{"@id":"https:\/\/blancomania.hu\/blog\/#organization"},"potentialAction":[{"@type":"SearchAction","target":{"@type":"EntryPoint","urlTemplate":"https:\/\/blancomania.hu\/blog\/?s={search_term_string}"},"query-input":{"@type":"PropertyValueSpecification","valueRequired":true,"valueName":"search_term_string"}}],"inLanguage":"hu"},{"@type":"Organization","@id":"https:\/\/blancomania.hu\/blog\/#organization","name":"Admir\u00e1l Studio Kft.","url":"https:\/\/blancomania.hu\/blog\/","logo":{"@type":"ImageObject","inLanguage":"hu","@id":"https:\/\/blancomania.hu\/blog\/#\/schema\/logo\/image\/","url":"https:\/\/blancomania.hu\/blog\/wp-content\/uploads\/2023\/05\/logokek1-.png","contentUrl":"https:\/\/blancomania.hu\/blog\/wp-content\/uploads\/2023\/05\/logokek1-.png","width":270,"height":45,"caption":"Admir\u00e1l Studio Kft."},"image":{"@id":"https:\/\/blancomania.hu\/blog\/#\/schema\/logo\/image\/"},"sameAs":["https:\/\/www.facebook.com\/blancomania","https:\/\/www.instagram.com\/admiral_studio\/","https:\/\/www.youtube.com\/user\/AdmiralStudio"]},{"@type":"Person","@id":"https:\/\/blancomania.hu\/blog\/#\/schema\/person\/c22e981578e80385e4a15462e64ea77b","name":"M\u00e1nia Blanco","image":{"@type":"ImageObject","inLanguage":"hu","@id":"https:\/\/secure.gravatar.com\/avatar\/2914c4f52946fbd7b006e423c11fe06f7f3867a87e3ad6ea5eb4cddd95c40476?s=96&d=mm&r=g","url":"https:\/\/secure.gravatar.com\/avatar\/2914c4f52946fbd7b006e423c11fe06f7f3867a87e3ad6ea5eb4cddd95c40476?s=96&d=mm&r=g","contentUrl":"https:\/\/secure.gravatar.com\/avatar\/2914c4f52946fbd7b006e423c11fe06f7f3867a87e3ad6ea5eb4cddd95c40476?s=96&d=mm&r=g","caption":"M\u00e1nia Blanco"},"url":"https:\/\/blancomania.hu\/blog\/author\/blancomania\/"}]}},"_links":{"self":[{"href":"https:\/\/blancomania.hu\/blog\/wp-json\/wp\/v2\/posts\/626","targetHints":{"allow":["GET"]}}],"collection":[{"href":"https:\/\/blancomania.hu\/blog\/wp-json\/wp\/v2\/posts"}],"about":[{"href":"https:\/\/blancomania.hu\/blog\/wp-json\/wp\/v2\/types\/post"}],"author":[{"embeddable":true,"href":"https:\/\/blancomania.hu\/blog\/wp-json\/wp\/v2\/users\/2"}],"replies":[{"embeddable":true,"href":"https:\/\/blancomania.hu\/blog\/wp-json\/wp\/v2\/comments?post=626"}],"version-history":[{"count":0,"href":"https:\/\/blancomania.hu\/blog\/wp-json\/wp\/v2\/posts\/626\/revisions"}],"wp:featuredmedia":[{"embeddable":true,"href":"https:\/\/blancomania.hu\/blog\/wp-json\/wp\/v2\/media\/2334"}],"wp:attachment":[{"href":"https:\/\/blancomania.hu\/blog\/wp-json\/wp\/v2\/media?parent=626"}],"wp:term":[{"taxonomy":"category","embeddable":true,"href":"https:\/\/blancomania.hu\/blog\/wp-json\/wp\/v2\/categories?post=626"},{"taxonomy":"post_tag","embeddable":true,"href":"https:\/\/blancomania.hu\/blog\/wp-json\/wp\/v2\/tags?post=626"}],"curies":[{"name":"wp","href":"https:\/\/api.w.org\/{rel}","templated":true}]}}