{"id":619,"date":"2016-03-06T15:30:49","date_gmt":"2016-03-06T14:30:49","guid":{"rendered":"http:\/\/www.blancomania.hu\/blog\/?p=619"},"modified":"2023-06-15T08:50:40","modified_gmt":"2023-06-15T06:50:40","slug":"a-helytakarekos-szifon-esete-a-vizszerelovel-es-velem","status":"publish","type":"post","link":"https:\/\/blancomania.hu\/blog\/a-helytakarekos-szifon-esete-a-vizszerelovel-es-velem\/","title":{"rendered":"A helytakar\u00e9kos szifon esete a v\u00edzszerel\u0151vel \u00e9s velem :-)"},"content":{"rendered":"<p style=\"text-align: justify;\">H\u00faz\u00f3s hetek m\u00f6g\u00f6ttem. V\u00e9gre szombat! Lesz, ami lesz, alszom ameddig csak lehet. Hab\u00e1r lebeg a szemem el\u0151tt a szombati bev\u00e1s\u00e1rl\u00e1s \u00e9s a h\u00e9tv\u00e9gi men\u00fc, az\u00e9rt \u00fagy \u00e9rzem meg\u00e9rdemlem a lazul\u00e1st. Lazulok!<\/p>\n<figure id=\"attachment_620\" aria-describedby=\"caption-attachment-620\" style=\"width: 270px\" class=\"wp-caption aligncenter\"><a href=\"http:\/\/www.blancomania.hu\/blog\/wp-content\/uploads\/2016\/03\/womendreambeachgirlseawoman-7ade34fd1a598d77167596821592d11c_h.jpg\"><img fetchpriority=\"high\" decoding=\"async\" class=\"size-medium wp-image-620\" src=\"http:\/\/www.blancomania.hu\/blog\/wp-content\/uploads\/2016\/03\/womendreambeachgirlseawoman-7ade34fd1a598d77167596821592d11c_h-270x300.jpg\" alt=\"\u00cdgy pr\u00f3b\u00e1ltam lazulni :-)\" width=\"270\" height=\"300\" srcset=\"https:\/\/blancomania.hu\/blog\/wp-content\/uploads\/2016\/03\/womendreambeachgirlseawoman-7ade34fd1a598d77167596821592d11c_h-270x300.jpg 270w, https:\/\/blancomania.hu\/blog\/wp-content\/uploads\/2016\/03\/womendreambeachgirlseawoman-7ade34fd1a598d77167596821592d11c_h.jpg 450w\" sizes=\"(max-width: 270px) 100vw, 270px\" \/><\/a><figcaption id=\"caption-attachment-620\" class=\"wp-caption-text\">\u00cdgy pr\u00f3b\u00e1ltam lazulni \ud83d\ude42<\/figcaption><\/figure>\n<p style=\"text-align: justify;\">F\u00e9l kilenckor a telefon ord\u00edt\u00e1s\u00e1ra \u00e9bredek. Ismeretlen sz\u00e1m, tuti hogy Vev\u0151. Hangpr\u00f3ba az \u00e1gyban fekve, pr\u00f3b\u00e1lok \u00fagy besz\u00e9lni, mint aki m\u00e1r r\u00e9gen \u00e9bren van \u00e9s t\u00fal van egy habos capuccinon.<\/p>\n<p style=\"text-align: justify;\"><a href=\"http:\/\/www.blancomania.hu\/blog\/wp-content\/uploads\/2016\/03\/0fe75-shutterstock_122766643.jpg\"><img decoding=\"async\" class=\"aligncenter size-medium wp-image-621\" src=\"http:\/\/www.blancomania.hu\/blog\/wp-content\/uploads\/2016\/03\/0fe75-shutterstock_122766643-300x249.jpg\" alt=\"0fe75-shutterstock_122766643\" width=\"300\" height=\"249\" srcset=\"https:\/\/blancomania.hu\/blog\/wp-content\/uploads\/2016\/03\/0fe75-shutterstock_122766643-300x249.jpg 300w, https:\/\/blancomania.hu\/blog\/wp-content\/uploads\/2016\/03\/0fe75-shutterstock_122766643-624x519.jpg 624w, https:\/\/blancomania.hu\/blog\/wp-content\/uploads\/2016\/03\/0fe75-shutterstock_122766643.jpg 1000w\" sizes=\"(max-width: 300px) 100vw, 300px\" \/><\/a><\/p>\n<p style=\"text-align: justify;\">K\u00e9ts\u00e9gbeesett hang sz\u00f3l a t\u00faloldalr\u00f3l:<\/p>\n<p style=\"text-align: justify;\">&#8211; Azonnal sz\u00fcks\u00e9gem van egy <a href=\"https:\/\/blancomania.hu\/termek\/helytakarekos-buzelzaro-szifon\/\">bizonyos helytakar\u00e9kos szifonra<\/a>, amit csak a <a href=\"https:\/\/blancomania.hu\/kapcsolat\/\">Blanco bemutat\u00f3teremben lehet kapni<\/a>. A v\u00edzszerel\u0151k nem tudj\u00e1k bek\u00f6tni a Blanco mosogat\u00f3t. Most k\u00e9sz\u00fclt el a konyh\u00e1m, j\u00f3 sokba ker\u00fclt \u00e9s itt \u00e1llunk szombaton egy nem m\u0171k\u00f6d\u0151 konyh\u00e1val. Mindez D\u00f6rgics\u00e9n.<\/p>\n<p style=\"text-align: justify;\">Fel\u00e9bredtem! D\u00f6rgicse a kedvenc helyem, a ny\u00e1r j\u00f3 r\u00e9sz\u00e9t test\u00fcletileg ott t\u00f6ltj\u00fck. Akkor seg\u00edts\u00e9g indul! Elmondom, hogy az a <a href=\"https:\/\/blancomania.hu\/termek\/helytakarekos-buzelzaro-szifon\/\">bizonyos helytakar\u00e9kos szifon<\/a> nem k\u00fcl\u00f6nleges, b\u00e1rmelyik szerelv\u00e9nyboltban, vagy OBI \u00e1ruh\u00e1zban kaphat\u00f3 \u00e9s a v\u00edzszerel\u0151knek ismerni\u00fck kell. (Hab\u00e1r ezzel kapcsolatban nagyon komoly k\u00e9ts\u00e9geim vannak !)<\/p>\n<p style=\"text-align: justify;\">V\u00e1lasz: &#8211; Nem, a v\u00edzszerel\u0151k nem ismerik, s\u0151t m\u00e9g be\u00e9p\u00edthet\u0151 <a href=\"https:\/\/blancomania.hu\/blanco\/hulladektarolo\/\">Blanco szemetessel<\/a> sem tal\u00e1lkoztak.<\/p>\n<p style=\"text-align: justify;\">Szemem se rebben m\u00e1r ezen! A tapasztalatunk szerint t\u00edzb\u0151l csak h\u00e1rom v\u00edzszerel\u0151 ismeri \u00e9s tudja beszerelni a vizet, ha<a href=\"https:\/\/blancomania.hu\/blanco\/hulladektarolo\/\"> be\u00e9p\u00edtett szelekt\u00edv hullad\u00e9kgy\u0171jt\u0151<\/a> van a konyhab\u00fatorban. Ez nagyon rossz ar\u00e1ny \u00e9s nagyon sok bossz\u00fas\u00e1g a megrendel\u0151nek. Pl\u00e1ne, ha neki kell a<a href=\"https:\/\/blancomania.hu\/termek\/helytakarekos-buzelzaro-szifon\/\"> helytakar\u00e9kos szifon<\/a> ut\u00e1n rohang\u00e1lni! Az Admiral Studio ennek elker\u00fcl\u00e9se \u00e9rdek\u00e9ben a konyhab\u00fator szerel\u00e9ssel egy id\u0151ben bek\u00f6ti a vizet , a f\u0151z\u0151lapot, p\u00e1raelsz\u00edv\u00f3t.<\/p>\n<p style=\"text-align: justify;\"><a href=\"https:\/\/blancomania.hu\/termek\/helytakarekos-buzelzaro-szifon\/\">N\u00e9zz\u00fck mire j\u00f3 \u00e9s mikor kell a helytakar\u00e9kos szifon:<\/a><\/p>\n<p style=\"text-align: justify;\">&#8211; Helytakar\u00e9kos szifonra van sz\u00fcks\u00e9g a mosogat\u00f3 bek\u00f6t\u00e9s\u00e9hez, ha be\u00e9p\u00edtett szemetes van a mosogat\u00f3s elemben<\/p>\n<p style=\"text-align: justify;\">&#8211; az\u00e9rt van erre sz\u00fcks\u00e9g, mert az elemei elforgathat\u00f3k \u00e9s nem zavarj\u00e1k a szemetes m\u0171k\u00f6d\u00e9s\u00e9t<\/p>\n<p style=\"text-align: justify;\">&#8211; korrekt bek\u00f6t\u00e9st biztos\u00edt a mosogat\u00f3nak s a mosogat\u00f3g\u00e9pnek egyar\u00e1nt<\/p>\n<p style=\"text-align: justify;\">&#8211; az \u00f6sszeszerel\u00e9si \u00e1bra alapj\u00e1n k\u00f6nnyen, egyszer\u0171en szerelhet\u0151 ( persze, ha a szerel\u00e9si utas\u00edt\u00e1s \u00e9rtelmez\u00e9se el\u0151tt nem f\u0171r\u00e9szelj\u00fck t\u00f6bb darabra a cs\u00f6veket, majd sz\u00e9tt\u00e1rjuk a kez\u00fcnket&#8230;Hmm ez \u00edgy r\u00f6vid \u00e9s nem j\u00f3 \ud83d\ude42 )<\/p>\n<p style=\"text-align: justify;\">Sz\u00e1momra alap, hogy a probl\u00e9m\u00e1n nem sz\u00e9tt\u00e1rom a kezem \u00e9s h\u00fcmm\u00fcg\u00f6k, hanem megoldom. Ha m\u00e1shogy nem, h\u00e1t a j\u00f3zan paraszti \u00e9sszel. A helytakar\u00e9kos szifon nem az \u00f6rd\u00f6gt\u0151l val\u00f3. B\u00e1rhol kaphat\u00f3, kb. 1.500 Ft.<\/p>\n<figure id=\"attachment_622\" aria-describedby=\"caption-attachment-622\" style=\"width: 300px\" class=\"wp-caption aligncenter\"><a href=\"http:\/\/www.blancomania.hu\/blog\/wp-content\/uploads\/2016\/03\/Csoszifon_normal-800x800.jpg\"><img decoding=\"async\" class=\"size-medium wp-image-622\" src=\"http:\/\/www.blancomania.hu\/blog\/wp-content\/uploads\/2016\/03\/Csoszifon_normal-800x800-300x300.jpg\" alt=\"A helytakar\u00e9kos szifon nem \u00f6rd\u00f6gt\u0151l val\u00f3 :-)\" width=\"300\" height=\"300\" srcset=\"https:\/\/blancomania.hu\/blog\/wp-content\/uploads\/2016\/03\/Csoszifon_normal-800x800-300x300.jpg 300w, https:\/\/blancomania.hu\/blog\/wp-content\/uploads\/2016\/03\/Csoszifon_normal-800x800-150x150.jpg 150w, https:\/\/blancomania.hu\/blog\/wp-content\/uploads\/2016\/03\/Csoszifon_normal-800x800-624x624.jpg 624w, https:\/\/blancomania.hu\/blog\/wp-content\/uploads\/2016\/03\/Csoszifon_normal-800x800.jpg 800w\" sizes=\"(max-width: 300px) 100vw, 300px\" \/><\/a><figcaption id=\"caption-attachment-622\" class=\"wp-caption-text\">A helytakar\u00e9kos szifon nem \u00f6rd\u00f6gt\u0151l val\u00f3 \ud83d\ude42<\/figcaption><\/figure>\n<figure id=\"attachment_624\" aria-describedby=\"caption-attachment-624\" style=\"width: 300px\" class=\"wp-caption aligncenter\"><a href=\"http:\/\/www.blancomania.hu\/blog\/wp-content\/uploads\/2016\/03\/delta_gf.jpg\"><img loading=\"lazy\" decoding=\"async\" class=\"size-medium wp-image-624\" src=\"http:\/\/www.blancomania.hu\/blog\/wp-content\/uploads\/2016\/03\/delta_gf-300x204.jpg\" alt=\"L\u00e1tod, ennyire egyszer\u0171\" width=\"300\" height=\"204\" srcset=\"https:\/\/blancomania.hu\/blog\/wp-content\/uploads\/2016\/03\/delta_gf-300x204.jpg 300w, https:\/\/blancomania.hu\/blog\/wp-content\/uploads\/2016\/03\/delta_gf.jpg 369w\" sizes=\"(max-width: 300px) 100vw, 300px\" \/><\/a><figcaption id=\"caption-attachment-624\" class=\"wp-caption-text\">L\u00e1tod, ennyire egyszer\u0171<\/figcaption><\/figure>\n<p>A<a href=\"http:\/\/www.admiralstudio.hu\"> profi konyhast\u00fadi\u00f3k<\/a> az elk\u00e9sz\u00fclt konyhab\u00fatort bek\u00f6t\u00f6tt \u00e9s m\u0171k\u00f6d\u0151 mosogat\u00f3val , m\u0171k\u00f6d\u0151 konyhag\u00e9pekkel adj\u00e1k \u00e1t a megrendel\u0151 r\u00e9sz\u00e9re.<\/p>\n<p><a href=\"https:\/\/blancomania.hu\/kapcsolat\/\">Blanco \u00fczlet\u00fcnk: 1013 Budapest, Attila \u00fat 37.<\/a><\/p>\n<p>\u00dcdv: Anik\u00f3<\/p>\n","protected":false},"excerpt":{"rendered":"<p>H\u00faz\u00f3s hetek m\u00f6g\u00f6ttem. V\u00e9gre szombat! Lesz, ami lesz, alszom ameddig csak lehet. Hab\u00e1r lebeg a szemem el\u0151tt a szombati bev\u00e1s\u00e1rl\u00e1s \u00e9s a h\u00e9tv\u00e9gi men\u00fc, az\u00e9rt \u00fagy \u00e9rzem meg\u00e9rdemlem a lazul\u00e1st. Lazulok! F\u00e9l kilenckor a telefon ord\u00edt\u00e1s\u00e1ra \u00e9bredek. Ismeretlen sz\u00e1m, tuti hogy Vev\u0151. Hangpr\u00f3ba az \u00e1gyban fekve, pr\u00f3b\u00e1lok \u00fagy besz\u00e9lni, mint aki m\u00e1r r\u00e9gen \u00e9bren van [&hellip;]<\/p>\n","protected":false},"author":2,"featured_media":2365,"comment_status":"open","ping_status":"open","sticky":false,"template":"","format":"standard","meta":{"footnotes":""},"categories":[249],"tags":[11,121,123,120,122],"class_list":["post-619","post","type-post","status-publish","format-standard","has-post-thumbnail","hentry","category-mosogatok","tag-blanco-mosogato","tag-blanco-szifon","tag-blanco-szifon-bekotes","tag-helytakarekos-szifon","tag-mosogato-helytakarekos"],"yoast_head":"<!-- This site is optimized with the Yoast SEO plugin v27.4 - https:\/\/yoast.com\/product\/yoast-seo-wordpress\/ -->\n<title>A helytakar\u00e9kos szifon esete a v\u00edzszerel\u0151vel \u00e9s velem :-) - Blanco M\u00e1nia blog<\/title>\n<meta name=\"robots\" content=\"index, follow, max-snippet:-1, max-image-preview:large, max-video-preview:-1\" \/>\n<link rel=\"canonical\" href=\"https:\/\/blancomania.hu\/blog\/a-helytakarekos-szifon-esete-a-vizszerelovel-es-velem\/\" \/>\n<meta property=\"og:locale\" content=\"hu_HU\" \/>\n<meta property=\"og:type\" content=\"article\" \/>\n<meta property=\"og:title\" content=\"A helytakar\u00e9kos szifon esete a v\u00edzszerel\u0151vel \u00e9s velem :-) - Blanco M\u00e1nia blog\" \/>\n<meta property=\"og:description\" content=\"H\u00faz\u00f3s hetek m\u00f6g\u00f6ttem. V\u00e9gre szombat! Lesz, ami lesz, alszom ameddig csak lehet. Hab\u00e1r lebeg a szemem el\u0151tt a szombati bev\u00e1s\u00e1rl\u00e1s \u00e9s a h\u00e9tv\u00e9gi men\u00fc, az\u00e9rt \u00fagy \u00e9rzem meg\u00e9rdemlem a lazul\u00e1st. Lazulok! F\u00e9l kilenckor a telefon ord\u00edt\u00e1s\u00e1ra \u00e9bredek. Ismeretlen sz\u00e1m, tuti hogy Vev\u0151. Hangpr\u00f3ba az \u00e1gyban fekve, pr\u00f3b\u00e1lok \u00fagy besz\u00e9lni, mint aki m\u00e1r r\u00e9gen \u00e9bren van [&hellip;]\" \/>\n<meta property=\"og:url\" content=\"https:\/\/blancomania.hu\/blog\/a-helytakarekos-szifon-esete-a-vizszerelovel-es-velem\/\" \/>\n<meta property=\"og:site_name\" content=\"Blanco M\u00e1nia blog\" \/>\n<meta property=\"article:publisher\" content=\"https:\/\/www.facebook.com\/blancomania\" \/>\n<meta property=\"article:published_time\" content=\"2016-03-06T14:30:49+00:00\" \/>\n<meta property=\"article:modified_time\" content=\"2023-06-15T06:50:40+00:00\" \/>\n<meta property=\"og:image\" content=\"https:\/\/blancomania.hu\/blog\/wp-content\/uploads\/2016\/03\/helytakarekos-szifon-1.png\" \/>\n\t<meta property=\"og:image:width\" content=\"800\" \/>\n\t<meta property=\"og:image:height\" content=\"800\" \/>\n\t<meta property=\"og:image:type\" content=\"image\/png\" \/>\n<meta name=\"author\" content=\"M\u00e1nia Blanco\" \/>\n<meta name=\"twitter:card\" content=\"summary_large_image\" \/>\n<meta name=\"twitter:label1\" content=\"Szerz\u0151:\" \/>\n\t<meta name=\"twitter:data1\" content=\"M\u00e1nia Blanco\" \/>\n\t<meta name=\"twitter:label2\" content=\"Becs\u00fclt olvas\u00e1si id\u0151\" \/>\n\t<meta name=\"twitter:data2\" content=\"3 perc\" \/>\n<script type=\"application\/ld+json\" class=\"yoast-schema-graph\">{\"@context\":\"https:\\\/\\\/schema.org\",\"@graph\":[{\"@type\":\"Article\",\"@id\":\"https:\\\/\\\/blancomania.hu\\\/blog\\\/a-helytakarekos-szifon-esete-a-vizszerelovel-es-velem\\\/#article\",\"isPartOf\":{\"@id\":\"https:\\\/\\\/blancomania.hu\\\/blog\\\/a-helytakarekos-szifon-esete-a-vizszerelovel-es-velem\\\/\"},\"author\":{\"name\":\"M\u00e1nia Blanco\",\"@id\":\"https:\\\/\\\/blancomania.hu\\\/blog\\\/#\\\/schema\\\/person\\\/c22e981578e80385e4a15462e64ea77b\"},\"headline\":\"A helytakar\u00e9kos szifon esete a v\u00edzszerel\u0151vel \u00e9s velem :-)\",\"datePublished\":\"2016-03-06T14:30:49+00:00\",\"dateModified\":\"2023-06-15T06:50:40+00:00\",\"mainEntityOfPage\":{\"@id\":\"https:\\\/\\\/blancomania.hu\\\/blog\\\/a-helytakarekos-szifon-esete-a-vizszerelovel-es-velem\\\/\"},\"wordCount\":604,\"commentCount\":0,\"publisher\":{\"@id\":\"https:\\\/\\\/blancomania.hu\\\/blog\\\/#organization\"},\"image\":{\"@id\":\"https:\\\/\\\/blancomania.hu\\\/blog\\\/a-helytakarekos-szifon-esete-a-vizszerelovel-es-velem\\\/#primaryimage\"},\"thumbnailUrl\":\"https:\\\/\\\/blancomania.hu\\\/blog\\\/wp-content\\\/uploads\\\/2016\\\/03\\\/helytakarekos-szifon-1.png\",\"keywords\":[\"Blanco mosogat\u00f3\",\"Blanco szifon\",\"Blanco szifon bek\u00f6t\u00e9s\",\"helytakar\u00e9kos szifon\",\"mosogat\u00f3 helytakar\u00e9kos\"],\"articleSection\":[\"Mosogat\u00f3k\"],\"inLanguage\":\"hu\",\"potentialAction\":[{\"@type\":\"CommentAction\",\"name\":\"Comment\",\"target\":[\"https:\\\/\\\/blancomania.hu\\\/blog\\\/a-helytakarekos-szifon-esete-a-vizszerelovel-es-velem\\\/#respond\"]}]},{\"@type\":\"WebPage\",\"@id\":\"https:\\\/\\\/blancomania.hu\\\/blog\\\/a-helytakarekos-szifon-esete-a-vizszerelovel-es-velem\\\/\",\"url\":\"https:\\\/\\\/blancomania.hu\\\/blog\\\/a-helytakarekos-szifon-esete-a-vizszerelovel-es-velem\\\/\",\"name\":\"A helytakar\u00e9kos szifon esete a v\u00edzszerel\u0151vel \u00e9s velem :-) - Blanco M\u00e1nia blog\",\"isPartOf\":{\"@id\":\"https:\\\/\\\/blancomania.hu\\\/blog\\\/#website\"},\"primaryImageOfPage\":{\"@id\":\"https:\\\/\\\/blancomania.hu\\\/blog\\\/a-helytakarekos-szifon-esete-a-vizszerelovel-es-velem\\\/#primaryimage\"},\"image\":{\"@id\":\"https:\\\/\\\/blancomania.hu\\\/blog\\\/a-helytakarekos-szifon-esete-a-vizszerelovel-es-velem\\\/#primaryimage\"},\"thumbnailUrl\":\"https:\\\/\\\/blancomania.hu\\\/blog\\\/wp-content\\\/uploads\\\/2016\\\/03\\\/helytakarekos-szifon-1.png\",\"datePublished\":\"2016-03-06T14:30:49+00:00\",\"dateModified\":\"2023-06-15T06:50:40+00:00\",\"breadcrumb\":{\"@id\":\"https:\\\/\\\/blancomania.hu\\\/blog\\\/a-helytakarekos-szifon-esete-a-vizszerelovel-es-velem\\\/#breadcrumb\"},\"inLanguage\":\"hu\",\"potentialAction\":[{\"@type\":\"ReadAction\",\"target\":[\"https:\\\/\\\/blancomania.hu\\\/blog\\\/a-helytakarekos-szifon-esete-a-vizszerelovel-es-velem\\\/\"]}]},{\"@type\":\"ImageObject\",\"inLanguage\":\"hu\",\"@id\":\"https:\\\/\\\/blancomania.hu\\\/blog\\\/a-helytakarekos-szifon-esete-a-vizszerelovel-es-velem\\\/#primaryimage\",\"url\":\"https:\\\/\\\/blancomania.hu\\\/blog\\\/wp-content\\\/uploads\\\/2016\\\/03\\\/helytakarekos-szifon-1.png\",\"contentUrl\":\"https:\\\/\\\/blancomania.hu\\\/blog\\\/wp-content\\\/uploads\\\/2016\\\/03\\\/helytakarekos-szifon-1.png\",\"width\":800,\"height\":800},{\"@type\":\"BreadcrumbList\",\"@id\":\"https:\\\/\\\/blancomania.hu\\\/blog\\\/a-helytakarekos-szifon-esete-a-vizszerelovel-es-velem\\\/#breadcrumb\",\"itemListElement\":[{\"@type\":\"ListItem\",\"position\":1,\"name\":\"Kezd\u0151lap\",\"item\":\"https:\\\/\\\/blancomania.hu\\\/blog\\\/\"},{\"@type\":\"ListItem\",\"position\":2,\"name\":\"A helytakar\u00e9kos szifon esete a v\u00edzszerel\u0151vel \u00e9s velem :-)\"}]},{\"@type\":\"WebSite\",\"@id\":\"https:\\\/\\\/blancomania.hu\\\/blog\\\/#website\",\"url\":\"https:\\\/\\\/blancomania.hu\\\/blog\\\/\",\"name\":\"Blanco M\u00e1nia\",\"description\":\"Blanco mosogat\u00f3 \u00e9s csaptelep web\u00e1ruh\u00e1z\",\"publisher\":{\"@id\":\"https:\\\/\\\/blancomania.hu\\\/blog\\\/#organization\"},\"potentialAction\":[{\"@type\":\"SearchAction\",\"target\":{\"@type\":\"EntryPoint\",\"urlTemplate\":\"https:\\\/\\\/blancomania.hu\\\/blog\\\/?s={search_term_string}\"},\"query-input\":{\"@type\":\"PropertyValueSpecification\",\"valueRequired\":true,\"valueName\":\"search_term_string\"}}],\"inLanguage\":\"hu\"},{\"@type\":\"Organization\",\"@id\":\"https:\\\/\\\/blancomania.hu\\\/blog\\\/#organization\",\"name\":\"Admir\u00e1l Studio Kft.\",\"url\":\"https:\\\/\\\/blancomania.hu\\\/blog\\\/\",\"logo\":{\"@type\":\"ImageObject\",\"inLanguage\":\"hu\",\"@id\":\"https:\\\/\\\/blancomania.hu\\\/blog\\\/#\\\/schema\\\/logo\\\/image\\\/\",\"url\":\"https:\\\/\\\/blancomania.hu\\\/blog\\\/wp-content\\\/uploads\\\/2023\\\/05\\\/logokek1-.png\",\"contentUrl\":\"https:\\\/\\\/blancomania.hu\\\/blog\\\/wp-content\\\/uploads\\\/2023\\\/05\\\/logokek1-.png\",\"width\":270,\"height\":45,\"caption\":\"Admir\u00e1l Studio Kft.\"},\"image\":{\"@id\":\"https:\\\/\\\/blancomania.hu\\\/blog\\\/#\\\/schema\\\/logo\\\/image\\\/\"},\"sameAs\":[\"https:\\\/\\\/www.facebook.com\\\/blancomania\",\"https:\\\/\\\/www.instagram.com\\\/admiral_studio\\\/\",\"https:\\\/\\\/www.youtube.com\\\/user\\\/AdmiralStudio\"]},{\"@type\":\"Person\",\"@id\":\"https:\\\/\\\/blancomania.hu\\\/blog\\\/#\\\/schema\\\/person\\\/c22e981578e80385e4a15462e64ea77b\",\"name\":\"M\u00e1nia Blanco\",\"image\":{\"@type\":\"ImageObject\",\"inLanguage\":\"hu\",\"@id\":\"https:\\\/\\\/secure.gravatar.com\\\/avatar\\\/2914c4f52946fbd7b006e423c11fe06f7f3867a87e3ad6ea5eb4cddd95c40476?s=96&d=mm&r=g\",\"url\":\"https:\\\/\\\/secure.gravatar.com\\\/avatar\\\/2914c4f52946fbd7b006e423c11fe06f7f3867a87e3ad6ea5eb4cddd95c40476?s=96&d=mm&r=g\",\"contentUrl\":\"https:\\\/\\\/secure.gravatar.com\\\/avatar\\\/2914c4f52946fbd7b006e423c11fe06f7f3867a87e3ad6ea5eb4cddd95c40476?s=96&d=mm&r=g\",\"caption\":\"M\u00e1nia Blanco\"},\"url\":\"https:\\\/\\\/blancomania.hu\\\/blog\\\/author\\\/blancomania\\\/\"}]}<\/script>\n<!-- \/ Yoast SEO plugin. -->","yoast_head_json":{"title":"A helytakar\u00e9kos szifon esete a v\u00edzszerel\u0151vel \u00e9s velem :-) - Blanco M\u00e1nia blog","robots":{"index":"index","follow":"follow","max-snippet":"max-snippet:-1","max-image-preview":"max-image-preview:large","max-video-preview":"max-video-preview:-1"},"canonical":"https:\/\/blancomania.hu\/blog\/a-helytakarekos-szifon-esete-a-vizszerelovel-es-velem\/","og_locale":"hu_HU","og_type":"article","og_title":"A helytakar\u00e9kos szifon esete a v\u00edzszerel\u0151vel \u00e9s velem :-) - Blanco M\u00e1nia blog","og_description":"H\u00faz\u00f3s hetek m\u00f6g\u00f6ttem. V\u00e9gre szombat! Lesz, ami lesz, alszom ameddig csak lehet. Hab\u00e1r lebeg a szemem el\u0151tt a szombati bev\u00e1s\u00e1rl\u00e1s \u00e9s a h\u00e9tv\u00e9gi men\u00fc, az\u00e9rt \u00fagy \u00e9rzem meg\u00e9rdemlem a lazul\u00e1st. Lazulok! F\u00e9l kilenckor a telefon ord\u00edt\u00e1s\u00e1ra \u00e9bredek. Ismeretlen sz\u00e1m, tuti hogy Vev\u0151. Hangpr\u00f3ba az \u00e1gyban fekve, pr\u00f3b\u00e1lok \u00fagy besz\u00e9lni, mint aki m\u00e1r r\u00e9gen \u00e9bren van [&hellip;]","og_url":"https:\/\/blancomania.hu\/blog\/a-helytakarekos-szifon-esete-a-vizszerelovel-es-velem\/","og_site_name":"Blanco M\u00e1nia blog","article_publisher":"https:\/\/www.facebook.com\/blancomania","article_published_time":"2016-03-06T14:30:49+00:00","article_modified_time":"2023-06-15T06:50:40+00:00","og_image":[{"width":800,"height":800,"url":"https:\/\/blancomania.hu\/blog\/wp-content\/uploads\/2016\/03\/helytakarekos-szifon-1.png","type":"image\/png"}],"author":"M\u00e1nia Blanco","twitter_card":"summary_large_image","twitter_misc":{"Szerz\u0151:":"M\u00e1nia Blanco","Becs\u00fclt olvas\u00e1si id\u0151":"3 perc"},"schema":{"@context":"https:\/\/schema.org","@graph":[{"@type":"Article","@id":"https:\/\/blancomania.hu\/blog\/a-helytakarekos-szifon-esete-a-vizszerelovel-es-velem\/#article","isPartOf":{"@id":"https:\/\/blancomania.hu\/blog\/a-helytakarekos-szifon-esete-a-vizszerelovel-es-velem\/"},"author":{"name":"M\u00e1nia Blanco","@id":"https:\/\/blancomania.hu\/blog\/#\/schema\/person\/c22e981578e80385e4a15462e64ea77b"},"headline":"A helytakar\u00e9kos szifon esete a v\u00edzszerel\u0151vel \u00e9s velem :-)","datePublished":"2016-03-06T14:30:49+00:00","dateModified":"2023-06-15T06:50:40+00:00","mainEntityOfPage":{"@id":"https:\/\/blancomania.hu\/blog\/a-helytakarekos-szifon-esete-a-vizszerelovel-es-velem\/"},"wordCount":604,"commentCount":0,"publisher":{"@id":"https:\/\/blancomania.hu\/blog\/#organization"},"image":{"@id":"https:\/\/blancomania.hu\/blog\/a-helytakarekos-szifon-esete-a-vizszerelovel-es-velem\/#primaryimage"},"thumbnailUrl":"https:\/\/blancomania.hu\/blog\/wp-content\/uploads\/2016\/03\/helytakarekos-szifon-1.png","keywords":["Blanco mosogat\u00f3","Blanco szifon","Blanco szifon bek\u00f6t\u00e9s","helytakar\u00e9kos szifon","mosogat\u00f3 helytakar\u00e9kos"],"articleSection":["Mosogat\u00f3k"],"inLanguage":"hu","potentialAction":[{"@type":"CommentAction","name":"Comment","target":["https:\/\/blancomania.hu\/blog\/a-helytakarekos-szifon-esete-a-vizszerelovel-es-velem\/#respond"]}]},{"@type":"WebPage","@id":"https:\/\/blancomania.hu\/blog\/a-helytakarekos-szifon-esete-a-vizszerelovel-es-velem\/","url":"https:\/\/blancomania.hu\/blog\/a-helytakarekos-szifon-esete-a-vizszerelovel-es-velem\/","name":"A helytakar\u00e9kos szifon esete a v\u00edzszerel\u0151vel \u00e9s velem :-) - Blanco M\u00e1nia blog","isPartOf":{"@id":"https:\/\/blancomania.hu\/blog\/#website"},"primaryImageOfPage":{"@id":"https:\/\/blancomania.hu\/blog\/a-helytakarekos-szifon-esete-a-vizszerelovel-es-velem\/#primaryimage"},"image":{"@id":"https:\/\/blancomania.hu\/blog\/a-helytakarekos-szifon-esete-a-vizszerelovel-es-velem\/#primaryimage"},"thumbnailUrl":"https:\/\/blancomania.hu\/blog\/wp-content\/uploads\/2016\/03\/helytakarekos-szifon-1.png","datePublished":"2016-03-06T14:30:49+00:00","dateModified":"2023-06-15T06:50:40+00:00","breadcrumb":{"@id":"https:\/\/blancomania.hu\/blog\/a-helytakarekos-szifon-esete-a-vizszerelovel-es-velem\/#breadcrumb"},"inLanguage":"hu","potentialAction":[{"@type":"ReadAction","target":["https:\/\/blancomania.hu\/blog\/a-helytakarekos-szifon-esete-a-vizszerelovel-es-velem\/"]}]},{"@type":"ImageObject","inLanguage":"hu","@id":"https:\/\/blancomania.hu\/blog\/a-helytakarekos-szifon-esete-a-vizszerelovel-es-velem\/#primaryimage","url":"https:\/\/blancomania.hu\/blog\/wp-content\/uploads\/2016\/03\/helytakarekos-szifon-1.png","contentUrl":"https:\/\/blancomania.hu\/blog\/wp-content\/uploads\/2016\/03\/helytakarekos-szifon-1.png","width":800,"height":800},{"@type":"BreadcrumbList","@id":"https:\/\/blancomania.hu\/blog\/a-helytakarekos-szifon-esete-a-vizszerelovel-es-velem\/#breadcrumb","itemListElement":[{"@type":"ListItem","position":1,"name":"Kezd\u0151lap","item":"https:\/\/blancomania.hu\/blog\/"},{"@type":"ListItem","position":2,"name":"A helytakar\u00e9kos szifon esete a v\u00edzszerel\u0151vel \u00e9s velem :-)"}]},{"@type":"WebSite","@id":"https:\/\/blancomania.hu\/blog\/#website","url":"https:\/\/blancomania.hu\/blog\/","name":"Blanco M\u00e1nia","description":"Blanco mosogat\u00f3 \u00e9s csaptelep web\u00e1ruh\u00e1z","publisher":{"@id":"https:\/\/blancomania.hu\/blog\/#organization"},"potentialAction":[{"@type":"SearchAction","target":{"@type":"EntryPoint","urlTemplate":"https:\/\/blancomania.hu\/blog\/?s={search_term_string}"},"query-input":{"@type":"PropertyValueSpecification","valueRequired":true,"valueName":"search_term_string"}}],"inLanguage":"hu"},{"@type":"Organization","@id":"https:\/\/blancomania.hu\/blog\/#organization","name":"Admir\u00e1l Studio Kft.","url":"https:\/\/blancomania.hu\/blog\/","logo":{"@type":"ImageObject","inLanguage":"hu","@id":"https:\/\/blancomania.hu\/blog\/#\/schema\/logo\/image\/","url":"https:\/\/blancomania.hu\/blog\/wp-content\/uploads\/2023\/05\/logokek1-.png","contentUrl":"https:\/\/blancomania.hu\/blog\/wp-content\/uploads\/2023\/05\/logokek1-.png","width":270,"height":45,"caption":"Admir\u00e1l Studio Kft."},"image":{"@id":"https:\/\/blancomania.hu\/blog\/#\/schema\/logo\/image\/"},"sameAs":["https:\/\/www.facebook.com\/blancomania","https:\/\/www.instagram.com\/admiral_studio\/","https:\/\/www.youtube.com\/user\/AdmiralStudio"]},{"@type":"Person","@id":"https:\/\/blancomania.hu\/blog\/#\/schema\/person\/c22e981578e80385e4a15462e64ea77b","name":"M\u00e1nia Blanco","image":{"@type":"ImageObject","inLanguage":"hu","@id":"https:\/\/secure.gravatar.com\/avatar\/2914c4f52946fbd7b006e423c11fe06f7f3867a87e3ad6ea5eb4cddd95c40476?s=96&d=mm&r=g","url":"https:\/\/secure.gravatar.com\/avatar\/2914c4f52946fbd7b006e423c11fe06f7f3867a87e3ad6ea5eb4cddd95c40476?s=96&d=mm&r=g","contentUrl":"https:\/\/secure.gravatar.com\/avatar\/2914c4f52946fbd7b006e423c11fe06f7f3867a87e3ad6ea5eb4cddd95c40476?s=96&d=mm&r=g","caption":"M\u00e1nia Blanco"},"url":"https:\/\/blancomania.hu\/blog\/author\/blancomania\/"}]}},"_links":{"self":[{"href":"https:\/\/blancomania.hu\/blog\/wp-json\/wp\/v2\/posts\/619","targetHints":{"allow":["GET"]}}],"collection":[{"href":"https:\/\/blancomania.hu\/blog\/wp-json\/wp\/v2\/posts"}],"about":[{"href":"https:\/\/blancomania.hu\/blog\/wp-json\/wp\/v2\/types\/post"}],"author":[{"embeddable":true,"href":"https:\/\/blancomania.hu\/blog\/wp-json\/wp\/v2\/users\/2"}],"replies":[{"embeddable":true,"href":"https:\/\/blancomania.hu\/blog\/wp-json\/wp\/v2\/comments?post=619"}],"version-history":[{"count":0,"href":"https:\/\/blancomania.hu\/blog\/wp-json\/wp\/v2\/posts\/619\/revisions"}],"wp:featuredmedia":[{"embeddable":true,"href":"https:\/\/blancomania.hu\/blog\/wp-json\/wp\/v2\/media\/2365"}],"wp:attachment":[{"href":"https:\/\/blancomania.hu\/blog\/wp-json\/wp\/v2\/media?parent=619"}],"wp:term":[{"taxonomy":"category","embeddable":true,"href":"https:\/\/blancomania.hu\/blog\/wp-json\/wp\/v2\/categories?post=619"},{"taxonomy":"post_tag","embeddable":true,"href":"https:\/\/blancomania.hu\/blog\/wp-json\/wp\/v2\/tags?post=619"}],"curies":[{"name":"wp","href":"https:\/\/api.w.org\/{rel}","templated":true}]}}