{"id":5380,"date":"2025-07-21T07:23:35","date_gmt":"2025-07-21T05:23:35","guid":{"rendered":"https:\/\/blancomania.hu\/blog\/?p=5380"},"modified":"2025-07-21T09:04:17","modified_gmt":"2025-07-21T07:04:17","slug":"elica-faliparaelszivok-ahol-a-levego-stilust-kap","status":"publish","type":"post","link":"https:\/\/blancomania.hu\/blog\/elica-faliparaelszivok-ahol-a-levego-stilust-kap\/","title":{"rendered":"Elica falip\u00e1raelsz\u00edv\u00f3k &#8211; ahol a leveg\u0151 st\u00edlust kap"},"content":{"rendered":"\t\t<div data-elementor-type=\"wp-post\" data-elementor-id=\"5380\" class=\"elementor elementor-5380\" data-elementor-post-type=\"post\">\n\t\t\t\t\t\t<section class=\"elementor-section elementor-top-section elementor-element elementor-element-a0a0c98 elementor-section-boxed elementor-section-height-default elementor-section-height-default\" data-id=\"a0a0c98\" data-element_type=\"section\" data-e-type=\"section\">\n\t\t\t\t\t\t<div class=\"elementor-container elementor-column-gap-default\">\n\t\t\t\t\t<div class=\"elementor-column elementor-col-50 elementor-top-column elementor-element elementor-element-efd70cf\" data-id=\"efd70cf\" data-element_type=\"column\" data-e-type=\"column\">\n\t\t\t<div class=\"elementor-widget-wrap elementor-element-populated\">\n\t\t\t\t\t\t<div class=\"elementor-element elementor-element-685abbd elementor-widget elementor-widget-image\" data-id=\"685abbd\" data-element_type=\"widget\" data-e-type=\"widget\" data-widget_type=\"image.default\">\n\t\t\t\t<div class=\"elementor-widget-container\">\n\t\t\t\t\t\t\t\t\t\t\t\t\t\t\t<img fetchpriority=\"high\" decoding=\"async\" width=\"1032\" height=\"1032\" src=\"https:\/\/blancomania.hu\/blog\/wp-content\/uploads\/2025\/07\/elica-haiku.webp\" class=\"attachment-full size-full wp-image-5382\" alt=\"\" srcset=\"https:\/\/blancomania.hu\/blog\/wp-content\/uploads\/2025\/07\/elica-haiku.webp 1032w, https:\/\/blancomania.hu\/blog\/wp-content\/uploads\/2025\/07\/elica-haiku-300x300.webp 300w, https:\/\/blancomania.hu\/blog\/wp-content\/uploads\/2025\/07\/elica-haiku-1024x1024.webp 1024w, https:\/\/blancomania.hu\/blog\/wp-content\/uploads\/2025\/07\/elica-haiku-150x150.webp 150w, https:\/\/blancomania.hu\/blog\/wp-content\/uploads\/2025\/07\/elica-haiku-768x768.webp 768w\" sizes=\"(max-width: 1032px) 100vw, 1032px\" \/>\t\t\t\t\t\t\t\t\t\t\t\t\t\t\t<\/div>\n\t\t\t\t<\/div>\n\t\t\t\t\t<\/div>\n\t\t<\/div>\n\t\t\t\t<div class=\"elementor-column elementor-col-50 elementor-top-column elementor-element elementor-element-c71e269\" data-id=\"c71e269\" data-element_type=\"column\" data-e-type=\"column\">\n\t\t\t<div class=\"elementor-widget-wrap elementor-element-populated\">\n\t\t\t\t\t\t<div class=\"elementor-element elementor-element-b773602 elementor-widget elementor-widget-heading\" data-id=\"b773602\" data-element_type=\"widget\" data-e-type=\"widget\" data-widget_type=\"heading.default\">\n\t\t\t\t<div class=\"elementor-widget-container\">\n\t\t\t\t\t<h1 class=\"elementor-heading-title elementor-size-default\">Elica fali p\u00e1raelsz\u00edv\u00f3k - ahol a leveg\u0151 st\u00edlust kap<\/h1>\t\t\t\t<\/div>\n\t\t\t\t<\/div>\n\t\t\t\t<div class=\"elementor-element elementor-element-2bc600b elementor-widget elementor-widget-heading\" data-id=\"2bc600b\" data-element_type=\"widget\" data-e-type=\"widget\" data-widget_type=\"heading.default\">\n\t\t\t\t<div class=\"elementor-widget-container\">\n\t\t\t\t\t<h2 class=\"elementor-heading-title elementor-size-default\">Blanco Bemutat\u00f3terem \u00e9s \u00fczlet<\/h2>\t\t\t\t<\/div>\n\t\t\t\t<\/div>\n\t\t\t\t\t<\/div>\n\t\t<\/div>\n\t\t\t\t\t<\/div>\n\t\t<\/section>\n\t\t\t\t<section class=\"elementor-section elementor-top-section elementor-element elementor-element-6652729 elementor-section-boxed elementor-section-height-default elementor-section-height-default\" data-id=\"6652729\" data-element_type=\"section\" data-e-type=\"section\" data-settings=\"{&quot;background_background&quot;:&quot;gradient&quot;}\">\n\t\t\t\t\t\t<div class=\"elementor-container elementor-column-gap-default\">\n\t\t\t\t\t<div class=\"elementor-column elementor-col-50 elementor-top-column elementor-element elementor-element-3ad1a5b\" data-id=\"3ad1a5b\" data-element_type=\"column\" data-e-type=\"column\">\n\t\t\t<div class=\"elementor-widget-wrap elementor-element-populated\">\n\t\t\t\t\t\t<div class=\"elementor-element elementor-element-d2ef1d1 elementor-widget elementor-widget-image\" data-id=\"d2ef1d1\" data-element_type=\"widget\" data-e-type=\"widget\" data-widget_type=\"image.default\">\n\t\t\t\t<div class=\"elementor-widget-container\">\n\t\t\t\t\t\t\t\t\t\t\t\t\t\t\t<img decoding=\"async\" width=\"1998\" height=\"2015\" src=\"https:\/\/blancomania.hu\/blog\/wp-content\/uploads\/2024\/03\/Aniko3-1.jpg\" class=\"attachment-full size-full wp-image-3621\" alt=\"\" srcset=\"https:\/\/blancomania.hu\/blog\/wp-content\/uploads\/2024\/03\/Aniko3-1.jpg 1998w, https:\/\/blancomania.hu\/blog\/wp-content\/uploads\/2024\/03\/Aniko3-1-297x300.jpg 297w, https:\/\/blancomania.hu\/blog\/wp-content\/uploads\/2024\/03\/Aniko3-1-1015x1024.jpg 1015w, https:\/\/blancomania.hu\/blog\/wp-content\/uploads\/2024\/03\/Aniko3-1-150x150.jpg 150w, https:\/\/blancomania.hu\/blog\/wp-content\/uploads\/2024\/03\/Aniko3-1-768x775.jpg 768w, https:\/\/blancomania.hu\/blog\/wp-content\/uploads\/2024\/03\/Aniko3-1-1523x1536.jpg 1523w\" sizes=\"(max-width: 1998px) 100vw, 1998px\" \/>\t\t\t\t\t\t\t\t\t\t\t\t\t\t\t<\/div>\n\t\t\t\t<\/div>\n\t\t\t\t\t<\/div>\n\t\t<\/div>\n\t\t\t\t<div class=\"elementor-column elementor-col-50 elementor-top-column elementor-element elementor-element-cc22124\" data-id=\"cc22124\" data-element_type=\"column\" data-e-type=\"column\">\n\t\t\t<div class=\"elementor-widget-wrap elementor-element-populated\">\n\t\t\t\t\t\t<div class=\"elementor-element elementor-element-4a9cb8a elementor-widget elementor-widget-text-editor\" data-id=\"4a9cb8a\" data-element_type=\"widget\" data-e-type=\"widget\" data-widget_type=\"text-editor.default\">\n\t\t\t\t<div class=\"elementor-widget-container\">\n\t\t\t\t\t\t\t\t\t<p>\u00cdrta: Kar\u00e1csony Anik\u00f3<\/p>\t\t\t\t\t\t\t\t<\/div>\n\t\t\t\t<\/div>\n\t\t\t\t\t<\/div>\n\t\t<\/div>\n\t\t\t\t\t<\/div>\n\t\t<\/section>\n\t\t\t\t<section class=\"elementor-section elementor-top-section elementor-element elementor-element-8cdc370 elementor-section-boxed elementor-section-height-default elementor-section-height-default\" data-id=\"8cdc370\" data-element_type=\"section\" data-e-type=\"section\">\n\t\t\t\t\t\t<div class=\"elementor-container elementor-column-gap-default\">\n\t\t\t\t\t<div class=\"elementor-column elementor-col-100 elementor-top-column elementor-element elementor-element-4ab83f0\" data-id=\"4ab83f0\" data-element_type=\"column\" data-e-type=\"column\">\n\t\t\t<div class=\"elementor-widget-wrap elementor-element-populated\">\n\t\t\t\t\t\t<div class=\"elementor-element elementor-element-e544004 elementor-widget elementor-widget-text-editor\" data-id=\"e544004\" data-element_type=\"widget\" data-e-type=\"widget\" data-widget_type=\"text-editor.default\">\n\t\t\t\t<div class=\"elementor-widget-container\">\n\t\t\t\t\t\t\t\t\t<p>A modern otthon k\u00f6zpontja egyre ink\u00e1bb a konyha, ami nem csup\u00e1n f\u0151z\u0151t\u00e9r, hanem egy olyan inspir\u00e1l\u00f3 \u00e9lett\u00e9r, ahol a design \u00e9s a funkcionalit\u00e1s k\u00e9z a k\u00e9zben j\u00e1r. Ezt az ig\u00e9nyt emeli m\u0171v\u00e9szi szintre az Elica, az olasz p\u00e1raelsz\u00edv\u00f3-gy\u00e1rt\u00e1s ikonikus szerepl\u0151je, amely a technol\u00f3gia \u00e9s a formatervez\u00e9s hat\u00e1rait feszegetve \u00fajradefini\u00e1lja a konyhai p\u00e1raelsz\u00edv\u00e1s fogalm\u00e1t.<\/p><p>Az Elica 1970 \u00f3ta a vil\u00e1g egyik vezet\u0151 p\u00e1raelsz\u00edv\u00f3-specialist\u00e1ja melynek term\u00e9keiben a k\u00e9zm\u0171ves min\u0151s\u00e9g \u00e9s a prec\u00edz m\u00e9rn\u00f6ki tud\u00e1s gener\u00e1ci\u00f3k \u00f3ta tal\u00e1lkozik egym\u00e1ssal. A m\u00e1rka nem csup\u00e1n egy ipari gy\u00e1rt\u00f3, hanem innov\u00e1tor, design-labor \u00e9s technol\u00f3giai \u00e9llovas is egyben.\u00a0<\/p><p>Az elm\u00falt \u00e9vtizedekben sz\u00e1mos nemzetk\u00f6zi formatervez\u00e9si d\u00edjat nyert \u2013 t\u00f6bbek k\u00f6zt Red Dot, iF \u00e9s Compasso d\u2019Oro elismer\u00e9seket, \u00edgy nem meglep\u0151, hogy neve m\u00e1ra egyet jelent a kifinomult, olasz \u00e9let\u00e9rz\u00e9ssel.<\/p><p>K\u00edn\u00e1latukban megtal\u00e1lhat\u00f3k a mennyezeti, be\u00e9p\u00edtett, sziget, fali, valamint a f\u0151z\u0151lapba integr\u00e1lt (downdraft \u00e9s kombi) p\u00e1raelsz\u00edv\u00f3k is. A v\u00e1laszt\u00e9k minden esetben a funkci\u00f3 \u00e9s a forma harm\u00f3ni\u00e1j\u00e1ra \u00e9p\u00fcl: legyen sz\u00f3 ak\u00e1r letisztult minimalizmusr\u00f3l, ak\u00e1r l\u00e1tv\u00e1nyos, szoborszer\u0171 megjelen\u00e9sr\u0151l, az Elica mindig kompromisszummentes megold\u00e1st k\u00edn\u00e1l.<\/p><p>A m\u00e1rka folyamatosan figyelemmel k\u00eds\u00e9ri a lakberendez\u00e9si trendeket \u2013 \u00edgy j\u00f6hettek l\u00e9tre olyan egyedi kollekci\u00f3k is, mint a &#8222;Architectural&#8221; vagy az &#8222;Iconic&#8221;, melyek m\u00e1r-m\u00e1r m\u0171alkot\u00e1sk\u00e9nt illeszkednek a konyhai enteri\u0151rbe.<\/p>\t\t\t\t\t\t\t\t<\/div>\n\t\t\t\t<\/div>\n\t\t\t\t\t<\/div>\n\t\t<\/div>\n\t\t\t\t\t<\/div>\n\t\t<\/section>\n\t\t\t\t<section class=\"elementor-section elementor-top-section elementor-element elementor-element-594a0c9 elementor-section-boxed elementor-section-height-default elementor-section-height-default\" data-id=\"594a0c9\" data-element_type=\"section\" data-e-type=\"section\">\n\t\t\t\t\t\t\t<div class=\"elementor-background-overlay\"><\/div>\n\t\t\t\t\t\t\t<div class=\"elementor-container elementor-column-gap-default\">\n\t\t\t\t\t<div class=\"elementor-column elementor-col-50 elementor-top-column elementor-element elementor-element-b2020db\" data-id=\"b2020db\" data-element_type=\"column\" data-e-type=\"column\">\n\t\t\t<div class=\"elementor-widget-wrap elementor-element-populated\">\n\t\t\t\t\t\t<div class=\"elementor-element elementor-element-b181c94 elementor-widget elementor-widget-heading\" data-id=\"b181c94\" data-element_type=\"widget\" data-e-type=\"widget\" data-widget_type=\"heading.default\">\n\t\t\t\t<div class=\"elementor-widget-container\">\n\t\t\t\t\t<h2 class=\"elementor-heading-title elementor-size-default\">F\u00f3kuszban a fali p\u00e1raelsz\u00edv\u00f3k<\/h2>\t\t\t\t<\/div>\n\t\t\t\t<\/div>\n\t\t\t\t<div class=\"elementor-element elementor-element-5d77bf6 elementor-widget elementor-widget-text-editor\" data-id=\"5d77bf6\" data-element_type=\"widget\" data-e-type=\"widget\" data-widget_type=\"text-editor.default\">\n\t\t\t\t<div class=\"elementor-widget-container\">\n\t\t\t\t\t\t\t\t\t<p>A fali elsz\u00edv\u00f3k azok sz\u00e1m\u00e1ra k\u00e9sz\u00fclnek, akik a teret vizu\u00e1lisan is karakteres m\u00f3don szeretn\u00e9k berendezni,\u00a0 vagy ahol ha a fels\u0151 szekr\u00e9nyek hely\u00e9t tudatosan szeretn\u00e9nk megt\u00f6rni egy szoborszer\u0171, designkieg\u00e9sz\u00edt\u0151vel .Ezek a modellek nem rejt\u0151zk\u00f6dnek \u2013 \u00e9pp ellenkez\u0151leg: l\u00e1tv\u00e1nyelemk\u00e9nt jelennek meg a t\u00e9rben, mik\u00f6zben professzion\u00e1lis teljes\u00edtm\u00e9nyt ny\u00fajtanak.\u00a0<\/p><p>Egyar\u00e1nt ide\u00e1lis v\u00e1laszt\u00e1s\u00a0 \u00faj\u00e9p\u00edt\u00e9s\u0171 otthonokba, \u00e9s a st\u00edlusos konyhafel\u00faj\u00edt\u00e1s r\u00e9szek\u00e9nt is. Akkor is \u00e9rdemes fali t\u00edpust v\u00e1lasztani, ha nincs lehet\u0151s\u00e9g mennyezeti elvezet\u00e9sre, vagy fontos szempont a k\u00f6nny\u0171 hozz\u00e1f\u00e9rhet\u0151s\u00e9g, a karbantart\u00e1s, illetve a fal menti, j\u00f3l tervezhet\u0151 l\u00e9gcsatorna-vezet\u00e9s.<\/p>\t\t\t\t\t\t\t\t<\/div>\n\t\t\t\t<\/div>\n\t\t\t\t\t<\/div>\n\t\t<\/div>\n\t\t\t\t<div class=\"elementor-column elementor-col-50 elementor-top-column elementor-element elementor-element-131c37f\" data-id=\"131c37f\" data-element_type=\"column\" data-e-type=\"column\">\n\t\t\t<div class=\"elementor-widget-wrap elementor-element-populated\">\n\t\t\t\t\t\t<div class=\"elementor-element elementor-element-588abca elementor-widget elementor-widget-image\" data-id=\"588abca\" data-element_type=\"widget\" data-e-type=\"widget\" data-widget_type=\"image.default\">\n\t\t\t\t<div class=\"elementor-widget-container\">\n\t\t\t\t\t\t\t\t\t\t\t\t<figure class=\"wp-caption\">\n\t\t\t\t\t\t\t\t\t\t<img decoding=\"async\" width=\"1032\" height=\"1032\" src=\"https:\/\/blancomania.hu\/blog\/wp-content\/uploads\/2025\/07\/elica-bio.webp\" class=\"attachment-full size-full wp-image-5385\" alt=\"\" srcset=\"https:\/\/blancomania.hu\/blog\/wp-content\/uploads\/2025\/07\/elica-bio.webp 1032w, https:\/\/blancomania.hu\/blog\/wp-content\/uploads\/2025\/07\/elica-bio-300x300.webp 300w, https:\/\/blancomania.hu\/blog\/wp-content\/uploads\/2025\/07\/elica-bio-1024x1024.webp 1024w, https:\/\/blancomania.hu\/blog\/wp-content\/uploads\/2025\/07\/elica-bio-150x150.webp 150w, https:\/\/blancomania.hu\/blog\/wp-content\/uploads\/2025\/07\/elica-bio-768x768.webp 768w\" sizes=\"(max-width: 1032px) 100vw, 1032px\" \/>\t\t\t\t\t\t\t\t\t\t\t<figcaption class=\"widget-image-caption wp-caption-text\">Elica - Bio fali polccal kombin\u00e1lt \u00e1raelsz\u00edv\u00f3<\/figcaption>\n\t\t\t\t\t\t\t\t\t\t<\/figure>\n\t\t\t\t\t\t\t\t\t<\/div>\n\t\t\t\t<\/div>\n\t\t\t\t\t<\/div>\n\t\t<\/div>\n\t\t\t\t\t<\/div>\n\t\t<\/section>\n\t\t\t\t<section class=\"elementor-section elementor-top-section elementor-element elementor-element-b40fc72 elementor-section-boxed elementor-section-height-default elementor-section-height-default\" data-id=\"b40fc72\" data-element_type=\"section\" data-e-type=\"section\">\n\t\t\t\t\t\t<div class=\"elementor-container elementor-column-gap-default\">\n\t\t\t\t\t<div class=\"elementor-column elementor-col-50 elementor-top-column elementor-element elementor-element-2f79fc6\" data-id=\"2f79fc6\" data-element_type=\"column\" data-e-type=\"column\">\n\t\t\t<div class=\"elementor-widget-wrap elementor-element-populated\">\n\t\t\t\t\t\t<div class=\"elementor-element elementor-element-8efea8b elementor-widget elementor-widget-image\" data-id=\"8efea8b\" data-element_type=\"widget\" data-e-type=\"widget\" data-widget_type=\"image.default\">\n\t\t\t\t<div class=\"elementor-widget-container\">\n\t\t\t\t\t\t\t\t\t\t\t\t<figure class=\"wp-caption\">\n\t\t\t\t\t\t\t\t\t\t<img loading=\"lazy\" decoding=\"async\" width=\"1032\" height=\"1032\" src=\"https:\/\/blancomania.hu\/blog\/wp-content\/uploads\/2025\/07\/elica-open-suite.webp\" class=\"attachment-full size-full wp-image-5384\" alt=\"\" srcset=\"https:\/\/blancomania.hu\/blog\/wp-content\/uploads\/2025\/07\/elica-open-suite.webp 1032w, https:\/\/blancomania.hu\/blog\/wp-content\/uploads\/2025\/07\/elica-open-suite-300x300.webp 300w, https:\/\/blancomania.hu\/blog\/wp-content\/uploads\/2025\/07\/elica-open-suite-1024x1024.webp 1024w, https:\/\/blancomania.hu\/blog\/wp-content\/uploads\/2025\/07\/elica-open-suite-150x150.webp 150w, https:\/\/blancomania.hu\/blog\/wp-content\/uploads\/2025\/07\/elica-open-suite-768x768.webp 768w\" sizes=\"(max-width: 1032px) 100vw, 1032px\" \/>\t\t\t\t\t\t\t\t\t\t\t<figcaption class=\"widget-image-caption wp-caption-text\">Elica - Open Suite<\/figcaption>\n\t\t\t\t\t\t\t\t\t\t<\/figure>\n\t\t\t\t\t\t\t\t\t<\/div>\n\t\t\t\t<\/div>\n\t\t\t\t\t<\/div>\n\t\t<\/div>\n\t\t\t\t<div class=\"elementor-column elementor-col-50 elementor-top-column elementor-element elementor-element-435e8c7\" data-id=\"435e8c7\" data-element_type=\"column\" data-e-type=\"column\">\n\t\t\t<div class=\"elementor-widget-wrap elementor-element-populated\">\n\t\t\t\t\t\t<div class=\"elementor-element elementor-element-6a45eb1 elementor-widget elementor-widget-heading\" data-id=\"6a45eb1\" data-element_type=\"widget\" data-e-type=\"widget\" data-widget_type=\"heading.default\">\n\t\t\t\t<div class=\"elementor-widget-container\">\n\t\t\t\t\t<h2 class=\"elementor-heading-title elementor-size-default\">J\u00f3 tudni:<\/h2>\t\t\t\t<\/div>\n\t\t\t\t<\/div>\n\t\t\t\t<div class=\"elementor-element elementor-element-013199e elementor-widget elementor-widget-text-editor\" data-id=\"013199e\" data-element_type=\"widget\" data-e-type=\"widget\" data-widget_type=\"text-editor.default\">\n\t\t\t\t<div class=\"elementor-widget-container\">\n\t\t\t\t\t\t\t\t\t<p>A fali p\u00e1raelsz\u00edv\u00f3 akkor a legjobb v\u00e1laszt\u00e1s, ha:<\/p>\n<p>&nbsp;\ud83d\udc49 a f\u0151z\u0151lap a faln\u00e1l helyezkedik el<\/p>\n<p>&nbsp;<span style=\"font-size: 1rem;\">\ud83d\udc49<\/span><span style=\"font-size: 1rem;\">fontos a karakteres, design megjelen\u00e9s<\/span><\/p>\n<p>&nbsp;<span style=\"font-size: 1rem;\">\ud83d\udc49<\/span><span style=\"font-size: 1rem;\">k\u00f6nnyen el\u00e9rhet\u0151 \u00e9s karbantarthat\u00f3 k\u00e9sz\u00fcl\u00e9ket keresel<\/span><\/p>\n<p>&nbsp;<span style=\"font-size: 1rem;\">\ud83d\udc49<\/span><span style=\"font-size: 1rem;\">nem megoldhat\u00f3 a mennyezeti elvezet\u00e9s<\/span><\/p>\n<p>&nbsp;<span style=\"font-size: 1rem;\">\ud83d\udc49<\/span><span style=\"font-size: 1rem;\">\u00faj konyh\u00e1t tervezel vagy fel\u00faj\u00edt\u00e1s el\u0151tt \u00e1llsz<\/span><\/p>\n<p>A fali modellek rugalmasan tervezhet\u0151k \u00e9s a legsz\u00e9lesebb k\u00edn\u00e1latb\u00f3l v\u00e1laszthat\u00f3k \u2013 k\u00fcl\u00f6n\u00f6sen, ha a st\u00edlus \u00e9s a min\u0151s\u00e9g is sz\u00e1m\u00edt.<\/p>\t\t\t\t\t\t\t\t<\/div>\n\t\t\t\t<\/div>\n\t\t\t\t\t<\/div>\n\t\t<\/div>\n\t\t\t\t\t<\/div>\n\t\t<\/section>\n\t\t\t\t<section class=\"elementor-section elementor-top-section elementor-element elementor-element-83dec6a elementor-section-boxed elementor-section-height-default elementor-section-height-default\" data-id=\"83dec6a\" data-element_type=\"section\" data-e-type=\"section\">\n\t\t\t\t\t\t<div class=\"elementor-container elementor-column-gap-default\">\n\t\t\t\t\t<div class=\"elementor-column elementor-col-33 elementor-top-column elementor-element elementor-element-e2ff825\" data-id=\"e2ff825\" data-element_type=\"column\" data-e-type=\"column\">\n\t\t\t<div class=\"elementor-widget-wrap elementor-element-populated\">\n\t\t\t\t\t\t<div class=\"elementor-element elementor-element-6e6e18f elementor-widget elementor-widget-text-editor\" data-id=\"6e6e18f\" data-element_type=\"widget\" data-e-type=\"widget\" data-widget_type=\"text-editor.default\">\n\t\t\t\t<div class=\"elementor-widget-container\">\n\t\t\t\t\t\t\t\t\t<p>Elica Stripe BL\/A\/90<br \/>amikor a fekete \u00fcveg tal\u00e1lkozik a minimalizmussal<\/p>\t\t\t\t\t\t\t\t<\/div>\n\t\t\t\t<\/div>\n\t\t\t\t<div class=\"elementor-element elementor-element-bbb27c0 elementor-widget elementor-widget-image\" data-id=\"bbb27c0\" data-element_type=\"widget\" data-e-type=\"widget\" data-widget_type=\"image.default\">\n\t\t\t\t<div class=\"elementor-widget-container\">\n\t\t\t\t\t\t\t\t\t\t\t\t\t\t\t\t<a href=\"https:\/\/blancomania.hu\/termek\/elica-stripe-lux-90-cm-2\/\">\n\t\t\t\t\t\t\t<img loading=\"lazy\" decoding=\"async\" width=\"474\" height=\"474\" src=\"https:\/\/blancomania.hu\/blog\/wp-content\/uploads\/2025\/07\/elica-stripe.webp\" class=\"attachment-full size-full wp-image-5389\" alt=\"\" srcset=\"https:\/\/blancomania.hu\/blog\/wp-content\/uploads\/2025\/07\/elica-stripe.webp 474w, https:\/\/blancomania.hu\/blog\/wp-content\/uploads\/2025\/07\/elica-stripe-300x300.webp 300w, https:\/\/blancomania.hu\/blog\/wp-content\/uploads\/2025\/07\/elica-stripe-150x150.webp 150w\" sizes=\"(max-width: 474px) 100vw, 474px\" \/>\t\t\t\t\t\t\t\t<\/a>\n\t\t\t\t\t\t\t\t\t\t\t\t\t\t\t<\/div>\n\t\t\t\t<\/div>\n\t\t\t\t<div class=\"elementor-element elementor-element-cc51116 elementor-widget elementor-widget-text-editor\" data-id=\"cc51116\" data-element_type=\"widget\" data-e-type=\"widget\" data-widget_type=\"text-editor.default\">\n\t\t\t\t<div class=\"elementor-widget-container\">\n\t\t\t\t\t\t\t\t\t<p>A Stripe modell a fali elsz\u00edv\u00f3k egyik letisztult darabja: fekete \u00fcveg fel\u00fclet\u00e9vel \u00e9s rejtett vez\u00e9rl\u00e9s\u00e9vel egyenes vonal\u00fa, m\u00e9gis impoz\u00e1ns kieg\u00e9sz\u00edt\u0151je a modern konyh\u00e1knak.\u00a0<\/p><p>A 650 m\u00b3\/h maxim\u00e1lis elsz\u00edv\u00e1si kapacit\u00e1s elegend\u0151 m\u00e9g intenz\u00edv f\u0151z\u00e9shez is, a peremelsz\u00edv\u00e1sos technol\u00f3gia pedig nemcsak hat\u00e9kony, hanem halk m\u0171k\u00f6d\u00e9st is biztos\u00edt.<\/p><p>LED vil\u00e1g\u00edt\u00e1sa energiatakar\u00e9kos, m\u00e9gis elegend\u0151 f\u00e9nyt ad a f\u0151z\u0151fel\u00fcletre, a Touch Control panel pedig eleg\u00e1ns \u00e9s k\u00f6nnyen tiszt\u00e1n tarthat\u00f3.\u00a0<\/p><p>Az Elica fali elsz\u00edv\u00f3iban visszak\u00f6sz\u00f6n a m\u00e1rk\u00e1ra jellemz\u0151, gondosan v\u00e1logatott anyaghaszn\u00e1lat: fekete, vagy feh\u00e9r edzett \u00fcveg, rozsdamentes ac\u00e9l, kr\u00f3mozott vagy matt festett fel\u00fcletek \u00e9s id\u0151t\u00e1ll\u00f3 kompozit anyagok jellemzik \u0151ket.\u00a0<\/p><p>A r\u00e9szletek kidolgoz\u00e1sa minden esetben hib\u00e1tlan,\u00a0 legyen sz\u00f3 egy diszkr\u00e9ten \u00edvelt \u00fcveglapr\u00f3l vagy egy rejtett sz\u0171r\u0151rendszerr\u0151l, minden a precizit\u00e1sr\u00f3l \u00e9s a tart\u00f3ss\u00e1gr\u00f3l sz\u00f3l.<\/p>\t\t\t\t\t\t\t\t<\/div>\n\t\t\t\t<\/div>\n\t\t\t\t\t<\/div>\n\t\t<\/div>\n\t\t\t\t<div class=\"elementor-column elementor-col-33 elementor-top-column elementor-element elementor-element-cd9b1ce\" data-id=\"cd9b1ce\" data-element_type=\"column\" data-e-type=\"column\">\n\t\t\t<div class=\"elementor-widget-wrap elementor-element-populated\">\n\t\t\t\t\t\t<div class=\"elementor-element elementor-element-7a49ea3 elementor-widget elementor-widget-text-editor\" data-id=\"7a49ea3\" data-element_type=\"widget\" data-e-type=\"widget\" data-widget_type=\"text-editor.default\">\n\t\t\t\t<div class=\"elementor-widget-container\">\n\t\t\t\t\t\t\t\t\t<p>Elica Bio<br \/>a term\u00e9szetes otthon szimb\u00f3luma<\/p>\t\t\t\t\t\t\t\t<\/div>\n\t\t\t\t<\/div>\n\t\t\t\t<div class=\"elementor-element elementor-element-3b61573 elementor-widget elementor-widget-image\" data-id=\"3b61573\" data-element_type=\"widget\" data-e-type=\"widget\" data-widget_type=\"image.default\">\n\t\t\t\t<div class=\"elementor-widget-container\">\n\t\t\t\t\t\t\t\t\t\t\t\t\t\t\t<img loading=\"lazy\" decoding=\"async\" width=\"774\" height=\"774\" src=\"https:\/\/blancomania.hu\/blog\/wp-content\/uploads\/2025\/07\/elica-bio1.jpg\" class=\"attachment-full size-full wp-image-5390\" alt=\"\" srcset=\"https:\/\/blancomania.hu\/blog\/wp-content\/uploads\/2025\/07\/elica-bio1.jpg 774w, https:\/\/blancomania.hu\/blog\/wp-content\/uploads\/2025\/07\/elica-bio1-300x300.jpg 300w, https:\/\/blancomania.hu\/blog\/wp-content\/uploads\/2025\/07\/elica-bio1-150x150.jpg 150w, https:\/\/blancomania.hu\/blog\/wp-content\/uploads\/2025\/07\/elica-bio1-768x768.jpg 768w\" sizes=\"(max-width: 774px) 100vw, 774px\" \/>\t\t\t\t\t\t\t\t\t\t\t\t\t\t\t<\/div>\n\t\t\t\t<\/div>\n\t\t\t\t<div class=\"elementor-element elementor-element-31fa955 elementor-widget elementor-widget-text-editor\" data-id=\"31fa955\" data-element_type=\"widget\" data-e-type=\"widget\" data-widget_type=\"text-editor.default\">\n\t\t\t\t<div class=\"elementor-widget-container\">\n\t\t\t\t\t\t\t\t\t<p>Az olasz ELICA BIO p\u00e1raelsz\u00edv\u00f3ja purit\u00e1n modernizmus\u00e1val, line\u00e1lis vonalvezet\u00e9s\u00e9vel \u00e9s feh\u00e9r\u00edtett meleg t\u00f6lgy anyag\u00e1val az egyik leggy\u00f6ny\u00f6r\u0171bb p\u00e9ld\u00e1ja a konyh\u00e1ban megjelen\u0151 a japandi st\u00edlusnak.<br \/>Tervez\u0151je az Elica top designere FABRIZIO CRIS\u00c0, aki az egyszer\u0171, szigor\u00faan geometrikus vonalvezet\u00e9s\u0171 p\u00e1raelsz\u00edv\u00f3 selymes feh\u00e9r k\u00fcrt\u0151j\u00e9t val\u00f3di t\u00f6lggyel kombin\u00e1lta.\u00a0<\/p><p>Ez\u00e1ltal a BIO mind a divatos japandi, mind pedig a hightec minimalista konyh\u00e1k ragyog\u00f3 f\u00f3kuszpontj\u00e1v\u00e1 v\u00e1lik.<\/p><p>K\u00fcllem\u00e9ben egyszerre jelenik meg az otthonoss\u00e1g \u00e9s a trendis\u00e9g \u2013 a term\u00e9szet \u00e9s a legfejlettebb technol\u00f3giai megold\u00e1sok.<\/p><p>Eleg\u00e1ns, \u00e1tl\u00e1tsz\u00f3 \u00e9rint\u0151kapcsol\u00f3ja seg\u00edts\u00e9g\u00e9vel egy olyan funkci\u00f3t kapcsol be, melyben a be\u00e9p\u00edtett \u00e9rz\u00e9kel\u0151knek k\u00f6sz\u00f6nhet\u0151en a legoptim\u00e1lisabb teljes\u00edtm\u00e9nyt maga a k\u00e9sz\u00fcl\u00e9k v\u00e1lasztja ki.<\/p><p>\u00c1ll\u00edthat\u00f3 sz\u00ednh\u0151m\u00e9rs\u00e9klet\u0171 LED vil\u00e1g\u00edt\u00e1sa egyr\u00e9szt m\u00e9g komfortosabb\u00e1 tehet\u0151 a f\u0151z\u00e9s, m\u00e1sr\u00e9szt a saj\u00e1t ig\u00e9nyeknek \u00e9s \u00edzl\u00e9snek legink\u00e1bb megfelel\u0151 k\u00f6rnyezet hozza l\u00e9tre.<\/p>\t\t\t\t\t\t\t\t<\/div>\n\t\t\t\t<\/div>\n\t\t\t\t\t<\/div>\n\t\t<\/div>\n\t\t\t\t<div class=\"elementor-column elementor-col-33 elementor-top-column elementor-element elementor-element-b9bac8a\" data-id=\"b9bac8a\" data-element_type=\"column\" data-e-type=\"column\">\n\t\t\t<div class=\"elementor-widget-wrap elementor-element-populated\">\n\t\t\t\t\t\t<div class=\"elementor-element elementor-element-2c45ed5 elementor-widget elementor-widget-text-editor\" data-id=\"2c45ed5\" data-element_type=\"widget\" data-e-type=\"widget\" data-widget_type=\"text-editor.default\">\n\t\t\t\t<div class=\"elementor-widget-container\">\n\t\t\t\t\t\t\t\t\t<p>Elica Aplomb<br \/>szoborszer\u0171 forma, koncentr\u00e1lt er\u0151<\/p>\t\t\t\t\t\t\t\t<\/div>\n\t\t\t\t<\/div>\n\t\t\t\t<div class=\"elementor-element elementor-element-f0ddf07 elementor-widget elementor-widget-image\" data-id=\"f0ddf07\" data-element_type=\"widget\" data-e-type=\"widget\" data-widget_type=\"image.default\">\n\t\t\t\t<div class=\"elementor-widget-container\">\n\t\t\t\t\t\t\t\t\t\t\t\t\t\t\t<img loading=\"lazy\" decoding=\"async\" width=\"730\" height=\"730\" src=\"https:\/\/blancomania.hu\/blog\/wp-content\/uploads\/2025\/07\/elica-aplomb.jpg\" class=\"attachment-full size-full wp-image-5391\" alt=\"\" srcset=\"https:\/\/blancomania.hu\/blog\/wp-content\/uploads\/2025\/07\/elica-aplomb.jpg 730w, https:\/\/blancomania.hu\/blog\/wp-content\/uploads\/2025\/07\/elica-aplomb-300x300.jpg 300w, https:\/\/blancomania.hu\/blog\/wp-content\/uploads\/2025\/07\/elica-aplomb-150x150.jpg 150w\" sizes=\"(max-width: 730px) 100vw, 730px\" \/>\t\t\t\t\t\t\t\t\t\t\t\t\t\t\t<\/div>\n\t\t\t\t<\/div>\n\t\t\t\t<div class=\"elementor-element elementor-element-7511bca elementor-widget elementor-widget-text-editor\" data-id=\"7511bca\" data-element_type=\"widget\" data-e-type=\"widget\" data-widget_type=\"text-editor.default\">\n\t\t\t\t<div class=\"elementor-widget-container\">\n\t\t\t\t\t\t\t\t\t<p>Az Aplomb az Elica k\u00edn\u00e1lat\u00e1nak egyik legkarakteresebb fali p\u00e1raelsz\u00edv\u00f3ja, amely nemcsak a f\u0151z\u00e9si z\u00f3n\u00e1t uralja, hanem meghat\u00e1rozza a teljes konyha hangulat\u00e1t is. Robusztus, m\u00e9gis eleg\u00e1ns megjelen\u00e9s\u00e9vel az ipari eszt\u00e9tika \u00e9s a modern minimalizmus metsz\u00e9spontj\u00e1n helyezkedik el.<\/p><p>Sz\u00f6gletes, hat\u00e1rozott form\u00e1ja \u00e9s finoman struktur\u00e1lt fel\u00fclete tekint\u00e9lyt sug\u00e1roz, mik\u00f6zben t\u00f6k\u00e9letesen illeszkedik a mai v\u00e1rosi enteri\u0151r\u00f6kbe \u2013 k\u00fcl\u00f6n\u00f6sen, ha nyitott, t\u00e1gas t\u00e9rrel dolgozunk.<\/p><p>Fel\u00fclet\u00e9t pr\u00e9mium min\u0151s\u00e9g\u0171 sz\u00e1lcsiszolt rozsdamentes ac\u00e9l bor\u00edtja, m\u00edg az el\u00fcls\u0151 panel s\u00f6t\u00e9t, matt \u00fcveg vagy fekete ac\u00e9l kivitelben is el\u00e9rhet\u0151, \u00edgy harmonikusan illeszthet\u0151 modern konyhab\u00fatorokhoz.<\/p><p>Nagy teljes\u00edtm\u00e9ny\u0171, ak\u00e1r 770 m\u00b3\/h elsz\u00edv\u00e1si kapacit\u00e1snak \u00e9s a peremelsz\u00edv\u00e1sos rendszernek k\u00f6sz\u00f6nhet\u0151en a k\u00e9sz\u00fcl\u00e9k hat\u00e9konyan t\u00e1vol\u00edtja el a g\u0151z\u00f6ket \u00e9s szagokat, r\u00e1ad\u00e1sul mindezt csendesen \u00e9s energiatakar\u00e9kosan teszi.<\/p><p>A modern Touch Control vez\u00e9rl\u00e9s intuit\u00edv \u00e9s letisztult, a be\u00e9p\u00edtett LED vil\u00e1g\u00edt\u00e1s pedig egyenletes f\u00e9nyt biztos\u00edt a f\u0151z\u0151z\u00f3n\u00e1ban, mik\u00f6zben minim\u00e1lis fogyaszt\u00e1ssal dolgozik.<\/p><p>\u00a0<\/p>\t\t\t\t\t\t\t\t<\/div>\n\t\t\t\t<\/div>\n\t\t\t\t\t<\/div>\n\t\t<\/div>\n\t\t\t\t\t<\/div>\n\t\t<\/section>\n\t\t\t\t<section class=\"elementor-section elementor-top-section elementor-element elementor-element-fa03593 elementor-section-boxed elementor-section-height-default elementor-section-height-default\" data-id=\"fa03593\" data-element_type=\"section\" data-e-type=\"section\" data-settings=\"{&quot;background_background&quot;:&quot;classic&quot;}\">\n\t\t\t\t\t\t<div class=\"elementor-container elementor-column-gap-default\">\n\t\t\t\t\t<div class=\"elementor-column elementor-col-100 elementor-top-column elementor-element elementor-element-a443a98\" data-id=\"a443a98\" data-element_type=\"column\" data-e-type=\"column\">\n\t\t\t<div class=\"elementor-widget-wrap elementor-element-populated\">\n\t\t\t\t\t\t<div class=\"elementor-element elementor-element-704c485 elementor-widget elementor-widget-heading\" data-id=\"704c485\" data-element_type=\"widget\" data-e-type=\"widget\" data-widget_type=\"heading.default\">\n\t\t\t\t<div class=\"elementor-widget-container\">\n\t\t\t\t\t<h2 class=\"elementor-heading-title elementor-size-default\">Okos megold\u00e1sok \u2013 intelligens technol\u00f3gia a professzion\u00e1lis konyh\u00e1\u00e9rt<\/h2>\t\t\t\t<\/div>\n\t\t\t\t<\/div>\n\t\t\t\t\t<\/div>\n\t\t<\/div>\n\t\t\t\t\t<\/div>\n\t\t<\/section>\n\t\t\t\t<section class=\"elementor-section elementor-top-section elementor-element elementor-element-7a57dd5 elementor-section-boxed elementor-section-height-default elementor-section-height-default\" data-id=\"7a57dd5\" data-element_type=\"section\" data-e-type=\"section\">\n\t\t\t\t\t\t<div class=\"elementor-container elementor-column-gap-default\">\n\t\t\t\t\t<div class=\"elementor-column elementor-col-100 elementor-top-column elementor-element elementor-element-1078ee3\" data-id=\"1078ee3\" data-element_type=\"column\" data-e-type=\"column\">\n\t\t\t<div class=\"elementor-widget-wrap elementor-element-populated\">\n\t\t\t\t\t\t<div class=\"elementor-element elementor-element-69219f6 elementor-widget elementor-widget-text-editor\" data-id=\"69219f6\" data-element_type=\"widget\" data-e-type=\"widget\" data-widget_type=\"text-editor.default\">\n\t\t\t\t<div class=\"elementor-widget-container\">\n\t\t\t\t\t\t\t\t\t<p>Az Elica fali elsz\u00edv\u00f3iban sz\u00e1mos intelligens funkci\u00f3 is el\u00e9rhet\u0151. Ilyen p\u00e9ld\u00e1ul az AutoSense technol\u00f3gia, amely automatikusan felismeri a f\u0151z\u00e9si intenzit\u00e1st, \u00e9s ehhez igaz\u00edtja az elsz\u00edv\u00e1s er\u0151ss\u00e9g\u00e9t \u2013 optimaliz\u00e1lva a fogyaszt\u00e1st \u00e9s a zajszintet.<\/p><p>A Connectivity lehet\u0151s\u00e9g r\u00e9v\u00e9n bizonyos modellek Wi-Fi-n kereszt\u00fcl is vez\u00e9relhet\u0151k, ak\u00e1r okostelefonos applik\u00e1ci\u00f3n kereszt\u00fcl is, \u00edgy teljes kontrollt kapunk a k\u00e9sz\u00fcl\u00e9k m\u0171k\u00f6d\u00e9se felett.<\/p>\t\t\t\t\t\t\t\t<\/div>\n\t\t\t\t<\/div>\n\t\t\t\t\t<\/div>\n\t\t<\/div>\n\t\t\t\t\t<\/div>\n\t\t<\/section>\n\t\t\t\t<section class=\"elementor-section elementor-top-section elementor-element elementor-element-126e2a5 elementor-section-boxed elementor-section-height-default elementor-section-height-default\" data-id=\"126e2a5\" data-element_type=\"section\" data-e-type=\"section\">\n\t\t\t\t\t\t<div class=\"elementor-container elementor-column-gap-default\">\n\t\t\t\t\t<div class=\"elementor-column elementor-col-50 elementor-top-column elementor-element elementor-element-dbeaa2c\" data-id=\"dbeaa2c\" data-element_type=\"column\" data-e-type=\"column\">\n\t\t\t<div class=\"elementor-widget-wrap elementor-element-populated\">\n\t\t\t\t\t\t<div class=\"elementor-element elementor-element-dee92cb elementor-widget elementor-widget-image\" data-id=\"dee92cb\" data-element_type=\"widget\" data-e-type=\"widget\" data-widget_type=\"image.default\">\n\t\t\t\t<div class=\"elementor-widget-container\">\n\t\t\t\t\t\t\t\t\t\t\t\t<figure class=\"wp-caption\">\n\t\t\t\t\t\t\t\t\t\t\t<a href=\"https:\/\/blancomania.hu\/termek\/elica-super-plat-bl-f-80cm\/\">\n\t\t\t\t\t\t\t<img loading=\"lazy\" decoding=\"async\" width=\"1442\" height=\"961\" src=\"https:\/\/blancomania.hu\/blog\/wp-content\/uploads\/2025\/07\/PRF0164980-elica-super-plat-fekete-paraelszivo2.jpg\" class=\"attachment-full size-full wp-image-5392\" alt=\"\" srcset=\"https:\/\/blancomania.hu\/blog\/wp-content\/uploads\/2025\/07\/PRF0164980-elica-super-plat-fekete-paraelszivo2.jpg 1442w, https:\/\/blancomania.hu\/blog\/wp-content\/uploads\/2025\/07\/PRF0164980-elica-super-plat-fekete-paraelszivo2-300x200.jpg 300w, https:\/\/blancomania.hu\/blog\/wp-content\/uploads\/2025\/07\/PRF0164980-elica-super-plat-fekete-paraelszivo2-1024x682.jpg 1024w, https:\/\/blancomania.hu\/blog\/wp-content\/uploads\/2025\/07\/PRF0164980-elica-super-plat-fekete-paraelszivo2-768x512.jpg 768w\" sizes=\"(max-width: 1442px) 100vw, 1442px\" \/>\t\t\t\t\t\t\t\t<\/a>\n\t\t\t\t\t\t\t\t\t\t\t<figcaption class=\"widget-image-caption wp-caption-text\">Elica Super Plat<\/figcaption>\n\t\t\t\t\t\t\t\t\t\t<\/figure>\n\t\t\t\t\t\t\t\t\t<\/div>\n\t\t\t\t<\/div>\n\t\t\t\t\t<\/div>\n\t\t<\/div>\n\t\t\t\t<div class=\"elementor-column elementor-col-50 elementor-top-column elementor-element elementor-element-f7fc4d0\" data-id=\"f7fc4d0\" data-element_type=\"column\" data-e-type=\"column\">\n\t\t\t<div class=\"elementor-widget-wrap elementor-element-populated\">\n\t\t\t\t\t\t<div class=\"elementor-element elementor-element-91630ff elementor-widget elementor-widget-image\" data-id=\"91630ff\" data-element_type=\"widget\" data-e-type=\"widget\" data-widget_type=\"image.default\">\n\t\t\t\t<div class=\"elementor-widget-container\">\n\t\t\t\t\t\t\t\t\t\t\t\t<figure class=\"wp-caption\">\n\t\t\t\t\t\t\t\t\t\t\t<a href=\"https:\/\/blancomania.hu\/termek\/elica-sweet-5\/\">\n\t\t\t\t\t\t\t<img loading=\"lazy\" decoding=\"async\" width=\"750\" height=\"500\" src=\"https:\/\/blancomania.hu\/blog\/wp-content\/uploads\/2025\/07\/sweet-bianca1.jpg\" class=\"attachment-full size-full wp-image-5395\" alt=\"\" srcset=\"https:\/\/blancomania.hu\/blog\/wp-content\/uploads\/2025\/07\/sweet-bianca1.jpg 750w, https:\/\/blancomania.hu\/blog\/wp-content\/uploads\/2025\/07\/sweet-bianca1-300x200.jpg 300w\" sizes=\"(max-width: 750px) 100vw, 750px\" \/>\t\t\t\t\t\t\t\t<\/a>\n\t\t\t\t\t\t\t\t\t\t\t<figcaption class=\"widget-image-caption wp-caption-text\">Elica Sweet<\/figcaption>\n\t\t\t\t\t\t\t\t\t\t<\/figure>\n\t\t\t\t\t\t\t\t\t<\/div>\n\t\t\t\t<\/div>\n\t\t\t\t\t<\/div>\n\t\t<\/div>\n\t\t\t\t\t<\/div>\n\t\t<\/section>\n\t\t\t\t<section class=\"elementor-section elementor-top-section elementor-element elementor-element-6f4be81 elementor-section-boxed elementor-section-height-default elementor-section-height-default\" data-id=\"6f4be81\" data-element_type=\"section\" data-e-type=\"section\">\n\t\t\t\t\t\t<div class=\"elementor-container elementor-column-gap-default\">\n\t\t\t\t\t<div class=\"elementor-column elementor-col-100 elementor-top-column elementor-element elementor-element-db785cf\" data-id=\"db785cf\" data-element_type=\"column\" data-e-type=\"column\">\n\t\t\t<div class=\"elementor-widget-wrap elementor-element-populated\">\n\t\t\t\t\t\t<div class=\"elementor-element elementor-element-7b73a19 elementor-widget-divider--view-line elementor-widget elementor-widget-divider\" data-id=\"7b73a19\" data-element_type=\"widget\" data-e-type=\"widget\" data-widget_type=\"divider.default\">\n\t\t\t\t<div class=\"elementor-widget-container\">\n\t\t\t\t\t\t\t<div class=\"elementor-divider\">\n\t\t\t<span class=\"elementor-divider-separator\">\n\t\t\t\t\t\t<\/span>\n\t\t<\/div>\n\t\t\t\t\t\t<\/div>\n\t\t\t\t<\/div>\n\t\t\t\t<div class=\"elementor-element elementor-element-b7d54e2 elementor-widget elementor-widget-text-editor\" data-id=\"b7d54e2\" data-element_type=\"widget\" data-e-type=\"widget\" data-widget_type=\"text-editor.default\">\n\t\t\t\t<div class=\"elementor-widget-container\">\n\t\t\t\t\t\t\t\t\t<p>A teljes Blanco k\u00edn\u00e1lattal &#8211; mosogat\u00f3k, csaptelepek, szelekt\u00edv hullad\u00e9kt\u00e1rol\u00f3k &#8211;\u00a0 kapcsolatban felmer\u00fcl\u0151 k\u00e9rd\u00e9sek eset\u00e9n h\u00edvd az<br \/>\u00fczlet\u00fcnket:<\/p><p><strong><span style=\"color: #1c4672;\">Admiral Studio\u00a0<\/span><br \/><\/strong><span style=\"color: #1c4672;\"><strong>C\u00edm: 1013 Budapest, Attila \u00fat 37.\u00a0 \u2013 Telefon: 06 1 270 9051 \u2013 Email:\u00a0<a style=\"color: #1c4672;\" href=\"mailto:kapcsolat@admiralstudio.hu\"><u>kapcsolat@admiralstudio.hu<\/u><\/a><\/strong><strong><u>\u00a0<\/u><\/strong><\/span><\/p><p>Bemutat\u00f3term\u00fcnk a\u00a0\u00a0<span style=\"color: #1c4672;\"><a style=\"color: #1c4672;\" href=\"https:\/\/blancomania.hu\/blanco\/\"><strong><u>Blanco mosogat\u00f3k\/csapok\/szemetesek<\/u><\/strong><\/a><\/span>\u00a0\u00e9s<br \/><span style=\"color: #1c4672;\"><a style=\"color: #1c4672;\" href=\"https:\/\/blancomania.hu\/elica\/\"><strong><u>Elica p\u00e1raelsz\u00edv\u00f3k<\/u><\/strong><\/a><\/span>\u00a0egyik legjobb bemutat\u00f3terme.<\/p><p>weboldalaink:<br \/><span style=\"color: #1c4672;\"><a style=\"color: #1c4672;\" href=\"https:\/\/admiralstudio.hu\/tervezes\/\"><strong><u>https:\/\/admiralstudio.hu\/tervezes\/<\/u><\/strong>\u00a0 \u00e9s\u00a0\u00a0<\/a><strong><a style=\"color: #1c4672;\" href=\"https:\/\/blancomania.hu\/\"><u>https:\/\/blancomania.hu<\/u><\/a><\/strong><\/span><\/p>\t\t\t\t\t\t\t\t<\/div>\n\t\t\t\t<\/div>\n\t\t\t\t<div class=\"elementor-element elementor-element-3feb3fe elementor-widget elementor-widget-text-editor\" data-id=\"3feb3fe\" data-element_type=\"widget\" data-e-type=\"widget\" data-widget_type=\"text-editor.default\">\n\t\t\t\t<div class=\"elementor-widget-container\">\n\t\t\t\t\t\t\t\t\t<p>Megoszt\u00e1s:<\/p>\t\t\t\t\t\t\t\t<\/div>\n\t\t\t\t<\/div>\n\t\t\t\t<div class=\"elementor-element elementor-element-1e72f12 elementor-share-buttons--view-icon elementor-share-buttons--skin-boxed elementor-share-buttons--shape-square elementor-grid-0 elementor-share-buttons--color-official elementor-widget elementor-widget-share-buttons\" data-id=\"1e72f12\" data-element_type=\"widget\" data-e-type=\"widget\" data-widget_type=\"share-buttons.default\">\n\t\t\t\t<div class=\"elementor-widget-container\">\n\t\t\t\t\t\t\t<div class=\"elementor-grid\" role=\"list\">\n\t\t\t\t\t\t\t\t<div class=\"elementor-grid-item\" role=\"listitem\">\n\t\t\t\t\t\t<div class=\"elementor-share-btn elementor-share-btn_facebook\" role=\"button\" tabindex=\"0\" aria-label=\"Megoszt\u00e1s itt: facebook\">\n\t\t\t\t\t\t\t\t\t\t\t\t\t\t\t<span class=\"elementor-share-btn__icon\">\n\t\t\t\t\t\t\t\t<i class=\"fab fa-facebook\" aria-hidden=\"true\"><\/i>\t\t\t\t\t\t\t<\/span>\n\t\t\t\t\t\t\t\t\t\t\t\t\t\t\t\t\t\t\t\t<\/div>\n\t\t\t\t\t<\/div>\n\t\t\t\t\t\t\t\t\t<div class=\"elementor-grid-item\" role=\"listitem\">\n\t\t\t\t\t\t<div class=\"elementor-share-btn elementor-share-btn_pinterest\" role=\"button\" tabindex=\"0\" aria-label=\"Megoszt\u00e1s itt: pinterest\">\n\t\t\t\t\t\t\t\t\t\t\t\t\t\t\t<span class=\"elementor-share-btn__icon\">\n\t\t\t\t\t\t\t\t<i class=\"fab fa-pinterest\" aria-hidden=\"true\"><\/i>\t\t\t\t\t\t\t<\/span>\n\t\t\t\t\t\t\t\t\t\t\t\t\t\t\t\t\t\t\t\t<\/div>\n\t\t\t\t\t<\/div>\n\t\t\t\t\t\t<\/div>\n\t\t\t\t\t\t<\/div>\n\t\t\t\t<\/div>\n\t\t\t\t\t<\/div>\n\t\t<\/div>\n\t\t\t\t\t<\/div>\n\t\t<\/section>\n\t\t\t\t<\/div>\n\t\t","protected":false},"excerpt":{"rendered":"<p>A fali elsz\u00edv\u00f3k azok sz\u00e1m\u00e1ra k\u00e9sz\u00fclnek, akik a teret vizu\u00e1lisan is karakteres m\u00f3don szeretn\u00e9k berendezni,\u00a0 vagy ahol ha a fels\u0151 szekr\u00e9nyek hely\u00e9t tudatosan szeretn\u00e9nk megt\u00f6rni egy szoborszer\u0171, designkieg\u00e9sz\u00edt\u0151vel .<\/p>\n","protected":false},"author":5,"featured_media":5391,"comment_status":"closed","ping_status":"open","sticky":false,"template":"elementor_header_footer","format":"standard","meta":{"footnotes":""},"categories":[252],"tags":[],"class_list":["post-5380","post","type-post","status-publish","format-standard","has-post-thumbnail","hentry","category-paraelszivok"],"yoast_head":"<!-- This site is optimized with the Yoast SEO plugin v27.4 - https:\/\/yoast.com\/product\/yoast-seo-wordpress\/ -->\n<title>Elica falip\u00e1raelsz\u00edv\u00f3k - ahol a leveg\u0151 st\u00edlust kap - Blanco M\u00e1nia blog<\/title>\n<meta name=\"description\" content=\"A fali elsz\u00edv\u00f3k vizu\u00e1lisan is karakteres m\u00f3don jelennek meg a konyh\u00e1ban, egy szoborszer\u0171, designkieg\u00e9sz\u00edt\u0151 form\u00e1j\u00e1ban\" \/>\n<meta name=\"robots\" content=\"index, follow, max-snippet:-1, max-image-preview:large, max-video-preview:-1\" \/>\n<link rel=\"canonical\" href=\"https:\/\/blancomania.hu\/blog\/elica-faliparaelszivok-ahol-a-levego-stilust-kap\/\" \/>\n<meta property=\"og:locale\" content=\"hu_HU\" \/>\n<meta property=\"og:type\" content=\"article\" \/>\n<meta property=\"og:title\" content=\"Elica falip\u00e1raelsz\u00edv\u00f3k - ahol a leveg\u0151 st\u00edlust kap - Blanco M\u00e1nia blog\" \/>\n<meta property=\"og:description\" content=\"A fali elsz\u00edv\u00f3k vizu\u00e1lisan is karakteres m\u00f3don jelennek meg a konyh\u00e1ban, egy szoborszer\u0171, designkieg\u00e9sz\u00edt\u0151 form\u00e1j\u00e1ban\" \/>\n<meta property=\"og:url\" content=\"https:\/\/blancomania.hu\/blog\/elica-faliparaelszivok-ahol-a-levego-stilust-kap\/\" \/>\n<meta property=\"og:site_name\" content=\"Blanco M\u00e1nia blog\" \/>\n<meta property=\"article:publisher\" content=\"https:\/\/www.facebook.com\/blancomania\" \/>\n<meta property=\"article:published_time\" content=\"2025-07-21T05:23:35+00:00\" \/>\n<meta property=\"article:modified_time\" content=\"2025-07-21T07:04:17+00:00\" \/>\n<meta property=\"og:image\" content=\"https:\/\/blancomania.hu\/blog\/wp-content\/uploads\/2025\/07\/elica-aplomb.jpg\" \/>\n\t<meta property=\"og:image:width\" content=\"730\" \/>\n\t<meta property=\"og:image:height\" content=\"730\" \/>\n\t<meta property=\"og:image:type\" content=\"image\/jpeg\" \/>\n<meta name=\"author\" content=\"Princz Panni\" \/>\n<meta name=\"twitter:card\" content=\"summary_large_image\" \/>\n<meta name=\"twitter:label1\" content=\"Szerz\u0151:\" \/>\n\t<meta name=\"twitter:data1\" content=\"Princz Panni\" \/>\n\t<meta name=\"twitter:label2\" content=\"Becs\u00fclt olvas\u00e1si id\u0151\" \/>\n\t<meta name=\"twitter:data2\" content=\"7 perc\" \/>\n<script type=\"application\/ld+json\" class=\"yoast-schema-graph\">{\"@context\":\"https:\\\/\\\/schema.org\",\"@graph\":[{\"@type\":\"Article\",\"@id\":\"https:\\\/\\\/blancomania.hu\\\/blog\\\/elica-faliparaelszivok-ahol-a-levego-stilust-kap\\\/#article\",\"isPartOf\":{\"@id\":\"https:\\\/\\\/blancomania.hu\\\/blog\\\/elica-faliparaelszivok-ahol-a-levego-stilust-kap\\\/\"},\"author\":{\"name\":\"Princz Panni\",\"@id\":\"https:\\\/\\\/blancomania.hu\\\/blog\\\/#\\\/schema\\\/person\\\/0cfd4494fd92794c5850df1fe0d87550\"},\"headline\":\"Elica falip\u00e1raelsz\u00edv\u00f3k &#8211; ahol a leveg\u0151 st\u00edlust kap\",\"datePublished\":\"2025-07-21T05:23:35+00:00\",\"dateModified\":\"2025-07-21T07:04:17+00:00\",\"mainEntityOfPage\":{\"@id\":\"https:\\\/\\\/blancomania.hu\\\/blog\\\/elica-faliparaelszivok-ahol-a-levego-stilust-kap\\\/\"},\"wordCount\":1397,\"publisher\":{\"@id\":\"https:\\\/\\\/blancomania.hu\\\/blog\\\/#organization\"},\"image\":{\"@id\":\"https:\\\/\\\/blancomania.hu\\\/blog\\\/elica-faliparaelszivok-ahol-a-levego-stilust-kap\\\/#primaryimage\"},\"thumbnailUrl\":\"https:\\\/\\\/blancomania.hu\\\/blog\\\/wp-content\\\/uploads\\\/2025\\\/07\\\/elica-aplomb.jpg\",\"articleSection\":[\"P\u00e1raelsz\u00edv\u00f3k\"],\"inLanguage\":\"hu\"},{\"@type\":\"WebPage\",\"@id\":\"https:\\\/\\\/blancomania.hu\\\/blog\\\/elica-faliparaelszivok-ahol-a-levego-stilust-kap\\\/\",\"url\":\"https:\\\/\\\/blancomania.hu\\\/blog\\\/elica-faliparaelszivok-ahol-a-levego-stilust-kap\\\/\",\"name\":\"Elica falip\u00e1raelsz\u00edv\u00f3k - ahol a leveg\u0151 st\u00edlust kap - Blanco M\u00e1nia blog\",\"isPartOf\":{\"@id\":\"https:\\\/\\\/blancomania.hu\\\/blog\\\/#website\"},\"primaryImageOfPage\":{\"@id\":\"https:\\\/\\\/blancomania.hu\\\/blog\\\/elica-faliparaelszivok-ahol-a-levego-stilust-kap\\\/#primaryimage\"},\"image\":{\"@id\":\"https:\\\/\\\/blancomania.hu\\\/blog\\\/elica-faliparaelszivok-ahol-a-levego-stilust-kap\\\/#primaryimage\"},\"thumbnailUrl\":\"https:\\\/\\\/blancomania.hu\\\/blog\\\/wp-content\\\/uploads\\\/2025\\\/07\\\/elica-aplomb.jpg\",\"datePublished\":\"2025-07-21T05:23:35+00:00\",\"dateModified\":\"2025-07-21T07:04:17+00:00\",\"description\":\"A fali elsz\u00edv\u00f3k vizu\u00e1lisan is karakteres m\u00f3don jelennek meg a konyh\u00e1ban, egy szoborszer\u0171, designkieg\u00e9sz\u00edt\u0151 form\u00e1j\u00e1ban\",\"breadcrumb\":{\"@id\":\"https:\\\/\\\/blancomania.hu\\\/blog\\\/elica-faliparaelszivok-ahol-a-levego-stilust-kap\\\/#breadcrumb\"},\"inLanguage\":\"hu\",\"potentialAction\":[{\"@type\":\"ReadAction\",\"target\":[\"https:\\\/\\\/blancomania.hu\\\/blog\\\/elica-faliparaelszivok-ahol-a-levego-stilust-kap\\\/\"]}]},{\"@type\":\"ImageObject\",\"inLanguage\":\"hu\",\"@id\":\"https:\\\/\\\/blancomania.hu\\\/blog\\\/elica-faliparaelszivok-ahol-a-levego-stilust-kap\\\/#primaryimage\",\"url\":\"https:\\\/\\\/blancomania.hu\\\/blog\\\/wp-content\\\/uploads\\\/2025\\\/07\\\/elica-aplomb.jpg\",\"contentUrl\":\"https:\\\/\\\/blancomania.hu\\\/blog\\\/wp-content\\\/uploads\\\/2025\\\/07\\\/elica-aplomb.jpg\",\"width\":730,\"height\":730},{\"@type\":\"BreadcrumbList\",\"@id\":\"https:\\\/\\\/blancomania.hu\\\/blog\\\/elica-faliparaelszivok-ahol-a-levego-stilust-kap\\\/#breadcrumb\",\"itemListElement\":[{\"@type\":\"ListItem\",\"position\":1,\"name\":\"Kezd\u0151lap\",\"item\":\"https:\\\/\\\/blancomania.hu\\\/blog\\\/\"},{\"@type\":\"ListItem\",\"position\":2,\"name\":\"Elica falip\u00e1raelsz\u00edv\u00f3k &#8211; ahol a leveg\u0151 st\u00edlust kap\"}]},{\"@type\":\"WebSite\",\"@id\":\"https:\\\/\\\/blancomania.hu\\\/blog\\\/#website\",\"url\":\"https:\\\/\\\/blancomania.hu\\\/blog\\\/\",\"name\":\"Blanco M\u00e1nia\",\"description\":\"Blanco mosogat\u00f3 \u00e9s csaptelep web\u00e1ruh\u00e1z\",\"publisher\":{\"@id\":\"https:\\\/\\\/blancomania.hu\\\/blog\\\/#organization\"},\"potentialAction\":[{\"@type\":\"SearchAction\",\"target\":{\"@type\":\"EntryPoint\",\"urlTemplate\":\"https:\\\/\\\/blancomania.hu\\\/blog\\\/?s={search_term_string}\"},\"query-input\":{\"@type\":\"PropertyValueSpecification\",\"valueRequired\":true,\"valueName\":\"search_term_string\"}}],\"inLanguage\":\"hu\"},{\"@type\":\"Organization\",\"@id\":\"https:\\\/\\\/blancomania.hu\\\/blog\\\/#organization\",\"name\":\"Admir\u00e1l Studio Kft.\",\"url\":\"https:\\\/\\\/blancomania.hu\\\/blog\\\/\",\"logo\":{\"@type\":\"ImageObject\",\"inLanguage\":\"hu\",\"@id\":\"https:\\\/\\\/blancomania.hu\\\/blog\\\/#\\\/schema\\\/logo\\\/image\\\/\",\"url\":\"https:\\\/\\\/blancomania.hu\\\/blog\\\/wp-content\\\/uploads\\\/2023\\\/05\\\/logokek1-.png\",\"contentUrl\":\"https:\\\/\\\/blancomania.hu\\\/blog\\\/wp-content\\\/uploads\\\/2023\\\/05\\\/logokek1-.png\",\"width\":270,\"height\":45,\"caption\":\"Admir\u00e1l Studio Kft.\"},\"image\":{\"@id\":\"https:\\\/\\\/blancomania.hu\\\/blog\\\/#\\\/schema\\\/logo\\\/image\\\/\"},\"sameAs\":[\"https:\\\/\\\/www.facebook.com\\\/blancomania\",\"https:\\\/\\\/www.instagram.com\\\/admiral_studio\\\/\",\"https:\\\/\\\/www.youtube.com\\\/user\\\/AdmiralStudio\"]},{\"@type\":\"Person\",\"@id\":\"https:\\\/\\\/blancomania.hu\\\/blog\\\/#\\\/schema\\\/person\\\/0cfd4494fd92794c5850df1fe0d87550\",\"name\":\"Princz Panni\",\"image\":{\"@type\":\"ImageObject\",\"inLanguage\":\"hu\",\"@id\":\"https:\\\/\\\/secure.gravatar.com\\\/avatar\\\/17130ab04aa5db7bc5fe6d0a0901f8495d6521d1a7576cd1e2e0c3846440cc7a?s=96&d=mm&r=g\",\"url\":\"https:\\\/\\\/secure.gravatar.com\\\/avatar\\\/17130ab04aa5db7bc5fe6d0a0901f8495d6521d1a7576cd1e2e0c3846440cc7a?s=96&d=mm&r=g\",\"contentUrl\":\"https:\\\/\\\/secure.gravatar.com\\\/avatar\\\/17130ab04aa5db7bc5fe6d0a0901f8495d6521d1a7576cd1e2e0c3846440cc7a?s=96&d=mm&r=g\",\"caption\":\"Princz Panni\"},\"url\":\"https:\\\/\\\/blancomania.hu\\\/blog\\\/author\\\/pprincz\\\/\"}]}<\/script>\n<!-- \/ Yoast SEO plugin. -->","yoast_head_json":{"title":"Elica falip\u00e1raelsz\u00edv\u00f3k - ahol a leveg\u0151 st\u00edlust kap - Blanco M\u00e1nia blog","description":"A fali elsz\u00edv\u00f3k vizu\u00e1lisan is karakteres m\u00f3don jelennek meg a konyh\u00e1ban, egy szoborszer\u0171, designkieg\u00e9sz\u00edt\u0151 form\u00e1j\u00e1ban","robots":{"index":"index","follow":"follow","max-snippet":"max-snippet:-1","max-image-preview":"max-image-preview:large","max-video-preview":"max-video-preview:-1"},"canonical":"https:\/\/blancomania.hu\/blog\/elica-faliparaelszivok-ahol-a-levego-stilust-kap\/","og_locale":"hu_HU","og_type":"article","og_title":"Elica falip\u00e1raelsz\u00edv\u00f3k - ahol a leveg\u0151 st\u00edlust kap - Blanco M\u00e1nia blog","og_description":"A fali elsz\u00edv\u00f3k vizu\u00e1lisan is karakteres m\u00f3don jelennek meg a konyh\u00e1ban, egy szoborszer\u0171, designkieg\u00e9sz\u00edt\u0151 form\u00e1j\u00e1ban","og_url":"https:\/\/blancomania.hu\/blog\/elica-faliparaelszivok-ahol-a-levego-stilust-kap\/","og_site_name":"Blanco M\u00e1nia blog","article_publisher":"https:\/\/www.facebook.com\/blancomania","article_published_time":"2025-07-21T05:23:35+00:00","article_modified_time":"2025-07-21T07:04:17+00:00","og_image":[{"width":730,"height":730,"url":"https:\/\/blancomania.hu\/blog\/wp-content\/uploads\/2025\/07\/elica-aplomb.jpg","type":"image\/jpeg"}],"author":"Princz Panni","twitter_card":"summary_large_image","twitter_misc":{"Szerz\u0151:":"Princz Panni","Becs\u00fclt olvas\u00e1si id\u0151":"7 perc"},"schema":{"@context":"https:\/\/schema.org","@graph":[{"@type":"Article","@id":"https:\/\/blancomania.hu\/blog\/elica-faliparaelszivok-ahol-a-levego-stilust-kap\/#article","isPartOf":{"@id":"https:\/\/blancomania.hu\/blog\/elica-faliparaelszivok-ahol-a-levego-stilust-kap\/"},"author":{"name":"Princz Panni","@id":"https:\/\/blancomania.hu\/blog\/#\/schema\/person\/0cfd4494fd92794c5850df1fe0d87550"},"headline":"Elica falip\u00e1raelsz\u00edv\u00f3k &#8211; ahol a leveg\u0151 st\u00edlust kap","datePublished":"2025-07-21T05:23:35+00:00","dateModified":"2025-07-21T07:04:17+00:00","mainEntityOfPage":{"@id":"https:\/\/blancomania.hu\/blog\/elica-faliparaelszivok-ahol-a-levego-stilust-kap\/"},"wordCount":1397,"publisher":{"@id":"https:\/\/blancomania.hu\/blog\/#organization"},"image":{"@id":"https:\/\/blancomania.hu\/blog\/elica-faliparaelszivok-ahol-a-levego-stilust-kap\/#primaryimage"},"thumbnailUrl":"https:\/\/blancomania.hu\/blog\/wp-content\/uploads\/2025\/07\/elica-aplomb.jpg","articleSection":["P\u00e1raelsz\u00edv\u00f3k"],"inLanguage":"hu"},{"@type":"WebPage","@id":"https:\/\/blancomania.hu\/blog\/elica-faliparaelszivok-ahol-a-levego-stilust-kap\/","url":"https:\/\/blancomania.hu\/blog\/elica-faliparaelszivok-ahol-a-levego-stilust-kap\/","name":"Elica falip\u00e1raelsz\u00edv\u00f3k - ahol a leveg\u0151 st\u00edlust kap - Blanco M\u00e1nia blog","isPartOf":{"@id":"https:\/\/blancomania.hu\/blog\/#website"},"primaryImageOfPage":{"@id":"https:\/\/blancomania.hu\/blog\/elica-faliparaelszivok-ahol-a-levego-stilust-kap\/#primaryimage"},"image":{"@id":"https:\/\/blancomania.hu\/blog\/elica-faliparaelszivok-ahol-a-levego-stilust-kap\/#primaryimage"},"thumbnailUrl":"https:\/\/blancomania.hu\/blog\/wp-content\/uploads\/2025\/07\/elica-aplomb.jpg","datePublished":"2025-07-21T05:23:35+00:00","dateModified":"2025-07-21T07:04:17+00:00","description":"A fali elsz\u00edv\u00f3k vizu\u00e1lisan is karakteres m\u00f3don jelennek meg a konyh\u00e1ban, egy szoborszer\u0171, designkieg\u00e9sz\u00edt\u0151 form\u00e1j\u00e1ban","breadcrumb":{"@id":"https:\/\/blancomania.hu\/blog\/elica-faliparaelszivok-ahol-a-levego-stilust-kap\/#breadcrumb"},"inLanguage":"hu","potentialAction":[{"@type":"ReadAction","target":["https:\/\/blancomania.hu\/blog\/elica-faliparaelszivok-ahol-a-levego-stilust-kap\/"]}]},{"@type":"ImageObject","inLanguage":"hu","@id":"https:\/\/blancomania.hu\/blog\/elica-faliparaelszivok-ahol-a-levego-stilust-kap\/#primaryimage","url":"https:\/\/blancomania.hu\/blog\/wp-content\/uploads\/2025\/07\/elica-aplomb.jpg","contentUrl":"https:\/\/blancomania.hu\/blog\/wp-content\/uploads\/2025\/07\/elica-aplomb.jpg","width":730,"height":730},{"@type":"BreadcrumbList","@id":"https:\/\/blancomania.hu\/blog\/elica-faliparaelszivok-ahol-a-levego-stilust-kap\/#breadcrumb","itemListElement":[{"@type":"ListItem","position":1,"name":"Kezd\u0151lap","item":"https:\/\/blancomania.hu\/blog\/"},{"@type":"ListItem","position":2,"name":"Elica falip\u00e1raelsz\u00edv\u00f3k &#8211; ahol a leveg\u0151 st\u00edlust kap"}]},{"@type":"WebSite","@id":"https:\/\/blancomania.hu\/blog\/#website","url":"https:\/\/blancomania.hu\/blog\/","name":"Blanco M\u00e1nia","description":"Blanco mosogat\u00f3 \u00e9s csaptelep web\u00e1ruh\u00e1z","publisher":{"@id":"https:\/\/blancomania.hu\/blog\/#organization"},"potentialAction":[{"@type":"SearchAction","target":{"@type":"EntryPoint","urlTemplate":"https:\/\/blancomania.hu\/blog\/?s={search_term_string}"},"query-input":{"@type":"PropertyValueSpecification","valueRequired":true,"valueName":"search_term_string"}}],"inLanguage":"hu"},{"@type":"Organization","@id":"https:\/\/blancomania.hu\/blog\/#organization","name":"Admir\u00e1l Studio Kft.","url":"https:\/\/blancomania.hu\/blog\/","logo":{"@type":"ImageObject","inLanguage":"hu","@id":"https:\/\/blancomania.hu\/blog\/#\/schema\/logo\/image\/","url":"https:\/\/blancomania.hu\/blog\/wp-content\/uploads\/2023\/05\/logokek1-.png","contentUrl":"https:\/\/blancomania.hu\/blog\/wp-content\/uploads\/2023\/05\/logokek1-.png","width":270,"height":45,"caption":"Admir\u00e1l Studio Kft."},"image":{"@id":"https:\/\/blancomania.hu\/blog\/#\/schema\/logo\/image\/"},"sameAs":["https:\/\/www.facebook.com\/blancomania","https:\/\/www.instagram.com\/admiral_studio\/","https:\/\/www.youtube.com\/user\/AdmiralStudio"]},{"@type":"Person","@id":"https:\/\/blancomania.hu\/blog\/#\/schema\/person\/0cfd4494fd92794c5850df1fe0d87550","name":"Princz Panni","image":{"@type":"ImageObject","inLanguage":"hu","@id":"https:\/\/secure.gravatar.com\/avatar\/17130ab04aa5db7bc5fe6d0a0901f8495d6521d1a7576cd1e2e0c3846440cc7a?s=96&d=mm&r=g","url":"https:\/\/secure.gravatar.com\/avatar\/17130ab04aa5db7bc5fe6d0a0901f8495d6521d1a7576cd1e2e0c3846440cc7a?s=96&d=mm&r=g","contentUrl":"https:\/\/secure.gravatar.com\/avatar\/17130ab04aa5db7bc5fe6d0a0901f8495d6521d1a7576cd1e2e0c3846440cc7a?s=96&d=mm&r=g","caption":"Princz Panni"},"url":"https:\/\/blancomania.hu\/blog\/author\/pprincz\/"}]}},"_links":{"self":[{"href":"https:\/\/blancomania.hu\/blog\/wp-json\/wp\/v2\/posts\/5380","targetHints":{"allow":["GET"]}}],"collection":[{"href":"https:\/\/blancomania.hu\/blog\/wp-json\/wp\/v2\/posts"}],"about":[{"href":"https:\/\/blancomania.hu\/blog\/wp-json\/wp\/v2\/types\/post"}],"author":[{"embeddable":true,"href":"https:\/\/blancomania.hu\/blog\/wp-json\/wp\/v2\/users\/5"}],"replies":[{"embeddable":true,"href":"https:\/\/blancomania.hu\/blog\/wp-json\/wp\/v2\/comments?post=5380"}],"version-history":[{"count":0,"href":"https:\/\/blancomania.hu\/blog\/wp-json\/wp\/v2\/posts\/5380\/revisions"}],"wp:featuredmedia":[{"embeddable":true,"href":"https:\/\/blancomania.hu\/blog\/wp-json\/wp\/v2\/media\/5391"}],"wp:attachment":[{"href":"https:\/\/blancomania.hu\/blog\/wp-json\/wp\/v2\/media?parent=5380"}],"wp:term":[{"taxonomy":"category","embeddable":true,"href":"https:\/\/blancomania.hu\/blog\/wp-json\/wp\/v2\/categories?post=5380"},{"taxonomy":"post_tag","embeddable":true,"href":"https:\/\/blancomania.hu\/blog\/wp-json\/wp\/v2\/tags?post=5380"}],"curies":[{"name":"wp","href":"https:\/\/api.w.org\/{rel}","templated":true}]}}