{"id":5278,"date":"2025-06-25T19:36:44","date_gmt":"2025-06-25T17:36:44","guid":{"rendered":"https:\/\/blancomania.hu\/blog\/?p=5278"},"modified":"2025-06-26T10:25:14","modified_gmt":"2025-06-26T08:25:14","slug":"beepitheto-paraelszivok-olasz-design-ikonikus-forma-tudatos-tartalom","status":"publish","type":"post","link":"https:\/\/blancomania.hu\/blog\/beepitheto-paraelszivok-olasz-design-ikonikus-forma-tudatos-tartalom\/","title":{"rendered":"Elica be\u00e9p\u00edthet\u0151 p\u00e1raelsz\u00edv\u00f3k &#8211; olasz design, ikonikus forma, tudatos tartalom"},"content":{"rendered":"\t\t<div data-elementor-type=\"wp-post\" data-elementor-id=\"5278\" class=\"elementor elementor-5278\" data-elementor-post-type=\"post\">\n\t\t\t\t\t\t<section class=\"elementor-section elementor-top-section elementor-element elementor-element-ed034cb elementor-section-boxed elementor-section-height-default elementor-section-height-default\" data-id=\"ed034cb\" data-element_type=\"section\" data-e-type=\"section\">\n\t\t\t\t\t\t<div class=\"elementor-container elementor-column-gap-default\">\n\t\t\t\t\t<div class=\"elementor-column elementor-col-50 elementor-top-column elementor-element elementor-element-018d2bd\" data-id=\"018d2bd\" data-element_type=\"column\" data-e-type=\"column\">\n\t\t\t<div class=\"elementor-widget-wrap elementor-element-populated\">\n\t\t\t\t\t\t<div class=\"elementor-element elementor-element-cbee884 elementor-widget elementor-widget-image\" data-id=\"cbee884\" data-element_type=\"widget\" data-e-type=\"widget\" data-widget_type=\"image.default\">\n\t\t\t\t<div class=\"elementor-widget-container\">\n\t\t\t\t\t\t\t\t\t\t\t\t\t\t\t<img fetchpriority=\"high\" decoding=\"async\" width=\"1920\" height=\"1084\" src=\"https:\/\/blancomania.hu\/blog\/wp-content\/uploads\/2025\/06\/elica-ct35pro.webp\" class=\"attachment-full size-full wp-image-5312\" alt=\"\" srcset=\"https:\/\/blancomania.hu\/blog\/wp-content\/uploads\/2025\/06\/elica-ct35pro.webp 1920w, https:\/\/blancomania.hu\/blog\/wp-content\/uploads\/2025\/06\/elica-ct35pro-300x169.webp 300w, https:\/\/blancomania.hu\/blog\/wp-content\/uploads\/2025\/06\/elica-ct35pro-1024x578.webp 1024w, https:\/\/blancomania.hu\/blog\/wp-content\/uploads\/2025\/06\/elica-ct35pro-768x434.webp 768w, https:\/\/blancomania.hu\/blog\/wp-content\/uploads\/2025\/06\/elica-ct35pro-1536x867.webp 1536w\" sizes=\"(max-width: 1920px) 100vw, 1920px\" \/>\t\t\t\t\t\t\t\t\t\t\t\t\t\t\t<\/div>\n\t\t\t\t<\/div>\n\t\t\t\t\t<\/div>\n\t\t<\/div>\n\t\t\t\t<div class=\"elementor-column elementor-col-50 elementor-top-column elementor-element elementor-element-bb88aae\" data-id=\"bb88aae\" data-element_type=\"column\" data-e-type=\"column\">\n\t\t\t<div class=\"elementor-widget-wrap elementor-element-populated\">\n\t\t\t\t\t\t<div class=\"elementor-element elementor-element-129ad6c elementor-widget elementor-widget-heading\" data-id=\"129ad6c\" data-element_type=\"widget\" data-e-type=\"widget\" data-widget_type=\"heading.default\">\n\t\t\t\t<div class=\"elementor-widget-container\">\n\t\t\t\t\t<h1 class=\"elementor-heading-title elementor-size-default\">Elica be\u00e9p\u00edthet\u0151 p\u00e1raelsz\u00edv\u00f3k - olasz design, ikonikus forma, tudatos tartalom<\/h1>\t\t\t\t<\/div>\n\t\t\t\t<\/div>\n\t\t\t\t<div class=\"elementor-element elementor-element-e2a5b89 elementor-widget elementor-widget-heading\" data-id=\"e2a5b89\" data-element_type=\"widget\" data-e-type=\"widget\" data-widget_type=\"heading.default\">\n\t\t\t\t<div class=\"elementor-widget-container\">\n\t\t\t\t\t<h2 class=\"elementor-heading-title elementor-size-default\">Blanco Bemutat\u00f3terem \u00e9s \u00fczlet<\/h2>\t\t\t\t<\/div>\n\t\t\t\t<\/div>\n\t\t\t\t\t<\/div>\n\t\t<\/div>\n\t\t\t\t\t<\/div>\n\t\t<\/section>\n\t\t\t\t<section class=\"elementor-section elementor-top-section elementor-element elementor-element-a2a3492 elementor-section-boxed elementor-section-height-default elementor-section-height-default\" data-id=\"a2a3492\" data-element_type=\"section\" data-e-type=\"section\" data-settings=\"{&quot;background_background&quot;:&quot;gradient&quot;}\">\n\t\t\t\t\t\t<div class=\"elementor-container elementor-column-gap-default\">\n\t\t\t\t\t<div class=\"elementor-column elementor-col-50 elementor-top-column elementor-element elementor-element-ec7abf3\" data-id=\"ec7abf3\" data-element_type=\"column\" data-e-type=\"column\">\n\t\t\t<div class=\"elementor-widget-wrap elementor-element-populated\">\n\t\t\t\t\t\t<div class=\"elementor-element elementor-element-8a57f38 elementor-widget elementor-widget-image\" data-id=\"8a57f38\" data-element_type=\"widget\" data-e-type=\"widget\" data-widget_type=\"image.default\">\n\t\t\t\t<div class=\"elementor-widget-container\">\n\t\t\t\t\t\t\t\t\t\t\t\t\t\t\t<img decoding=\"async\" width=\"1998\" height=\"2015\" src=\"https:\/\/blancomania.hu\/blog\/wp-content\/uploads\/2024\/03\/Aniko3-1.jpg\" class=\"attachment-full size-full wp-image-3621\" alt=\"\" srcset=\"https:\/\/blancomania.hu\/blog\/wp-content\/uploads\/2024\/03\/Aniko3-1.jpg 1998w, https:\/\/blancomania.hu\/blog\/wp-content\/uploads\/2024\/03\/Aniko3-1-297x300.jpg 297w, https:\/\/blancomania.hu\/blog\/wp-content\/uploads\/2024\/03\/Aniko3-1-1015x1024.jpg 1015w, https:\/\/blancomania.hu\/blog\/wp-content\/uploads\/2024\/03\/Aniko3-1-150x150.jpg 150w, https:\/\/blancomania.hu\/blog\/wp-content\/uploads\/2024\/03\/Aniko3-1-768x775.jpg 768w, https:\/\/blancomania.hu\/blog\/wp-content\/uploads\/2024\/03\/Aniko3-1-1523x1536.jpg 1523w\" sizes=\"(max-width: 1998px) 100vw, 1998px\" \/>\t\t\t\t\t\t\t\t\t\t\t\t\t\t\t<\/div>\n\t\t\t\t<\/div>\n\t\t\t\t\t<\/div>\n\t\t<\/div>\n\t\t\t\t<div class=\"elementor-column elementor-col-50 elementor-top-column elementor-element elementor-element-7d80ec3\" data-id=\"7d80ec3\" data-element_type=\"column\" data-e-type=\"column\">\n\t\t\t<div class=\"elementor-widget-wrap elementor-element-populated\">\n\t\t\t\t\t\t<div class=\"elementor-element elementor-element-f8f55a1 elementor-widget elementor-widget-text-editor\" data-id=\"f8f55a1\" data-element_type=\"widget\" data-e-type=\"widget\" data-widget_type=\"text-editor.default\">\n\t\t\t\t<div class=\"elementor-widget-container\">\n\t\t\t\t\t\t\t\t\t<p>\u00cdrta: Kar\u00e1csony Anik\u00f3<\/p>\t\t\t\t\t\t\t\t<\/div>\n\t\t\t\t<\/div>\n\t\t\t\t\t<\/div>\n\t\t<\/div>\n\t\t\t\t\t<\/div>\n\t\t<\/section>\n\t\t\t\t<section class=\"elementor-section elementor-top-section elementor-element elementor-element-7c480f7 elementor-section-boxed elementor-section-height-default elementor-section-height-default\" data-id=\"7c480f7\" data-element_type=\"section\" data-e-type=\"section\">\n\t\t\t\t\t\t<div class=\"elementor-container elementor-column-gap-default\">\n\t\t\t\t\t<div class=\"elementor-column elementor-col-100 elementor-top-column elementor-element elementor-element-0f931a9\" data-id=\"0f931a9\" data-element_type=\"column\" data-e-type=\"column\">\n\t\t\t<div class=\"elementor-widget-wrap elementor-element-populated\">\n\t\t\t\t\t\t<div class=\"elementor-element elementor-element-af144db elementor-widget elementor-widget-text-editor\" data-id=\"af144db\" data-element_type=\"widget\" data-e-type=\"widget\" data-widget_type=\"text-editor.default\">\n\t\t\t\t<div class=\"elementor-widget-container\">\n\t\t\t\t\t\t\t\t\t<p>A modern konyh\u00e1kban a l\u00e1tv\u00e1nyos diz\u00e1jnelemek \u00e9s az okos, rejtett technol\u00f3gi\u00e1k k\u00e9z a k\u00e9zben j\u00e1rnak. Egyre t\u00f6bb felhaszn\u00e1l\u00f3 v\u00e1laszt olyan megold\u00e1sokat, amelyek nem tolakodnak a t\u00e9rbe, m\u00e9gis professzion\u00e1lis teljes\u00edtm\u00e9nyt ny\u00fajtanak \u2013 ilyenek a polc al\u00e1, fels\u0151 szekr\u00e9nybe vagy ak\u00e1r gipszkartonba s\u00fcllyesztett p\u00e1raelsz\u00edv\u00f3k is. Diszkr\u00e9tek, eleg\u00e1nsak, \u00e9s ide\u00e1lis v\u00e1laszt\u00e1st jelentenek mind klasszikus, mind minim\u00e1l enteri\u0151r\u00f6kbe. A technol\u00f3giai \u00e9s eszt\u00e9tikai min\u0151s\u00e9g egyik legkiemelked\u0151bb k\u00e9pvisel\u0151je pedig k\u00e9ts\u00e9gtelen\u00fcl az olasz ELICA.<\/p><p><b>Mi\u00e9rt \u00e9rdemes be\u00e9p\u00edthet\u0151 p\u00e1raelsz\u00edv\u00f3t v\u00e1lasztani?<\/b><\/p><p>A modern konyh\u00e1kban egyre kisebb szerepet kapnak a szabadon \u00e1ll\u00f3, l\u00e1tv\u00e1nyos elsz\u00edv\u00f3k, k\u00fcl\u00f6n\u00f6sen akkor, ha a konyhab\u00fatorba rejtett, egys\u00e9ges megjelen\u00e9s a c\u00e9l.\u00a0<span style=\"font-size: 1rem;\">Annak ellen\u00e9re, hogy az ELICA a fels\u0151 szekr\u00e9nyekbe, vagy polcok al\u00e1 integr\u00e1lt p\u00e1raelsz\u00edv\u00f3i legink\u00e1bb rejtve maradnak a szem el\u0151l, az eszt\u00e9tik\u00e1juk m\u00e9gis oly annyira vonz\u00f3, hogy a design vil\u00e1g m\u00e9gis t\u00f6bb alkalommal is d\u00edjazta egy-egy formaterv\u00fcket.<\/span><\/p><p>Ezek a p\u00e1raelsz\u00edv\u00f3k szinte l\u00e1thatatlanul simulnak bele a fels\u0151 szekr\u00e9nysorba, egy lebeg\u0151 polcba vagy ak\u00e1r gipszkartonos dobozol\u00e1sba, \u00e9s mik\u00f6zben szinte \u00e9szrev\u00e9tlenek maradnak, kiv\u00e1l\u00f3an elv\u00e9gzik a dolgukat: hat\u00e9konyan \u00e9s halkan elsz\u00edvj\u00e1k a f\u0151z\u00e9s sor\u00e1n keletkez\u0151 g\u0151zt, zs\u00edrt \u00e9s szagokat.<\/p>\t\t\t\t\t\t\t\t<\/div>\n\t\t\t\t<\/div>\n\t\t\t\t\t<\/div>\n\t\t<\/div>\n\t\t\t\t\t<\/div>\n\t\t<\/section>\n\t\t\t\t<section class=\"elementor-section elementor-top-section elementor-element elementor-element-5f824ed elementor-section-boxed elementor-section-height-default elementor-section-height-default\" data-id=\"5f824ed\" data-element_type=\"section\" data-e-type=\"section\">\n\t\t\t\t\t\t<div class=\"elementor-container elementor-column-gap-default\">\n\t\t\t\t\t<div class=\"elementor-column elementor-col-50 elementor-top-column elementor-element elementor-element-3632abe\" data-id=\"3632abe\" data-element_type=\"column\" data-e-type=\"column\">\n\t\t\t<div class=\"elementor-widget-wrap elementor-element-populated\">\n\t\t\t\t\t\t<div class=\"elementor-element elementor-element-c784635 elementor-widget elementor-widget-image\" data-id=\"c784635\" data-element_type=\"widget\" data-e-type=\"widget\" data-widget_type=\"image.default\">\n\t\t\t\t<div class=\"elementor-widget-container\">\n\t\t\t\t\t\t\t\t\t\t\t\t<figure class=\"wp-caption\">\n\t\t\t\t\t\t\t\t\t\t<img decoding=\"async\" width=\"2560\" height=\"1961\" src=\"https:\/\/blancomania.hu\/blog\/wp-content\/uploads\/2025\/06\/hidden20-room-04-paraelszivo-scaled.jpg\" class=\"attachment-full size-full wp-image-5314\" alt=\"\" srcset=\"https:\/\/blancomania.hu\/blog\/wp-content\/uploads\/2025\/06\/hidden20-room-04-paraelszivo-scaled.jpg 2560w, https:\/\/blancomania.hu\/blog\/wp-content\/uploads\/2025\/06\/hidden20-room-04-paraelszivo-300x230.jpg 300w, https:\/\/blancomania.hu\/blog\/wp-content\/uploads\/2025\/06\/hidden20-room-04-paraelszivo-1024x784.jpg 1024w, https:\/\/blancomania.hu\/blog\/wp-content\/uploads\/2025\/06\/hidden20-room-04-paraelszivo-768x588.jpg 768w, https:\/\/blancomania.hu\/blog\/wp-content\/uploads\/2025\/06\/hidden20-room-04-paraelszivo-1536x1177.jpg 1536w, https:\/\/blancomania.hu\/blog\/wp-content\/uploads\/2025\/06\/hidden20-room-04-paraelszivo-2048x1569.jpg 2048w\" sizes=\"(max-width: 2560px) 100vw, 2560px\" \/>\t\t\t\t\t\t\t\t\t\t\t<figcaption class=\"widget-image-caption wp-caption-text\">Elica - Hidden 2.0 p\u00e1raelsz\u00edv\u00f3<\/figcaption>\n\t\t\t\t\t\t\t\t\t\t<\/figure>\n\t\t\t\t\t\t\t\t\t<\/div>\n\t\t\t\t<\/div>\n\t\t\t\t\t<\/div>\n\t\t<\/div>\n\t\t\t\t<div class=\"elementor-column elementor-col-50 elementor-top-column elementor-element elementor-element-4fb98d7\" data-id=\"4fb98d7\" data-element_type=\"column\" data-e-type=\"column\">\n\t\t\t<div class=\"elementor-widget-wrap elementor-element-populated\">\n\t\t\t\t\t\t<div class=\"elementor-element elementor-element-2f0b5f4 elementor-widget elementor-widget-heading\" data-id=\"2f0b5f4\" data-element_type=\"widget\" data-e-type=\"widget\" data-widget_type=\"heading.default\">\n\t\t\t\t<div class=\"elementor-widget-container\">\n\t\t\t\t\t<h2 class=\"elementor-heading-title elementor-size-default\">Az ELICA be\u00e9p\u00edthet\u0151 p\u00e1raelsz\u00edv\u00f3k el\u0151nyei<\/h2>\t\t\t\t<\/div>\n\t\t\t\t<\/div>\n\t\t\t\t<div class=\"elementor-element elementor-element-9f9659f elementor-widget elementor-widget-text-editor\" data-id=\"9f9659f\" data-element_type=\"widget\" data-e-type=\"widget\" data-widget_type=\"text-editor.default\">\n\t\t\t\t<div class=\"elementor-widget-container\">\n\t\t\t\t\t\t\t\t\t<ul><li>Tiszt\u00e1n tartj\u00e1k a konyhai leveg\u0151t an\u00e9lk\u00fcl, hogy vizu\u00e1lisan megzavarn\u00e1k a t\u00e9r (els\u0151sorban a minimalista enteri\u0151r\u00f6k) \u00f6sszk\u00e9p\u00e9t.<\/li><li>Kiv\u00e1l\u00f3 megold\u00e1s kis konyh\u00e1kba, ahol minden n\u00e9gyzetcentim\u00e9ter sz\u00e1m\u00edt.<\/li><li>Letisztult, egys\u00e9ges b\u00fatorkialak\u00e1s val\u00f3s\u00edthat\u00f3 meg vel\u00fck.<\/li><li>Korszer\u0171 sz\u0171r\u0151technol\u00f3gi\u00e1kkal \u00e9s energiahat\u00e9kony motorokkal m\u0171k\u00f6dnek.<\/li><li>Csendes m\u0171k\u00f6d\u00e9s amely nem zavarja a konyhai \u00e9letet vagy a nyitott terek nyugalm\u00e1t.<\/li><\/ul>\t\t\t\t\t\t\t\t<\/div>\n\t\t\t\t<\/div>\n\t\t\t\t\t<\/div>\n\t\t<\/div>\n\t\t\t\t\t<\/div>\n\t\t<\/section>\n\t\t\t\t<section class=\"elementor-section elementor-top-section elementor-element elementor-element-26c7d1b elementor-section-boxed elementor-section-height-default elementor-section-height-default\" data-id=\"26c7d1b\" data-element_type=\"section\" data-e-type=\"section\" data-settings=\"{&quot;background_background&quot;:&quot;classic&quot;}\">\n\t\t\t\t\t\t<div class=\"elementor-container elementor-column-gap-default\">\n\t\t\t\t\t<div class=\"elementor-column elementor-col-100 elementor-top-column elementor-element elementor-element-f742781\" data-id=\"f742781\" data-element_type=\"column\" data-e-type=\"column\">\n\t\t\t<div class=\"elementor-widget-wrap elementor-element-populated\">\n\t\t\t\t\t\t<div class=\"elementor-element elementor-element-cbbce23 elementor-widget elementor-widget-heading\" data-id=\"cbbce23\" data-element_type=\"widget\" data-e-type=\"widget\" data-widget_type=\"heading.default\">\n\t\t\t\t<div class=\"elementor-widget-container\">\n\t\t\t\t\t<h2 class=\"elementor-heading-title elementor-size-default\">Mi\u00e9rt \u00e9s mikor v\u00e1laszd ezt a t\u00edpust?<\/h2>\t\t\t\t<\/div>\n\t\t\t\t<\/div>\n\t\t\t\t\t<\/div>\n\t\t<\/div>\n\t\t\t\t\t<\/div>\n\t\t<\/section>\n\t\t\t\t<section class=\"elementor-section elementor-top-section elementor-element elementor-element-eb096d6 elementor-section-boxed elementor-section-height-default elementor-section-height-default\" data-id=\"eb096d6\" data-element_type=\"section\" data-e-type=\"section\">\n\t\t\t\t\t\t<div class=\"elementor-container elementor-column-gap-default\">\n\t\t\t\t\t<div class=\"elementor-column elementor-col-50 elementor-top-column elementor-element elementor-element-b9db2bf\" data-id=\"b9db2bf\" data-element_type=\"column\" data-e-type=\"column\">\n\t\t\t<div class=\"elementor-widget-wrap elementor-element-populated\">\n\t\t\t\t\t\t<div class=\"elementor-element elementor-element-1221875 elementor-widget elementor-widget-text-editor\" data-id=\"1221875\" data-element_type=\"widget\" data-e-type=\"widget\" data-widget_type=\"text-editor.default\">\n\t\t\t\t<div class=\"elementor-widget-container\">\n\t\t\t\t\t\t\t\t\t<ul><li>Ha a konyh\u00e1dban fontos a vizu\u00e1lis letisztults\u00e1g, vagy nincs lehet\u0151s\u00e9g szigetelsz\u00edv\u00f3 elhelyez\u00e9s\u00e9re.<\/li><li>Ha a fels\u0151 szekr\u00e9nysor egys\u00e9ges, \u00e9s szeretn\u00e9d az eszk\u00f6z\u00f6ket rejtve tartani.<\/li><li>De akkor is j\u00f3 d\u00f6nt\u00e9s, ha egy \u00e9p\u00edt\u00e9szeti elem \u2013 p\u00e9ld\u00e1ul egy \u00e1lmennyezet vagy gipszkarton doboz \u2013 ad lehet\u0151s\u00e9get az elsz\u00edv\u00f3 rejtett be\u00e9p\u00edt\u00e9s\u00e9re.<\/li><\/ul>\t\t\t\t\t\t\t\t<\/div>\n\t\t\t\t<\/div>\n\t\t\t\t\t<\/div>\n\t\t<\/div>\n\t\t\t\t<div class=\"elementor-column elementor-col-50 elementor-top-column elementor-element elementor-element-5643fec\" data-id=\"5643fec\" data-element_type=\"column\" data-e-type=\"column\">\n\t\t\t<div class=\"elementor-widget-wrap elementor-element-populated\">\n\t\t\t\t\t\t<div class=\"elementor-element elementor-element-11723f5 elementor-widget elementor-widget-image\" data-id=\"11723f5\" data-element_type=\"widget\" data-e-type=\"widget\" data-widget_type=\"image.default\">\n\t\t\t\t<div class=\"elementor-widget-container\">\n\t\t\t\t\t\t\t\t\t\t\t\t<figure class=\"wp-caption\">\n\t\t\t\t\t\t\t\t\t\t<img loading=\"lazy\" decoding=\"async\" width=\"1920\" height=\"1084\" src=\"https:\/\/blancomania.hu\/blog\/wp-content\/uploads\/2025\/06\/elica-level-paraelszivo.webp\" class=\"attachment-full size-full wp-image-5316\" alt=\"\" srcset=\"https:\/\/blancomania.hu\/blog\/wp-content\/uploads\/2025\/06\/elica-level-paraelszivo.webp 1920w, https:\/\/blancomania.hu\/blog\/wp-content\/uploads\/2025\/06\/elica-level-paraelszivo-300x169.webp 300w, https:\/\/blancomania.hu\/blog\/wp-content\/uploads\/2025\/06\/elica-level-paraelszivo-1024x578.webp 1024w, https:\/\/blancomania.hu\/blog\/wp-content\/uploads\/2025\/06\/elica-level-paraelszivo-768x434.webp 768w, https:\/\/blancomania.hu\/blog\/wp-content\/uploads\/2025\/06\/elica-level-paraelszivo-1536x867.webp 1536w\" sizes=\"(max-width: 1920px) 100vw, 1920px\" \/>\t\t\t\t\t\t\t\t\t\t\t<figcaption class=\"widget-image-caption wp-caption-text\">Elica - Level be\u00e9p\u00edthet\u0151 p\u00e1raelsz\u00edv\u00f3<\/figcaption>\n\t\t\t\t\t\t\t\t\t\t<\/figure>\n\t\t\t\t\t\t\t\t\t<\/div>\n\t\t\t\t<\/div>\n\t\t\t\t\t<\/div>\n\t\t<\/div>\n\t\t\t\t\t<\/div>\n\t\t<\/section>\n\t\t\t\t<section class=\"elementor-section elementor-top-section elementor-element elementor-element-01c7cdd elementor-section-boxed elementor-section-height-default elementor-section-height-default\" data-id=\"01c7cdd\" data-element_type=\"section\" data-e-type=\"section\" data-settings=\"{&quot;background_background&quot;:&quot;classic&quot;}\">\n\t\t\t\t\t\t<div class=\"elementor-container elementor-column-gap-default\">\n\t\t\t\t\t<div class=\"elementor-column elementor-col-100 elementor-top-column elementor-element elementor-element-b3021a9\" data-id=\"b3021a9\" data-element_type=\"column\" data-e-type=\"column\">\n\t\t\t<div class=\"elementor-widget-wrap elementor-element-populated\">\n\t\t\t\t\t\t<div class=\"elementor-element elementor-element-970d5a4 elementor-widget elementor-widget-heading\" data-id=\"970d5a4\" data-element_type=\"widget\" data-e-type=\"widget\" data-widget_type=\"heading.default\">\n\t\t\t\t<div class=\"elementor-widget-container\">\n\t\t\t\t\t<h2 class=\"elementor-heading-title elementor-size-default\">ELICA \u2013 az olasz formatervez\u00e9s \u00e9s innov\u00e1ci\u00f3 \u00fatt\u00f6r\u0151je<\/h2>\t\t\t\t<\/div>\n\t\t\t\t<\/div>\n\t\t\t\t\t<\/div>\n\t\t<\/div>\n\t\t\t\t\t<\/div>\n\t\t<\/section>\n\t\t\t\t<section class=\"elementor-section elementor-top-section elementor-element elementor-element-6a92fc9 elementor-section-boxed elementor-section-height-default elementor-section-height-default\" data-id=\"6a92fc9\" data-element_type=\"section\" data-e-type=\"section\">\n\t\t\t\t\t\t<div class=\"elementor-container elementor-column-gap-default\">\n\t\t\t\t\t<div class=\"elementor-column elementor-col-100 elementor-top-column elementor-element elementor-element-42cc48f\" data-id=\"42cc48f\" data-element_type=\"column\" data-e-type=\"column\">\n\t\t\t<div class=\"elementor-widget-wrap elementor-element-populated\">\n\t\t\t\t\t\t<div class=\"elementor-element elementor-element-37749f5 elementor-widget elementor-widget-text-editor\" data-id=\"37749f5\" data-element_type=\"widget\" data-e-type=\"widget\" data-widget_type=\"text-editor.default\">\n\t\t\t\t<div class=\"elementor-widget-container\">\n\t\t\t\t\t\t\t\t\t<p>Az ELICA t\u00f6bb mint 50 \u00e9ve vezeti a vil\u00e1g p\u00e1raelsz\u00edv\u00f3-piac\u00e1t. Nemcsak a technol\u00f3giai innov\u00e1ci\u00f3kban j\u00e1r \u00e9len, de a design tekintet\u00e9ben is etalonnak sz\u00e1m\u00edt. Sz\u00e1mos modellje nyert el olyan rangos elismer\u00e9seket, mint a Red Dot Design Award, az iF Design Award vagy a Good Design Award.<\/p>\t\t\t\t\t\t\t\t<\/div>\n\t\t\t\t<\/div>\n\t\t\t\t\t<\/div>\n\t\t<\/div>\n\t\t\t\t\t<\/div>\n\t\t<\/section>\n\t\t\t\t<section class=\"elementor-section elementor-top-section elementor-element elementor-element-adc7558 elementor-section-boxed elementor-section-height-default elementor-section-height-default\" data-id=\"adc7558\" data-element_type=\"section\" data-e-type=\"section\">\n\t\t\t\t\t\t<div class=\"elementor-container elementor-column-gap-default\">\n\t\t\t\t\t<div class=\"elementor-column elementor-col-50 elementor-top-column elementor-element elementor-element-8f304f9\" data-id=\"8f304f9\" data-element_type=\"column\" data-e-type=\"column\">\n\t\t\t<div class=\"elementor-widget-wrap elementor-element-populated\">\n\t\t\t\t\t\t<div class=\"elementor-element elementor-element-83312c5 elementor-widget elementor-widget-image\" data-id=\"83312c5\" data-element_type=\"widget\" data-e-type=\"widget\" data-widget_type=\"image.default\">\n\t\t\t\t<div class=\"elementor-widget-container\">\n\t\t\t\t\t\t\t\t\t\t\t\t<figure class=\"wp-caption\">\n\t\t\t\t\t\t\t\t\t\t<img loading=\"lazy\" decoding=\"async\" width=\"1032\" height=\"704\" src=\"https:\/\/blancomania.hu\/blog\/wp-content\/uploads\/2025\/06\/elica-elite-paraelszivo.webp\" class=\"attachment-full size-full wp-image-5321\" alt=\"\" srcset=\"https:\/\/blancomania.hu\/blog\/wp-content\/uploads\/2025\/06\/elica-elite-paraelszivo.webp 1032w, https:\/\/blancomania.hu\/blog\/wp-content\/uploads\/2025\/06\/elica-elite-paraelszivo-300x205.webp 300w, https:\/\/blancomania.hu\/blog\/wp-content\/uploads\/2025\/06\/elica-elite-paraelszivo-1024x699.webp 1024w, https:\/\/blancomania.hu\/blog\/wp-content\/uploads\/2025\/06\/elica-elite-paraelszivo-768x524.webp 768w\" sizes=\"(max-width: 1032px) 100vw, 1032px\" \/>\t\t\t\t\t\t\t\t\t\t\t<figcaption class=\"widget-image-caption wp-caption-text\">Elica - Elite p\u00e1raelsz\u00edv\u00f3<\/figcaption>\n\t\t\t\t\t\t\t\t\t\t<\/figure>\n\t\t\t\t\t\t\t\t\t<\/div>\n\t\t\t\t<\/div>\n\t\t\t\t\t<\/div>\n\t\t<\/div>\n\t\t\t\t<div class=\"elementor-column elementor-col-50 elementor-top-column elementor-element elementor-element-0d9167f\" data-id=\"0d9167f\" data-element_type=\"column\" data-e-type=\"column\">\n\t\t\t<div class=\"elementor-widget-wrap elementor-element-populated\">\n\t\t\t\t\t\t<div class=\"elementor-element elementor-element-ef7eecb elementor-widget elementor-widget-text-editor\" data-id=\"ef7eecb\" data-element_type=\"widget\" data-e-type=\"widget\" data-widget_type=\"text-editor.default\">\n\t\t\t\t<div class=\"elementor-widget-container\">\n\t\t\t\t\t\t\t\t\t<p>Az ELICA elsz\u00edv\u00f3k a k\u00f6vetkez\u0151 szempontok miatt emelkednek ki:<\/p><ul><li>Olasz formatervez\u00e9s, amely harmonikusan illeszkedik b\u00e1rmilyen konyhai k\u00f6rnyezetbe.<\/li><li>Professzion\u00e1lis sz\u0171r\u00e9si rendszer (pl. ker\u00e1mia vagy hossz\u00fa \u00e9lettartam\u00fa sz\u00e9nsz\u0171r\u0151k).<\/li><li>Intelligens technol\u00f3gia: automatikus \u00e9rz\u00e9kel\u0151k, p\u00e1ratartalom-figyel\u00e9s, alacsony zajszint.<\/li><li>K\u00f6nnyen tiszt\u00edthat\u00f3 fel\u00fcletek, kivehet\u0151 zs\u00edrsz\u0171r\u0151k<\/li><li>Energiahat\u00e9kony motorok, gyakran A+ vagy A++ besorol\u00e1ssal<\/li><li>Modul\u00e1ris rendszerek, amelyek t\u00f6k\u00e9letesen integr\u00e1lhat\u00f3k egyedi b\u00fatorokba.<\/li><\/ul>\t\t\t\t\t\t\t\t<\/div>\n\t\t\t\t<\/div>\n\t\t\t\t\t<\/div>\n\t\t<\/div>\n\t\t\t\t\t<\/div>\n\t\t<\/section>\n\t\t\t\t<section class=\"elementor-section elementor-top-section elementor-element elementor-element-b4b373f elementor-section-boxed elementor-section-height-default elementor-section-height-default\" data-id=\"b4b373f\" data-element_type=\"section\" data-e-type=\"section\" data-settings=\"{&quot;background_background&quot;:&quot;classic&quot;}\">\n\t\t\t\t\t\t<div class=\"elementor-container elementor-column-gap-default\">\n\t\t\t\t\t<div class=\"elementor-column elementor-col-100 elementor-top-column elementor-element elementor-element-8d299ab\" data-id=\"8d299ab\" data-element_type=\"column\" data-e-type=\"column\">\n\t\t\t<div class=\"elementor-widget-wrap elementor-element-populated\">\n\t\t\t\t\t\t<div class=\"elementor-element elementor-element-a635b33 elementor-widget elementor-widget-heading\" data-id=\"a635b33\" data-element_type=\"widget\" data-e-type=\"widget\" data-widget_type=\"heading.default\">\n\t\t\t\t<div class=\"elementor-widget-container\">\n\t\t\t\t\t<h2 class=\"elementor-heading-title elementor-size-default\">A designer, aki \u00fajradefini\u00e1lta a p\u00e1raelsz\u00edv\u00f3 fogalm\u00e1t<\/h2>\t\t\t\t<\/div>\n\t\t\t\t<\/div>\n\t\t\t\t\t<\/div>\n\t\t<\/div>\n\t\t\t\t\t<\/div>\n\t\t<\/section>\n\t\t\t\t<section class=\"elementor-section elementor-top-section elementor-element elementor-element-886481f elementor-section-boxed elementor-section-height-default elementor-section-height-default\" data-id=\"886481f\" data-element_type=\"section\" data-e-type=\"section\">\n\t\t\t\t\t\t\t<div class=\"elementor-background-overlay\"><\/div>\n\t\t\t\t\t\t\t<div class=\"elementor-container elementor-column-gap-default\">\n\t\t\t\t\t<div class=\"elementor-column elementor-col-50 elementor-top-column elementor-element elementor-element-2f5dc7c\" data-id=\"2f5dc7c\" data-element_type=\"column\" data-e-type=\"column\">\n\t\t\t<div class=\"elementor-widget-wrap elementor-element-populated\">\n\t\t\t\t\t\t<div class=\"elementor-element elementor-element-5f6a6f2 elementor-widget elementor-widget-text-editor\" data-id=\"5f6a6f2\" data-element_type=\"widget\" data-e-type=\"widget\" data-widget_type=\"text-editor.default\">\n\t\t\t\t<div class=\"elementor-widget-container\">\n\t\t\t\t\t\t\t\t\t<p>Az ELICA egy\u00fctt dolgozik a kort\u00e1rs olasz ipari formatervez\u00e9s legelismertebb alakjaival \u2013 t\u00f6bbek k\u00f6z\u00f6tt olyan neves designerekkel, mint pl. Fabrizio Cris\u00e0, az ELICA design igazgat\u00f3ja. Cris\u00e0 nev\u00e9hez t\u00f6bb ikonikus p\u00e1raelsz\u00edv\u00f3 k\u00f6thet\u0151, amelyeket vil\u00e1gszerte d\u00edjaztak funkcionalit\u00e1suk \u00e9s eszt\u00e9tik\u00e1juk miatt.\u00a0<\/p><p>Az ELICA nemcsak a funkcionalit\u00e1sra, de a vizu\u00e1lis \u00e9lm\u00e9nyre is hangs\u00falyt helyez. Az elm\u00falt \u00e9vek sor\u00e1n t\u00f6bb be\u00e9p\u00edthet\u0151 modell is r\u00e9szes\u00fclt nemzetk\u00f6zi design d\u00edjaz\u00e1sban. Ezek az elismer\u00e9sek nem puszt\u00e1n eszt\u00e9tikai \u00e9rt\u00e9ket jelentenek, hanem azt is igazolj\u00e1k, hogy a term\u00e9kek val\u00f3di, felhaszn\u00e1l\u00f3i szempontokat is figyelembe vev\u0151 innov\u00e1ci\u00f3t k\u00e9pviselnek.<\/p>\t\t\t\t\t\t\t\t<\/div>\n\t\t\t\t<\/div>\n\t\t\t\t\t<\/div>\n\t\t<\/div>\n\t\t\t\t<div class=\"elementor-column elementor-col-50 elementor-top-column elementor-element elementor-element-4304435\" data-id=\"4304435\" data-element_type=\"column\" data-e-type=\"column\">\n\t\t\t<div class=\"elementor-widget-wrap elementor-element-populated\">\n\t\t\t\t\t\t<div class=\"elementor-element elementor-element-3aeccf1 elementor-widget elementor-widget-image\" data-id=\"3aeccf1\" data-element_type=\"widget\" data-e-type=\"widget\" data-widget_type=\"image.default\">\n\t\t\t\t<div class=\"elementor-widget-container\">\n\t\t\t\t\t\t\t\t\t\t\t\t\t\t\t<img loading=\"lazy\" decoding=\"async\" width=\"800\" height=\"800\" src=\"https:\/\/blancomania.hu\/blog\/wp-content\/uploads\/2025\/06\/fabrizio-crisa-1024x1024.webp\" class=\"attachment-large size-large wp-image-5280\" alt=\"\" srcset=\"https:\/\/blancomania.hu\/blog\/wp-content\/uploads\/2025\/06\/fabrizio-crisa-1024x1024.webp 1024w, https:\/\/blancomania.hu\/blog\/wp-content\/uploads\/2025\/06\/fabrizio-crisa-300x300.webp 300w, https:\/\/blancomania.hu\/blog\/wp-content\/uploads\/2025\/06\/fabrizio-crisa-150x150.webp 150w, https:\/\/blancomania.hu\/blog\/wp-content\/uploads\/2025\/06\/fabrizio-crisa-768x768.webp 768w, https:\/\/blancomania.hu\/blog\/wp-content\/uploads\/2025\/06\/fabrizio-crisa-1536x1536.webp 1536w, https:\/\/blancomania.hu\/blog\/wp-content\/uploads\/2025\/06\/fabrizio-crisa-2048x2048.webp 2048w\" sizes=\"(max-width: 800px) 100vw, 800px\" \/>\t\t\t\t\t\t\t\t\t\t\t\t\t\t\t<\/div>\n\t\t\t\t<\/div>\n\t\t\t\t\t<\/div>\n\t\t<\/div>\n\t\t\t\t\t<\/div>\n\t\t<\/section>\n\t\t\t\t<section class=\"elementor-section elementor-top-section elementor-element elementor-element-eafb256 elementor-section-boxed elementor-section-height-default elementor-section-height-default\" data-id=\"eafb256\" data-element_type=\"section\" data-e-type=\"section\">\n\t\t\t\t\t\t<div class=\"elementor-container elementor-column-gap-default\">\n\t\t\t\t\t<div class=\"elementor-column elementor-col-33 elementor-top-column elementor-element elementor-element-9262bcd\" data-id=\"9262bcd\" data-element_type=\"column\" data-e-type=\"column\">\n\t\t\t<div class=\"elementor-widget-wrap elementor-element-populated\">\n\t\t\t\t\t\t<div class=\"elementor-element elementor-element-494e9db elementor-widget elementor-widget-text-editor\" data-id=\"494e9db\" data-element_type=\"widget\" data-e-type=\"widget\" data-widget_type=\"text-editor.default\">\n\t\t\t\t<div class=\"elementor-widget-container\">\n\t\t\t\t\t\t\t\t\t<p>ELICA &#8211; Hidden Advance Plus<\/p>\t\t\t\t\t\t\t\t<\/div>\n\t\t\t\t<\/div>\n\t\t\t\t<div class=\"elementor-element elementor-element-7a2d474 elementor-widget elementor-widget-text-editor\" data-id=\"7a2d474\" data-element_type=\"widget\" data-e-type=\"widget\" data-widget_type=\"text-editor.default\">\n\t\t\t\t<div class=\"elementor-widget-container\">\n\t\t\t\t\t\t\t\t\t<p>amikor a p\u00e1raelsz\u00edv\u00f3 t\u00e9nyleg \u201eelt\u0171nik\u201d a t\u00e9rb\u0151l<\/p>\t\t\t\t\t\t\t\t<\/div>\n\t\t\t\t<\/div>\n\t\t\t\t<div class=\"elementor-element elementor-element-0a96daa elementor-widget elementor-widget-image\" data-id=\"0a96daa\" data-element_type=\"widget\" data-e-type=\"widget\" data-widget_type=\"image.default\">\n\t\t\t\t<div class=\"elementor-widget-container\">\n\t\t\t\t\t\t\t\t\t\t\t\t\t\t\t<img loading=\"lazy\" decoding=\"async\" width=\"732\" height=\"488\" src=\"https:\/\/blancomania.hu\/blog\/wp-content\/uploads\/2025\/06\/elica-hidden-advance-plus11.jpg\" class=\"attachment-large size-large wp-image-5308\" alt=\"\" srcset=\"https:\/\/blancomania.hu\/blog\/wp-content\/uploads\/2025\/06\/elica-hidden-advance-plus11.jpg 732w, https:\/\/blancomania.hu\/blog\/wp-content\/uploads\/2025\/06\/elica-hidden-advance-plus11-300x200.jpg 300w\" sizes=\"(max-width: 732px) 100vw, 732px\" \/>\t\t\t\t\t\t\t\t\t\t\t\t\t\t\t<\/div>\n\t\t\t\t<\/div>\n\t\t\t\t<div class=\"elementor-element elementor-element-e6f80ea elementor-widget elementor-widget-text-editor\" data-id=\"e6f80ea\" data-element_type=\"widget\" data-e-type=\"widget\" data-widget_type=\"text-editor.default\">\n\t\t\t\t<div class=\"elementor-widget-container\">\n\t\t\t\t\t\t\t\t\t<p>Van, amikor a \u201ekevesebb t\u00f6bb\u201d nemcsak st\u00edlusir\u00e1nyzat, hanem val\u00f3di \u00e9let\u00e9rz\u00e9s. Ha te is a letisztult, modern konyh\u00e1k h\u00edve vagy, ahol a g\u00e9pek nem uralj\u00e1k a l\u00e1tv\u00e1nyt, csak csendesen v\u00e9gzik a dolgukat a h\u00e1tt\u00e9rben \u2013 akkor az ELICA Hidden Advance Plus pontosan neked val\u00f3.<\/p><p>Ez az elsz\u00edv\u00f3 nem csak nev\u00e9t tekintve \u201erejtett\u201d. Teljes eg\u00e9sz\u00e9ben a fels\u0151 szekr\u00e9nyelembe simul, \u00edgy k\u00edv\u00fclr\u0151l szinte \u00e9szrev\u00e9tlen.<\/p><p>Nincs lehajthat\u00f3 r\u00e9sz, nincs kil\u00f3g\u00f3 g\u00e9ptest \u2013 csak letisztult frontfel\u00fclet, \u00e9s m\u00f6g\u00f6tte egy cs\u00facskateg\u00f3ri\u00e1s technol\u00f3gia.<\/p>\t\t\t\t\t\t\t\t<\/div>\n\t\t\t\t<\/div>\n\t\t\t\t<div class=\"elementor-element elementor-element-9cc1d16 elementor-widget elementor-widget-heading\" data-id=\"9cc1d16\" data-element_type=\"widget\" data-e-type=\"widget\" data-widget_type=\"heading.default\">\n\t\t\t\t<div class=\"elementor-widget-container\">\n\t\t\t\t\t<h2 class=\"elementor-heading-title elementor-size-default\">Kiemelked\u0151 technol\u00f3gia<\/h2>\t\t\t\t<\/div>\n\t\t\t\t<\/div>\n\t\t\t\t<div class=\"elementor-element elementor-element-f64f3d1 elementor-widget elementor-widget-text-editor\" data-id=\"f64f3d1\" data-element_type=\"widget\" data-e-type=\"widget\" data-widget_type=\"text-editor.default\">\n\t\t\t\t<div class=\"elementor-widget-container\">\n\t\t\t\t\t\t\t\t\t<p><span style=\"font-size: 1rem;\">\ud83d\udca1<\/span><span style=\"font-size: 1rem;\">\u00a0<\/span><span style=\"font-size: 1rem;\">\u00a0Ez\u00a0<\/span><span style=\"font-size: 1rem;\">a modell m\u00e1r <b>a leg\u00fajabb g<\/b><\/span><span style=\"font-size: 1rem;\"><b>ener\u00e1ci\u00f3s Advance motorvez\u00e9rl\u00e9ssel m\u0171k\u00f6dik.<\/b>\u00a0<\/span><\/p><p><span style=\"font-size: 1rem;\">Ez nem csup\u00e1n a szagelsz\u00edv\u00e1sr\u00f3l gondoskodik, hanem folyamatosan figyeli a leveg\u0151min\u0151s\u00e9get is, \u00e9s amikor sz\u00fcks\u00e9ges, automatikusan bekapcsol.<\/span><\/p><p>Ez azt jelenti, hogy akkor is teszi a dolg\u00e1t, amikor te m\u00e1r r\u00e9g elhagytad a konyh\u00e1t. Nem marad \u00e9telszag a lak\u00e1sban, nem kell k\u00fcl\u00f6n figyelned \u2013 az Elica gondoskodik r\u00f3la helyetted.<\/p>\t\t\t\t\t\t\t\t<\/div>\n\t\t\t\t<\/div>\n\t\t\t\t<div class=\"elementor-element elementor-element-08bc637 elementor-widget elementor-widget-heading\" data-id=\"08bc637\" data-element_type=\"widget\" data-e-type=\"widget\" data-widget_type=\"heading.default\">\n\t\t\t\t<div class=\"elementor-widget-container\">\n\t\t\t\t\t<h2 class=\"elementor-heading-title elementor-size-default\">M\u0171szaki tartalom di\u00f3h\u00e9jban<\/h2>\t\t\t\t<\/div>\n\t\t\t\t<\/div>\n\t\t\t\t<div class=\"elementor-element elementor-element-a406ffd elementor-widget elementor-widget-text-editor\" data-id=\"a406ffd\" data-element_type=\"widget\" data-e-type=\"widget\" data-widget_type=\"text-editor.default\">\n\t\t\t\t<div class=\"elementor-widget-container\">\n\t\t\t\t\t\t\t\t\t<ul><li>Maxim\u00e1lis teljes\u00edtm\u00e9ny: 720 m\u00b3\/h<\/li><li>Energiaoszt\u00e1ly: A<\/li><li>Zajszint: 50\u201365 dB (\u00fczemm\u00f3dt\u00f3l f\u00fcgg\u0151en)<\/li><li>Sz\u0171r\u00e9s: alum\u00ednium zs\u00edrsz\u0171r\u0151 + regener\u00e1lhat\u00f3 akt\u00edvsz\u00e9n-sz\u0171r\u0151<\/li><li>Vil\u00e1g\u00edt\u00e1s: 2 x LED 2,5W \u2013 term\u00e9szetes f\u00e9nyhat\u00e1ssal<\/li><li>Kezel\u00e9s: \u00e9rint\u0151panel vagy rejtett gombvez\u00e9rl\u00e9s<\/li><li>M\u00e9ret: 60 \u00e9s 90 cm-es kivitel<\/li><li>Kivitel: inox, fekete \u00e9s feh\u00e9r d\u00edsz\u00edt\u0151cs\u00edk v\u00e1laszthat\u00f3<\/li><\/ul>\t\t\t\t\t\t\t\t<\/div>\n\t\t\t\t<\/div>\n\t\t\t\t<div class=\"elementor-element elementor-element-8c80d94 elementor-widget elementor-widget-heading\" data-id=\"8c80d94\" data-element_type=\"widget\" data-e-type=\"widget\" data-widget_type=\"heading.default\">\n\t\t\t\t<div class=\"elementor-widget-container\">\n\t\t\t\t\t<h2 class=\"elementor-heading-title elementor-size-default\">Mik teszik k\u00fcl\u00f6nlegess\u00e9?<\/h2>\t\t\t\t<\/div>\n\t\t\t\t<\/div>\n\t\t\t\t<div class=\"elementor-element elementor-element-92dcedc elementor-widget elementor-widget-text-editor\" data-id=\"92dcedc\" data-element_type=\"widget\" data-e-type=\"widget\" data-widget_type=\"text-editor.default\">\n\t\t\t\t<div class=\"elementor-widget-container\">\n\t\t\t\t\t\t\t\t\t<p><span style=\"font-size: 1rem;\">A p\u00e1raelsz\u00edv\u00f3 egy speci\u00e1lis\u00a0 Dry System technol\u00f3gi\u00e1val m\u0171k\u00f6dik, ami azt jelenti, hogy a zs\u00edrsz\u0171r\u0151t f\u0151z\u00e9s ut\u00e1n automatikusan kisz\u00e1r\u00edtja, megel\u0151zve a kellemetlen szagokat illetve a bakt\u00e9riumok elszaporod\u00e1s\u00e1t.<\/span><\/p><p>\ud83d\ude0a Teljesen rejtett kialak\u00edt\u00e1s \u2013 nincs l\u00e1that\u00f3 g\u00e9p, csak a szekr\u00e9ny<\/p><p>\ud83d\ude0a Automatikus szell\u0151ztet\u00e9s \u2013 az Elica Advance funkci\u00f3 intelligensen szab\u00e1lyozza a leveg\u0151min\u0151s\u00e9get<\/p><p>\ud83d\ude0a Er\u0151teljes teljes\u00edtm\u00e9ny \u2013 ak\u00e1r 720 m\u00b3\/h maxim\u00e1lis elsz\u00edv\u00e1s<\/p><p>\ud83d\ude0a Csendes \u00fczemm\u00f3d \u2013 nyugodt konyhai k\u00f6rnyezet, m\u00e9g nagy teljes\u00edtm\u00e9ny mellett is<\/p><p>\ud83d\ude0a Eleg\u00e1ns LED vil\u00e1g\u00edt\u00e1s \u2013 energiatakar\u00e9kos, term\u00e9szetes f\u00e9nyhat\u00e1s<\/p><p>\ud83d\ude0a T\u00f6bbf\u00e9le m\u00e9ret \u00e9s v\u00e1ltozat \u2013 60 \u00e9s 90 cm-es kivitelben, k\u00fcl\u00f6nb\u00f6z\u0151 sz\u00edn\u0171 d\u00edsz\u00edt\u0151cs\u00edkkal<\/p>\t\t\t\t\t\t\t\t<\/div>\n\t\t\t\t<\/div>\n\t\t\t\t<div class=\"elementor-element elementor-element-bc3005a elementor-widget elementor-widget-heading\" data-id=\"bc3005a\" data-element_type=\"widget\" data-e-type=\"widget\" data-widget_type=\"heading.default\">\n\t\t\t\t<div class=\"elementor-widget-container\">\n\t\t\t\t\t<h2 class=\"elementor-heading-title elementor-size-default\">Kinek aj\u00e1nljuk?<\/h2>\t\t\t\t<\/div>\n\t\t\t\t<\/div>\n\t\t\t\t<div class=\"elementor-element elementor-element-c0776ad elementor-widget elementor-widget-text-editor\" data-id=\"c0776ad\" data-element_type=\"widget\" data-e-type=\"widget\" data-widget_type=\"text-editor.default\">\n\t\t\t\t<div class=\"elementor-widget-container\">\n\t\t\t\t\t\t\t\t\t<p>A Hidden Advance Plus ide\u00e1lis v\u00e1laszt\u00e1s, ha\u2026<\/p><ul><li>modern vagy minim\u00e1l konyh\u00e1d van, ahol fontos a tiszta vonalvezet\u00e9s<\/li><li>nem akarsz kompromisszumot a teljes\u00edtm\u00e9ny \u00e9s a design k\u00f6z\u00f6tt<\/li><li>nyitott t\u00e9rben f\u0151z\u00f6l, \u00e9s fontos, hogy a leveg\u0151 folyamatosan friss maradjon<\/li><li>szereted az okos funkci\u00f3kat, amik leveszik a terhet a v\u00e1lladr\u00f3l<\/li><\/ul>\t\t\t\t\t\t\t\t<\/div>\n\t\t\t\t<\/div>\n\t\t\t\t<div class=\"elementor-element elementor-element-5b183e9 elementor-widget elementor-widget-heading\" data-id=\"5b183e9\" data-element_type=\"widget\" data-e-type=\"widget\" data-widget_type=\"heading.default\">\n\t\t\t\t<div class=\"elementor-widget-container\">\n\t\t\t\t\t<h2 class=\"elementor-heading-title elementor-size-default\">Mit mond r\u00f3la a designvil\u00e1g?<\/h2>\t\t\t\t<\/div>\n\t\t\t\t<\/div>\n\t\t\t\t<div class=\"elementor-element elementor-element-1d31ffb elementor-widget elementor-widget-text-editor\" data-id=\"1d31ffb\" data-element_type=\"widget\" data-e-type=\"widget\" data-widget_type=\"text-editor.default\">\n\t\t\t\t<div class=\"elementor-widget-container\">\n\t\t\t\t\t\t\t\t\t<p>A Hidden Advance Plus az IF Design Award d\u00edjazottja \u2013 \u00e9s nem v\u00e9letlen\u00fcl. Olyan sikeres diz\u00e1jnerek dolgoztak rajta, mint <b>Fabrizio Cris\u00e0,<\/b> az Elica h\u00e1zon bel\u00fcli kreat\u00edv igazgat\u00f3ja. A c\u00e9l: a \u201el\u00e1thatatlan technol\u00f3gia\u201d \u00e9lm\u00e9ny\u00e9t ny\u00fajtani, kompromisszum n\u00e9lk\u00fcl.<\/p>\t\t\t\t\t\t\t\t<\/div>\n\t\t\t\t<\/div>\n\t\t\t\t\t<\/div>\n\t\t<\/div>\n\t\t\t\t<div class=\"elementor-column elementor-col-33 elementor-top-column elementor-element elementor-element-1ae444b\" data-id=\"1ae444b\" data-element_type=\"column\" data-e-type=\"column\">\n\t\t\t<div class=\"elementor-widget-wrap elementor-element-populated\">\n\t\t\t\t\t\t<div class=\"elementor-element elementor-element-9f8de4d elementor-widget elementor-widget-text-editor\" data-id=\"9f8de4d\" data-element_type=\"widget\" data-e-type=\"widget\" data-widget_type=\"text-editor.default\">\n\t\t\t\t<div class=\"elementor-widget-container\">\n\t\t\t\t\t\t\t\t\t<p>ELICA &#8211; Boxin Advance Dry<\/p>\t\t\t\t\t\t\t\t<\/div>\n\t\t\t\t<\/div>\n\t\t\t\t<div class=\"elementor-element elementor-element-3ac9fe4 elementor-widget elementor-widget-text-editor\" data-id=\"3ac9fe4\" data-element_type=\"widget\" data-e-type=\"widget\" data-widget_type=\"text-editor.default\">\n\t\t\t\t<div class=\"elementor-widget-container\">\n\t\t\t\t\t\t\t\t\t<p>l\u00e1thatatlan elegancia, \u00e9rezhet\u0151 hat\u00e9konys\u00e1g<\/p>\t\t\t\t\t\t\t\t<\/div>\n\t\t\t\t<\/div>\n\t\t\t\t<div class=\"elementor-element elementor-element-6560a1c elementor-widget elementor-widget-image\" data-id=\"6560a1c\" data-element_type=\"widget\" data-e-type=\"widget\" data-widget_type=\"image.default\">\n\t\t\t\t<div class=\"elementor-widget-container\">\n\t\t\t\t\t\t\t\t\t\t\t\t\t\t\t<img loading=\"lazy\" decoding=\"async\" width=\"732\" height=\"488\" src=\"https:\/\/blancomania.hu\/blog\/wp-content\/uploads\/2025\/06\/elica-boxin-advance-dry.jpg\" class=\"attachment-full size-full wp-image-5303\" alt=\"\" srcset=\"https:\/\/blancomania.hu\/blog\/wp-content\/uploads\/2025\/06\/elica-boxin-advance-dry.jpg 732w, https:\/\/blancomania.hu\/blog\/wp-content\/uploads\/2025\/06\/elica-boxin-advance-dry-300x200.jpg 300w\" sizes=\"(max-width: 732px) 100vw, 732px\" \/>\t\t\t\t\t\t\t\t\t\t\t\t\t\t\t<\/div>\n\t\t\t\t<\/div>\n\t\t\t\t<div class=\"elementor-element elementor-element-c59ecf9 elementor-widget elementor-widget-text-editor\" data-id=\"c59ecf9\" data-element_type=\"widget\" data-e-type=\"widget\" data-widget_type=\"text-editor.default\">\n\t\t\t\t<div class=\"elementor-widget-container\">\n\t\t\t\t\t\t\t\t\t<p>K\u00e9pzeld el, hogy bel\u00e9psz egy letisztult, modern konyh\u00e1ba. A szem pihen a sz\u00e9p ar\u00e1nyokon, az anyagok harm\u00f3ni\u00e1j\u00e1n, \u00e9s&#8230; sehol egy p\u00e1raelsz\u00edv\u00f3.\u00a0<\/p><p>M\u00e9gis: a leveg\u0151 friss, a f\u0151z\u00e9s szaga pillanatok alatt elillan. Itt dolgozik csendben a h\u00e1tt\u00e9rben a Boxin Advance Dry, az ELICA egyik legokosabb, teljesen be\u00e9p\u00edthet\u0151 p\u00e1raelsz\u00edv\u00f3ja.<\/p><p>Ez az a modell, amit a designrajong\u00f3k, a funkcionalit\u00e1st keres\u0151k \u00e9s a prec\u00edz szakemberek is els\u0151 pillant\u00e1sra szeretnek \u2013 m\u00e9g akkor is, ha val\u00f3j\u00e1ban nem is l\u00e1tj\u00e1k.<\/p>\t\t\t\t\t\t\t\t<\/div>\n\t\t\t\t<\/div>\n\t\t\t\t<div class=\"elementor-element elementor-element-d8390e4 elementor-widget elementor-widget-heading\" data-id=\"d8390e4\" data-element_type=\"widget\" data-e-type=\"widget\" data-widget_type=\"heading.default\">\n\t\t\t\t<div class=\"elementor-widget-container\">\n\t\t\t\t\t<h2 class=\"elementor-heading-title elementor-size-default\">Mi\u00e9rt pont a Boxin Advance Dry?<\/h2>\t\t\t\t<\/div>\n\t\t\t\t<\/div>\n\t\t\t\t<div class=\"elementor-element elementor-element-baefe20 elementor-widget elementor-widget-text-editor\" data-id=\"baefe20\" data-element_type=\"widget\" data-e-type=\"widget\" data-widget_type=\"text-editor.default\">\n\t\t\t\t<div class=\"elementor-widget-container\">\n\t\t\t\t\t\t\t\t\t<p>Ez a t\u00edpus kifejezetten fels\u0151 szekr\u00e9nybe vagy b\u00fatorba \u00e9p\u00edt\u00e9shez k\u00e9sz\u00fclt, \u00edgy a konyha egys\u00e9ges marad \u2013 semmi nem zavarja meg az enteri\u0151r eszt\u00e9tik\u00e1j\u00e1t.\u00a0<\/p><p>A Boxin Advance Dry szinte l\u00e1thatatlan, m\u00e9gis p\u00e1ratlan teljes\u00edtm\u00e9nyt ny\u00fajt.<\/p>\t\t\t\t\t\t\t\t<\/div>\n\t\t\t\t<\/div>\n\t\t\t\t<div class=\"elementor-element elementor-element-a32eda3 elementor-widget elementor-widget-heading\" data-id=\"a32eda3\" data-element_type=\"widget\" data-e-type=\"widget\" data-widget_type=\"heading.default\">\n\t\t\t\t<div class=\"elementor-widget-container\">\n\t\t\t\t\t<h2 class=\"elementor-heading-title elementor-size-default\">5 dolog, ami miatt k\u00fcl\u00f6n\u00f6sen szerethet\u0151:<\/h2>\t\t\t\t<\/div>\n\t\t\t\t<\/div>\n\t\t\t\t<div class=\"elementor-element elementor-element-f279380 elementor-widget elementor-widget-text-editor\" data-id=\"f279380\" data-element_type=\"widget\" data-e-type=\"widget\" data-widget_type=\"text-editor.default\">\n\t\t\t\t<div class=\"elementor-widget-container\">\n\t\t\t\t\t\t\t\t\t<p>\ud83d\ude0a Advance Dry technol\u00f3gia \u2013 Automatikusan sz\u00e1r\u00edtja a sz\u0171r\u0151t, \u00edgy az sokkal tov\u00e1bb tart \u00e9s higi\u00e9nikusabb marad<\/p><p>\ud83d\ude0a Kivehet\u0151, mosogat\u00f3g\u00e9pben tiszt\u00edthat\u00f3 zs\u00edrsz\u0171r\u0151 \u2013 egyszer\u0171, gyors, k\u00e9nyelmes<\/p><p>\ud83d\ude0a Kiv\u00e1l\u00f3 elsz\u00edv\u00e1si teljes\u00edtm\u00e9ny \u2013 ak\u00e1r 720 m\u00b3\/h sz\u00edv\u00f3er\u0151, alacsony zajszinttel<\/p><p>\ud83d\ude0a Eleg\u00e1ns LED vil\u00e1g\u00edt\u00e1s \u2013 nemcsak funkcion\u00e1lis, hanem hangulatvil\u00e1g\u00edt\u00e1sk\u00e9nt is meg\u00e1llja a hely\u00e9t<\/p><p>\ud83d\ude0a Olasz design, rejtett kivitelben \u2013 teljesen a b\u00fatorba simul, semmi vizu\u00e1lis zaj<\/p>\t\t\t\t\t\t\t\t<\/div>\n\t\t\t\t<\/div>\n\t\t\t\t<div class=\"elementor-element elementor-element-bef0d16 elementor-widget elementor-widget-heading\" data-id=\"bef0d16\" data-element_type=\"widget\" data-e-type=\"widget\" data-widget_type=\"heading.default\">\n\t\t\t\t<div class=\"elementor-widget-container\">\n\t\t\t\t\t<h2 class=\"elementor-heading-title elementor-size-default\">M\u0171szaki tartalom di\u00f3h\u00e9jban<\/h2>\t\t\t\t<\/div>\n\t\t\t\t<\/div>\n\t\t\t\t<div class=\"elementor-element elementor-element-c96d0f3 elementor-widget elementor-widget-text-editor\" data-id=\"c96d0f3\" data-element_type=\"widget\" data-e-type=\"widget\" data-widget_type=\"text-editor.default\">\n\t\t\t\t<div class=\"elementor-widget-container\">\n\t\t\t\t\t\t\t\t\t<ul><li>Elsz\u00edv\u00e1si kapacit\u00e1s: max. 720 m\u00b3\/h<\/li><li>Zajszint: mind\u00f6ssze 51\u201366 dB<\/li><li>Sz\u0171r\u0151rendszer: alum\u00ednium zs\u00edrsz\u0171r\u0151 + opci\u00f3s sz\u00e9nsz\u0171r\u0151<\/li><li>Dry funkci\u00f3: akt\u00edv sz\u0171r\u0151sz\u00e1r\u00edt\u00e1s, amely hosszabb \u00e9lettartamot biztos\u00edt<\/li><li>Vil\u00e1g\u00edt\u00e1s: energiatakar\u00e9kos LED s\u00e1v<\/li><li>Sz\u00e9less\u00e9g: 60 vagy 90 cm<\/li><li>Energiaoszt\u00e1ly: A<\/li><\/ul>\t\t\t\t\t\t\t\t<\/div>\n\t\t\t\t<\/div>\n\t\t\t\t<div class=\"elementor-element elementor-element-5721fb5 elementor-widget elementor-widget-heading\" data-id=\"5721fb5\" data-element_type=\"widget\" data-e-type=\"widget\" data-widget_type=\"heading.default\">\n\t\t\t\t<div class=\"elementor-widget-container\">\n\t\t\t\t\t<h2 class=\"elementor-heading-title elementor-size-default\">Mik teszik k\u00fcl\u00f6nlegess\u00e9?<\/h2>\t\t\t\t<\/div>\n\t\t\t\t<\/div>\n\t\t\t\t<div class=\"elementor-element elementor-element-b61ff3c elementor-widget elementor-widget-text-editor\" data-id=\"b61ff3c\" data-element_type=\"widget\" data-e-type=\"widget\" data-widget_type=\"text-editor.default\">\n\t\t\t\t<div class=\"elementor-widget-container\">\n\t\t\t\t\t\t\t\t\t<p>Az ELICA ebben a modellben vezette be a &#8222;Dry Function&#8221; technol\u00f3gi\u00e1t, ami automatikusan kisz\u00e1r\u00edtja a zs\u00edrsz\u0171r\u0151ket egy-egy haszn\u00e1lat ut\u00e1n.\u00a0<\/p><p>Ez nemcsak higi\u00e9nikusabb megold\u00e1s, hanem meghosszabb\u00edtja a sz\u0171r\u0151k \u00e9lettartam\u00e1t is, \u00edgy hossz\u00fa t\u00e1von gazdas\u00e1gosabb m\u0171k\u00f6d\u00e9st biztos\u00edt.<\/p>\t\t\t\t\t\t\t\t<\/div>\n\t\t\t\t<\/div>\n\t\t\t\t<div class=\"elementor-element elementor-element-f07c6de elementor-widget elementor-widget-heading\" data-id=\"f07c6de\" data-element_type=\"widget\" data-e-type=\"widget\" data-widget_type=\"heading.default\">\n\t\t\t\t<div class=\"elementor-widget-container\">\n\t\t\t\t\t<h2 class=\"elementor-heading-title elementor-size-default\">Mit mond r\u00f3la a designvil\u00e1g?<\/h2>\t\t\t\t<\/div>\n\t\t\t\t<\/div>\n\t\t\t\t<div class=\"elementor-element elementor-element-04c1fad elementor-widget elementor-widget-text-editor\" data-id=\"04c1fad\" data-element_type=\"widget\" data-e-type=\"widget\" data-widget_type=\"text-editor.default\">\n\t\t\t\t<div class=\"elementor-widget-container\">\n\t\t\t\t\t\t\t\t\t<p>A Boxin Advance Dry nem v\u00e9letlen\u00fcl n\u00e9pszer\u0171 v\u00e1laszt\u00e1s a pr\u00e9mium konyh\u00e1kban.\u00a0<\/p><p>A rejtett kialak\u00edt\u00e1s a <b>Fabrizio Cris\u00e0<\/b> nev\u00e9vel f\u00e9mjelzett letisztult olasz formatervez\u00e9st k\u00f6veti, \u00e9s sz\u00e1mos nemzetk\u00f6zi projektben alkalmazz\u00e1k sikerrel.<\/p>\t\t\t\t\t\t\t\t<\/div>\n\t\t\t\t<\/div>\n\t\t\t\t\t<\/div>\n\t\t<\/div>\n\t\t\t\t<div class=\"elementor-column elementor-col-33 elementor-top-column elementor-element elementor-element-5afbc84\" data-id=\"5afbc84\" data-element_type=\"column\" data-e-type=\"column\">\n\t\t\t<div class=\"elementor-widget-wrap elementor-element-populated\">\n\t\t\t\t\t\t<div class=\"elementor-element elementor-element-480409a elementor-widget elementor-widget-text-editor\" data-id=\"480409a\" data-element_type=\"widget\" data-e-type=\"widget\" data-widget_type=\"text-editor.default\">\n\t\t\t\t<div class=\"elementor-widget-container\">\n\t\t\t\t\t\t\t\t\t<p>ELICA &#8211; Ciak 2.0 S<\/p>\t\t\t\t\t\t\t\t<\/div>\n\t\t\t\t<\/div>\n\t\t\t\t<div class=\"elementor-element elementor-element-dd23179 elementor-widget elementor-widget-text-editor\" data-id=\"dd23179\" data-element_type=\"widget\" data-e-type=\"widget\" data-widget_type=\"text-editor.default\">\n\t\t\t\t<div class=\"elementor-widget-container\">\n\t\t\t\t\t\t\t\t\t<p>ha nem szeretn\u00e9d, hogy a p\u00e1raelsz\u00edv\u00f3 eluralja a konyh\u00e1d<\/p>\t\t\t\t\t\t\t\t<\/div>\n\t\t\t\t<\/div>\n\t\t\t\t<div class=\"elementor-element elementor-element-31e4754 elementor-widget elementor-widget-image\" data-id=\"31e4754\" data-element_type=\"widget\" data-e-type=\"widget\" data-widget_type=\"image.default\">\n\t\t\t\t<div class=\"elementor-widget-container\">\n\t\t\t\t\t\t\t\t\t\t\t\t\t\t\t<img loading=\"lazy\" decoding=\"async\" width=\"732\" height=\"488\" src=\"https:\/\/blancomania.hu\/blog\/wp-content\/uploads\/2025\/06\/elica-cia-2.0-s-1.jpg\" class=\"attachment-large size-large wp-image-5306\" alt=\"\" srcset=\"https:\/\/blancomania.hu\/blog\/wp-content\/uploads\/2025\/06\/elica-cia-2.0-s-1.jpg 732w, https:\/\/blancomania.hu\/blog\/wp-content\/uploads\/2025\/06\/elica-cia-2.0-s-1-300x200.jpg 300w\" sizes=\"(max-width: 732px) 100vw, 732px\" \/>\t\t\t\t\t\t\t\t\t\t\t\t\t\t\t<\/div>\n\t\t\t\t<\/div>\n\t\t\t\t<div class=\"elementor-element elementor-element-b8a60aa elementor-widget elementor-widget-text-editor\" data-id=\"b8a60aa\" data-element_type=\"widget\" data-e-type=\"widget\" data-widget_type=\"text-editor.default\">\n\t\t\t\t<div class=\"elementor-widget-container\">\n\t\t\t\t\t\t\t\t\t<p>Van az a konyha, ahol a r\u00e9szletek adj\u00e1k meg az \u00f6sszhangot. Egy sz\u00e9p szekr\u00e9nyfront, egy j\u00f3l eltal\u00e1lt csempe, finom vil\u00e1g\u00edt\u00e1s.\u00a0<\/p><p>\u00c9s van, amikor egy klasszikus k\u00fcrt\u0151s elsz\u00edv\u00f3 egyszer\u0171en t\u00fal sok lenne.\u00a0<\/p><p>Pont ide val\u00f3 az ELICA Ciak 2.0S. Egy okos, szinte l\u00e1thatatlan megold\u00e1s, amely szekr\u00e9nybe rejtve gondoskodik a friss leveg\u0151r\u0151l.<\/p>\t\t\t\t\t\t\t\t<\/div>\n\t\t\t\t<\/div>\n\t\t\t\t<div class=\"elementor-element elementor-element-baea9e6 elementor-widget elementor-widget-heading\" data-id=\"baea9e6\" data-element_type=\"widget\" data-e-type=\"widget\" data-widget_type=\"heading.default\">\n\t\t\t\t<div class=\"elementor-widget-container\">\n\t\t\t\t\t<h2 class=\"elementor-heading-title elementor-size-default\">B\u00fatorba s\u00edmulva<\/h2>\t\t\t\t<\/div>\n\t\t\t\t<\/div>\n\t\t\t\t<div class=\"elementor-element elementor-element-67f98cc elementor-widget elementor-widget-text-editor\" data-id=\"67f98cc\" data-element_type=\"widget\" data-e-type=\"widget\" data-widget_type=\"text-editor.default\">\n\t\t\t\t<div class=\"elementor-widget-container\">\n\t\t\t\t\t\t\t\t\t<p>A Ciak 2.0S kifejezetten fels\u0151 szekr\u00e9nybe, polcelembe val\u00f3 be\u00e9p\u00edt\u00e9shez k\u00e9sz\u00fclt, \u00e9s egy lehajthat\u00f3 el\u0151lap m\u00f6g\u00f6tt rejlik. Haszn\u00e1laton k\u00edv\u00fcl szinte l\u00e1thatatlan, f\u0151z\u00e9s k\u00f6zben pedig egyetlen mozdulattal aktiv\u00e1lhat\u00f3.<\/p>\t\t\t\t\t\t\t\t<\/div>\n\t\t\t\t<\/div>\n\t\t\t\t<div class=\"elementor-element elementor-element-826cfeb elementor-widget elementor-widget-heading\" data-id=\"826cfeb\" data-element_type=\"widget\" data-e-type=\"widget\" data-widget_type=\"heading.default\">\n\t\t\t\t<div class=\"elementor-widget-container\">\n\t\t\t\t\t<h2 class=\"elementor-heading-title elementor-size-default\">5 dolog, ami miatt k\u00fcl\u00f6n\u00f6sen szerethet\u0151:<\/h2>\t\t\t\t<\/div>\n\t\t\t\t<\/div>\n\t\t\t\t<div class=\"elementor-element elementor-element-977c4db elementor-widget elementor-widget-text-editor\" data-id=\"977c4db\" data-element_type=\"widget\" data-e-type=\"widget\" data-widget_type=\"text-editor.default\">\n\t\t\t\t<div class=\"elementor-widget-container\">\n\t\t\t\t\t\t\t\t\t<p>\ud83d\ude0a Diszkr\u00e9t megjelen\u00e9s \u2013 lehajthat\u00f3 el\u0151lap, rejtett kialak\u00edt\u00e1s<\/p><p>\ud83d\ude0a Praktikus vil\u00e1g\u00edt\u00e1s \u2013 be\u00e9p\u00edtett LED vil\u00e1g\u00edt\u00e1s, ami pont oda vil\u00e1g\u00edt, ahol kell<\/p><p>\ud83d\ude0a Er\u0151teljes sz\u00edv\u00f3teljes\u00edtm\u00e9ny \u2013 ak\u00e1r 700 m\u00b3\/h kapacit\u00e1ssal<\/p><p>\ud83d\ude0a Egyszer\u0171 kezel\u00e9s \u2013 ergonomikus nyit\u00e1s \u00e9s intuit\u00edv gombok<\/p><p>\ud83d\ude0a Sz\u00e9less\u00e9gv\u00e1laszt\u00e9k \u2013 el\u00e9rhet\u0151 60 \u00e9s 90 cm-es kivitelben<\/p>\t\t\t\t\t\t\t\t<\/div>\n\t\t\t\t<\/div>\n\t\t\t\t<div class=\"elementor-element elementor-element-58d0411 elementor-widget elementor-widget-heading\" data-id=\"58d0411\" data-element_type=\"widget\" data-e-type=\"widget\" data-widget_type=\"heading.default\">\n\t\t\t\t<div class=\"elementor-widget-container\">\n\t\t\t\t\t<h2 class=\"elementor-heading-title elementor-size-default\">M\u0171szaki tartalom di\u00f3h\u00e9jban<\/h2>\t\t\t\t<\/div>\n\t\t\t\t<\/div>\n\t\t\t\t<div class=\"elementor-element elementor-element-c8825eb elementor-widget elementor-widget-text-editor\" data-id=\"c8825eb\" data-element_type=\"widget\" data-e-type=\"widget\" data-widget_type=\"text-editor.default\">\n\t\t\t\t<div class=\"elementor-widget-container\">\n\t\t\t\t\t\t\t\t\t<ul><li>Elsz\u00edv\u00f3 kapacit\u00e1s: max. 700 m\u00b3\/h<\/li><li>Zajszint: kb. 65 dB \u2013 csendes \u00e9s hat\u00e9kony<\/li><li>Sz\u0171r\u0151rendszer: alum\u00ednium zs\u00edrsz\u0171r\u0151 + opcion\u00e1lis sz\u00e9nsz\u0171r\u0151<\/li><li>Vil\u00e1g\u00edt\u00e1s: 2 x LED (3 W)<\/li><li>Kezel\u00e9s: nyom\u00f3gombos vagy tol\u00f3kapcsol\u00f3s<\/li><li>M\u00e9ret: 60\/90 cm sz\u00e9less\u00e9g<\/li><li>Energiahat\u00e9konys\u00e1g: A vagy B oszt\u00e1ly, t\u00edpust\u00f3l f\u00fcgg\u0151en<\/li><\/ul>\t\t\t\t\t\t\t\t<\/div>\n\t\t\t\t<\/div>\n\t\t\t\t<div class=\"elementor-element elementor-element-59e4a52 elementor-widget elementor-widget-heading\" data-id=\"59e4a52\" data-element_type=\"widget\" data-e-type=\"widget\" data-widget_type=\"heading.default\">\n\t\t\t\t<div class=\"elementor-widget-container\">\n\t\t\t\t\t<h2 class=\"elementor-heading-title elementor-size-default\">Neked sz\u00f3l, ha:<\/h2>\t\t\t\t<\/div>\n\t\t\t\t<\/div>\n\t\t\t\t<div class=\"elementor-element elementor-element-08e5fd9 elementor-widget elementor-widget-text-editor\" data-id=\"08e5fd9\" data-element_type=\"widget\" data-e-type=\"widget\" data-widget_type=\"text-editor.default\">\n\t\t\t\t<div class=\"elementor-widget-container\">\n\t\t\t\t\t\t\t\t\t<ul><li>szereted a klasszikus b\u00fatorfrontokat, de nem akarsz l\u00e1tv\u00e1nyos g\u00e9peket a falra, hiszen a Ciak 2.0S nem ny\u00fal bele a t\u00e9rbe, nem bontja meg a ritmust.<\/li><li>fontos neked, hogy a konyh\u00e1d eszt\u00e9tikus, de nem hivalkod\u00f3, \u00e9s a technika szinte \u00e9szrev\u00e9tlen\u00fcl szolg\u00e1lja a k\u00e9nyelmet \u2013 ez a modell pontosan neked val\u00f3.<\/li><\/ul><p>\ud83d\udca1 <b>Tipp otthonfel\u00faj\u00edt\u00f3knak:<\/b> <br \/>Ez az egyik legjobb v\u00e1laszt\u00e1s megl\u00e9v\u0151 fels\u0151 szekr\u00e9nybe val\u00f3 ut\u00f3lagos be\u00e9p\u00edt\u00e9shez. Kis \u00e1talak\u00edt\u00e1ssal is t\u00f6k\u00e9letesen illeszkedik, an\u00e9lk\u00fcl, hogy \u00faj konyh\u00e1t kellene tervezni.<\/p>\t\t\t\t\t\t\t\t<\/div>\n\t\t\t\t<\/div>\n\t\t\t\t<div class=\"elementor-element elementor-element-4e43f42 elementor-widget elementor-widget-heading\" data-id=\"4e43f42\" data-element_type=\"widget\" data-e-type=\"widget\" data-widget_type=\"heading.default\">\n\t\t\t\t<div class=\"elementor-widget-container\">\n\t\t\t\t\t<h2 class=\"elementor-heading-title elementor-size-default\">Mik teszik k\u00fcl\u00f6nlegess\u00e9?<\/h2>\t\t\t\t<\/div>\n\t\t\t\t<\/div>\n\t\t\t\t<div class=\"elementor-element elementor-element-9042da8 elementor-widget elementor-widget-text-editor\" data-id=\"9042da8\" data-element_type=\"widget\" data-e-type=\"widget\" data-widget_type=\"text-editor.default\">\n\t\t\t\t<div class=\"elementor-widget-container\">\n\t\t\t\t\t\t\t\t\t<p>Az a kihajthat\u00f3 el\u0151lap, ami egyszerre praktikus \u00e9s eleg\u00e1ns: haszn\u00e1latkor kinyitod, ezzel automatikusan n\u00f6veled az elsz\u00edv\u00e1si hat\u00e9konys\u00e1got, visszaz\u00e1rva viszont t\u00f6k\u00e9letesen illeszkedik a b\u00fatorhoz.<\/p><p>Nincs zavar\u00f3 ny\u00edl\u00e1s, nincs ki\u00e1ll\u00f3 r\u00e9sz \u2013 csak sima, folytat\u00f3lagos fel\u00fclet<\/p>\t\t\t\t\t\t\t\t<\/div>\n\t\t\t\t<\/div>\n\t\t\t\t<div class=\"elementor-element elementor-element-251b41b elementor-widget elementor-widget-text-editor\" data-id=\"251b41b\" data-element_type=\"widget\" data-e-type=\"widget\" data-widget_type=\"text-editor.default\">\n\t\t\t\t<div class=\"elementor-widget-container\">\n\t\t\t\t\t\t\t\t\t<p>A kihajthat\u00f3 el\u0151lap egyszerre praktikus \u00e9s eleg\u00e1ns: haszn\u00e1latkor kinyitod, ezzel automatikusan n\u00f6veled az elsz\u00edv\u00e1si hat\u00e9konys\u00e1got, visszaz\u00e1rva viszont t\u00f6k\u00e9letesen belesimul a b\u00fatorba.<\/p><p>\u00a0<\/p>\t\t\t\t\t\t\t\t<\/div>\n\t\t\t\t<\/div>\n\t\t\t\t<div class=\"elementor-element elementor-element-218265a elementor-widget elementor-widget-heading\" data-id=\"218265a\" data-element_type=\"widget\" data-e-type=\"widget\" data-widget_type=\"heading.default\">\n\t\t\t\t<div class=\"elementor-widget-container\">\n\t\t\t\t\t<h2 class=\"elementor-heading-title elementor-size-default\">Mit mond r\u00f3la a designvil\u00e1g?<\/h2>\t\t\t\t<\/div>\n\t\t\t\t<\/div>\n\t\t\t\t<div class=\"elementor-element elementor-element-08ca022 elementor-widget elementor-widget-text-editor\" data-id=\"08ca022\" data-element_type=\"widget\" data-e-type=\"widget\" data-widget_type=\"text-editor.default\">\n\t\t\t\t<div class=\"elementor-widget-container\">\n\t\t\t\t\t\t\t\t\t<p>Az ELICA a Ciak 2.0S eset\u00e9ben is hozza a t\u0151le megszokott, st\u00edlusos minimalizmust.\u00a0<\/p><p>A formaterv <b>Massimo Bonetti<\/b> nev\u00e9hez f\u0171z\u0151dik, aki hossz\u00fa \u00e9vek \u00f3ta dolgozik egy\u00fctt az ELICA csapat\u00e1val, hogy olyan megold\u00e1sokat tervezzen, amelyek a technol\u00f3gi\u00e1t \u00e9s az eszt\u00e9tik\u00e1t egys\u00e9gben kezelik.<\/p>\t\t\t\t\t\t\t\t<\/div>\n\t\t\t\t<\/div>\n\t\t\t\t\t<\/div>\n\t\t<\/div>\n\t\t\t\t\t<\/div>\n\t\t<\/section>\n\t\t\t\t<section class=\"elementor-section elementor-top-section elementor-element elementor-element-b83bd50 elementor-section-boxed elementor-section-height-default elementor-section-height-default\" data-id=\"b83bd50\" data-element_type=\"section\" data-e-type=\"section\" data-settings=\"{&quot;background_background&quot;:&quot;classic&quot;}\">\n\t\t\t\t\t\t<div class=\"elementor-container elementor-column-gap-default\">\n\t\t\t\t\t<div class=\"elementor-column elementor-col-100 elementor-top-column elementor-element elementor-element-2e57875\" data-id=\"2e57875\" data-element_type=\"column\" data-e-type=\"column\">\n\t\t\t<div class=\"elementor-widget-wrap elementor-element-populated\">\n\t\t\t\t\t\t<div class=\"elementor-element elementor-element-5079138 elementor-widget elementor-widget-heading\" data-id=\"5079138\" data-element_type=\"widget\" data-e-type=\"widget\" data-widget_type=\"heading.default\">\n\t\t\t\t<div class=\"elementor-widget-container\">\n\t\t\t\t\t<h2 class=\"elementor-heading-title elementor-size-default\">Tov\u00e1bbi ELICA be\u00e9p\u00edthet\u0151 p\u00e1raelsz\u00edv\u00f3 t\u00edpusok<\/h2>\t\t\t\t<\/div>\n\t\t\t\t<\/div>\n\t\t\t\t\t<\/div>\n\t\t<\/div>\n\t\t\t\t\t<\/div>\n\t\t<\/section>\n\t\t\t\t<section class=\"elementor-section elementor-top-section elementor-element elementor-element-eb3deee elementor-section-boxed elementor-section-height-default elementor-section-height-default\" data-id=\"eb3deee\" data-element_type=\"section\" data-e-type=\"section\">\n\t\t\t\t\t\t<div class=\"elementor-container elementor-column-gap-default\">\n\t\t\t\t\t<div class=\"elementor-column elementor-col-33 elementor-top-column elementor-element elementor-element-cc01293\" data-id=\"cc01293\" data-element_type=\"column\" data-e-type=\"column\">\n\t\t\t<div class=\"elementor-widget-wrap elementor-element-populated\">\n\t\t\t\t\t\t<div class=\"elementor-element elementor-element-21aacc0 elementor-widget elementor-widget-image\" data-id=\"21aacc0\" data-element_type=\"widget\" data-e-type=\"widget\" data-widget_type=\"image.default\">\n\t\t\t\t<div class=\"elementor-widget-container\">\n\t\t\t\t\t\t\t\t\t\t\t\t<figure class=\"wp-caption\">\n\t\t\t\t\t\t\t\t\t\t<img loading=\"lazy\" decoding=\"async\" width=\"1032\" height=\"1032\" src=\"https:\/\/blancomania.hu\/blog\/wp-content\/uploads\/2025\/06\/elica-adveance-dry.webp\" class=\"attachment-full size-full wp-image-5324\" alt=\"\" srcset=\"https:\/\/blancomania.hu\/blog\/wp-content\/uploads\/2025\/06\/elica-adveance-dry.webp 1032w, https:\/\/blancomania.hu\/blog\/wp-content\/uploads\/2025\/06\/elica-adveance-dry-300x300.webp 300w, https:\/\/blancomania.hu\/blog\/wp-content\/uploads\/2025\/06\/elica-adveance-dry-1024x1024.webp 1024w, https:\/\/blancomania.hu\/blog\/wp-content\/uploads\/2025\/06\/elica-adveance-dry-150x150.webp 150w, https:\/\/blancomania.hu\/blog\/wp-content\/uploads\/2025\/06\/elica-adveance-dry-768x768.webp 768w\" sizes=\"(max-width: 1032px) 100vw, 1032px\" \/>\t\t\t\t\t\t\t\t\t\t\t<figcaption class=\"widget-image-caption wp-caption-text\">Elica - Elite Advance Dry<\/figcaption>\n\t\t\t\t\t\t\t\t\t\t<\/figure>\n\t\t\t\t\t\t\t\t\t<\/div>\n\t\t\t\t<\/div>\n\t\t\t\t\t<\/div>\n\t\t<\/div>\n\t\t\t\t<div class=\"elementor-column elementor-col-33 elementor-top-column elementor-element elementor-element-0f743c0\" data-id=\"0f743c0\" data-element_type=\"column\" data-e-type=\"column\">\n\t\t\t<div class=\"elementor-widget-wrap elementor-element-populated\">\n\t\t\t\t\t\t<div class=\"elementor-element elementor-element-45835c8 elementor-widget elementor-widget-image\" data-id=\"45835c8\" data-element_type=\"widget\" data-e-type=\"widget\" data-widget_type=\"image.default\">\n\t\t\t\t<div class=\"elementor-widget-container\">\n\t\t\t\t\t\t\t\t\t\t\t\t<figure class=\"wp-caption\">\n\t\t\t\t\t\t\t\t\t\t<img loading=\"lazy\" decoding=\"async\" width=\"1920\" height=\"1084\" src=\"https:\/\/blancomania.hu\/blog\/wp-content\/uploads\/2025\/06\/elica-boxin.webp\" class=\"attachment-full size-full wp-image-5322\" alt=\"\" srcset=\"https:\/\/blancomania.hu\/blog\/wp-content\/uploads\/2025\/06\/elica-boxin.webp 1920w, https:\/\/blancomania.hu\/blog\/wp-content\/uploads\/2025\/06\/elica-boxin-300x169.webp 300w, https:\/\/blancomania.hu\/blog\/wp-content\/uploads\/2025\/06\/elica-boxin-1024x578.webp 1024w, https:\/\/blancomania.hu\/blog\/wp-content\/uploads\/2025\/06\/elica-boxin-768x434.webp 768w, https:\/\/blancomania.hu\/blog\/wp-content\/uploads\/2025\/06\/elica-boxin-1536x867.webp 1536w\" sizes=\"(max-width: 1920px) 100vw, 1920px\" \/>\t\t\t\t\t\t\t\t\t\t\t<figcaption class=\"widget-image-caption wp-caption-text\">Elica - Boxin p\u00e1raelsz\u00edv\u00f3<\/figcaption>\n\t\t\t\t\t\t\t\t\t\t<\/figure>\n\t\t\t\t\t\t\t\t\t<\/div>\n\t\t\t\t<\/div>\n\t\t\t\t\t<\/div>\n\t\t<\/div>\n\t\t\t\t<div class=\"elementor-column elementor-col-33 elementor-top-column elementor-element elementor-element-a9d25dd\" data-id=\"a9d25dd\" data-element_type=\"column\" data-e-type=\"column\">\n\t\t\t<div class=\"elementor-widget-wrap elementor-element-populated\">\n\t\t\t\t\t\t<div class=\"elementor-element elementor-element-07b1c65 elementor-widget elementor-widget-image\" data-id=\"07b1c65\" data-element_type=\"widget\" data-e-type=\"widget\" data-widget_type=\"image.default\">\n\t\t\t\t<div class=\"elementor-widget-container\">\n\t\t\t\t\t\t\t\t\t\t\t\t<figure class=\"wp-caption\">\n\t\t\t\t\t\t\t\t\t\t<img loading=\"lazy\" decoding=\"async\" width=\"1032\" height=\"729\" src=\"https:\/\/blancomania.hu\/blog\/wp-content\/uploads\/2025\/06\/elica-fold-s-paraelszivo.webp\" class=\"attachment-full size-full wp-image-5325\" alt=\"\" srcset=\"https:\/\/blancomania.hu\/blog\/wp-content\/uploads\/2025\/06\/elica-fold-s-paraelszivo.webp 1032w, https:\/\/blancomania.hu\/blog\/wp-content\/uploads\/2025\/06\/elica-fold-s-paraelszivo-300x212.webp 300w, https:\/\/blancomania.hu\/blog\/wp-content\/uploads\/2025\/06\/elica-fold-s-paraelszivo-1024x723.webp 1024w, https:\/\/blancomania.hu\/blog\/wp-content\/uploads\/2025\/06\/elica-fold-s-paraelszivo-768x543.webp 768w\" sizes=\"(max-width: 1032px) 100vw, 1032px\" \/>\t\t\t\t\t\t\t\t\t\t\t<figcaption class=\"widget-image-caption wp-caption-text\">Elica - Fold S p\u00e1raelsz\u00edv\u00f3<\/figcaption>\n\t\t\t\t\t\t\t\t\t\t<\/figure>\n\t\t\t\t\t\t\t\t\t<\/div>\n\t\t\t\t<\/div>\n\t\t\t\t\t<\/div>\n\t\t<\/div>\n\t\t\t\t\t<\/div>\n\t\t<\/section>\n\t\t\t\t<section class=\"elementor-section elementor-top-section elementor-element elementor-element-b530ca1 elementor-section-boxed elementor-section-height-default elementor-section-height-default\" data-id=\"b530ca1\" data-element_type=\"section\" data-e-type=\"section\" data-settings=\"{&quot;background_background&quot;:&quot;classic&quot;}\">\n\t\t\t\t\t\t<div class=\"elementor-container elementor-column-gap-default\">\n\t\t\t\t\t<div class=\"elementor-column elementor-col-100 elementor-top-column elementor-element elementor-element-57296ae\" data-id=\"57296ae\" data-element_type=\"column\" data-e-type=\"column\">\n\t\t\t<div class=\"elementor-widget-wrap elementor-element-populated\">\n\t\t\t\t\t\t<div class=\"elementor-element elementor-element-2bba48a elementor-widget elementor-widget-text-editor\" data-id=\"2bba48a\" data-element_type=\"widget\" data-e-type=\"widget\" data-widget_type=\"text-editor.default\">\n\t\t\t\t<div class=\"elementor-widget-container\">\n\t\t\t\t\t\t\t\t\t<p>N\u00e9zd meg az ELICA p\u00e1raelsz\u00edv\u00f3k k\u00edn\u00e1lat\u00e1t, a be\u00e9p\u00edthet\u0151 k\u00e9sz\u00fcl\u00e9kek mellett a sziget-, d\u00f6nt\u00f6tt-, k\u00fcrt\u0151s,- \u00e9s a f\u0151z\u0151lapba integr\u00e1lt t\u00edpusokat is:\u00a0<\/p><p><span style=\"text-decoration: underline;\"><strong><span style=\"color: #ffffff;\"><a style=\"color: #ffffff; text-decoration: underline;\" href=\"https:\/\/blancomania.hu\/elica\/\">Elica \u2013 BlancoM\u00e1nia<\/a><\/span><\/strong><\/span><\/p>\t\t\t\t\t\t\t\t<\/div>\n\t\t\t\t<\/div>\n\t\t\t\t\t<\/div>\n\t\t<\/div>\n\t\t\t\t\t<\/div>\n\t\t<\/section>\n\t\t\t\t<section class=\"elementor-section elementor-top-section elementor-element elementor-element-407609a elementor-section-boxed elementor-section-height-default elementor-section-height-default\" data-id=\"407609a\" data-element_type=\"section\" data-e-type=\"section\">\n\t\t\t\t\t\t<div class=\"elementor-container elementor-column-gap-default\">\n\t\t\t\t\t<div class=\"elementor-column elementor-col-100 elementor-top-column elementor-element elementor-element-dff4c75\" data-id=\"dff4c75\" data-element_type=\"column\" data-e-type=\"column\">\n\t\t\t<div class=\"elementor-widget-wrap elementor-element-populated\">\n\t\t\t\t\t\t<div class=\"elementor-element elementor-element-be260e4 elementor-widget-divider--view-line elementor-widget elementor-widget-divider\" data-id=\"be260e4\" data-element_type=\"widget\" data-e-type=\"widget\" data-widget_type=\"divider.default\">\n\t\t\t\t<div class=\"elementor-widget-container\">\n\t\t\t\t\t\t\t<div class=\"elementor-divider\">\n\t\t\t<span class=\"elementor-divider-separator\">\n\t\t\t\t\t\t<\/span>\n\t\t<\/div>\n\t\t\t\t\t\t<\/div>\n\t\t\t\t<\/div>\n\t\t\t\t<div class=\"elementor-element elementor-element-6906301 elementor-widget elementor-widget-text-editor\" data-id=\"6906301\" data-element_type=\"widget\" data-e-type=\"widget\" data-widget_type=\"text-editor.default\">\n\t\t\t\t<div class=\"elementor-widget-container\">\n\t\t\t\t\t\t\t\t\t<p>A teljes Blanco k\u00edn\u00e1lattal &#8211; mosogat\u00f3k, csaptelepek, szelekt\u00edv hullad\u00e9kt\u00e1rol\u00f3k &#8211;\u00a0 kapcsolatban felmer\u00fcl\u0151 k\u00e9rd\u00e9sek eset\u00e9n h\u00edvd az<br \/>\u00fczlet\u00fcnket:<\/p><p><strong><span style=\"color: #1c4672;\">Admiral Studio\u00a0<\/span><br \/><\/strong><span style=\"color: #1c4672;\"><strong>C\u00edm: 1013 Budapest, Attila \u00fat 37.\u00a0 \u2013 Telefon: 06 1 270 9051 \u2013 Email:\u00a0<a style=\"color: #1c4672;\" href=\"mailto:kapcsolat@admiralstudio.hu\"><u>kapcsolat@admiralstudio.hu<\/u><\/a><\/strong><strong><u>\u00a0<\/u><\/strong><\/span><\/p><p>Bemutat\u00f3term\u00fcnk a\u00a0\u00a0<span style=\"color: #1c4672;\"><a style=\"color: #1c4672;\" href=\"https:\/\/blancomania.hu\/blanco\/\"><strong><u>Blanco mosogat\u00f3k\/csapok\/szemetesek<\/u><\/strong><\/a><\/span>\u00a0\u00e9s<br \/><span style=\"color: #1c4672;\"><a style=\"color: #1c4672;\" href=\"https:\/\/blancomania.hu\/elica\/\"><strong><u>Elica p\u00e1raelsz\u00edv\u00f3k<\/u><\/strong><\/a><\/span>\u00a0egyik legjobb bemutat\u00f3terme.<\/p><p>weboldalaink:<br \/><span style=\"color: #1c4672;\"><a style=\"color: #1c4672;\" href=\"https:\/\/admiralstudio.hu\/tervezes\/\"><strong><u>https:\/\/admiralstudio.hu\/tervezes\/<\/u><\/strong>\u00a0 \u00e9s\u00a0\u00a0<\/a><strong><a style=\"color: #1c4672;\" href=\"https:\/\/blancomania.hu\/\"><u>https:\/\/blancomania.hu<\/u><\/a><\/strong><\/span><\/p>\t\t\t\t\t\t\t\t<\/div>\n\t\t\t\t<\/div>\n\t\t\t\t<div class=\"elementor-element elementor-element-6b07a37 elementor-widget elementor-widget-text-editor\" data-id=\"6b07a37\" data-element_type=\"widget\" data-e-type=\"widget\" data-widget_type=\"text-editor.default\">\n\t\t\t\t<div class=\"elementor-widget-container\">\n\t\t\t\t\t\t\t\t\t<p>Megoszt\u00e1s:<\/p>\t\t\t\t\t\t\t\t<\/div>\n\t\t\t\t<\/div>\n\t\t\t\t<div class=\"elementor-element elementor-element-c23dc58 elementor-share-buttons--view-icon elementor-share-buttons--skin-boxed elementor-share-buttons--shape-square elementor-grid-0 elementor-share-buttons--color-official elementor-widget elementor-widget-share-buttons\" data-id=\"c23dc58\" data-element_type=\"widget\" data-e-type=\"widget\" data-widget_type=\"share-buttons.default\">\n\t\t\t\t<div class=\"elementor-widget-container\">\n\t\t\t\t\t\t\t<div class=\"elementor-grid\" role=\"list\">\n\t\t\t\t\t\t\t\t<div class=\"elementor-grid-item\" role=\"listitem\">\n\t\t\t\t\t\t<div class=\"elementor-share-btn elementor-share-btn_facebook\" role=\"button\" tabindex=\"0\" aria-label=\"Megoszt\u00e1s itt: facebook\">\n\t\t\t\t\t\t\t\t\t\t\t\t\t\t\t<span class=\"elementor-share-btn__icon\">\n\t\t\t\t\t\t\t\t<i class=\"fab fa-facebook\" aria-hidden=\"true\"><\/i>\t\t\t\t\t\t\t<\/span>\n\t\t\t\t\t\t\t\t\t\t\t\t\t\t\t\t\t\t\t\t<\/div>\n\t\t\t\t\t<\/div>\n\t\t\t\t\t\t\t\t\t<div class=\"elementor-grid-item\" role=\"listitem\">\n\t\t\t\t\t\t<div class=\"elementor-share-btn elementor-share-btn_pinterest\" role=\"button\" tabindex=\"0\" aria-label=\"Megoszt\u00e1s itt: pinterest\">\n\t\t\t\t\t\t\t\t\t\t\t\t\t\t\t<span class=\"elementor-share-btn__icon\">\n\t\t\t\t\t\t\t\t<i class=\"fab fa-pinterest\" aria-hidden=\"true\"><\/i>\t\t\t\t\t\t\t<\/span>\n\t\t\t\t\t\t\t\t\t\t\t\t\t\t\t\t\t\t\t\t<\/div>\n\t\t\t\t\t<\/div>\n\t\t\t\t\t\t<\/div>\n\t\t\t\t\t\t<\/div>\n\t\t\t\t<\/div>\n\t\t\t\t\t<\/div>\n\t\t<\/div>\n\t\t\t\t\t<\/div>\n\t\t<\/section>\n\t\t\t\t<\/div>\n\t\t","protected":false},"excerpt":{"rendered":"<p>Pr\u00e9mium Elica be\u00e9phet\u0151 p\u00e1raelsz\u00edv\u00f3k: diszkr\u00e9t design, intelligens funkci\u00f3k, olasz technol\u00f3gia. T\u00f6k\u00e9letes v\u00e1laszt\u00e1s azokba modern, letisztult konyh\u00e1kba, ahol nem szeretn\u00e9d az elsz\u00edv\u00f3t f\u00f3kuszba helyezni.<\/p>\n","protected":false},"author":5,"featured_media":5315,"comment_status":"closed","ping_status":"open","sticky":false,"template":"elementor_header_footer","format":"standard","meta":{"footnotes":""},"categories":[252],"tags":[],"class_list":["post-5278","post","type-post","status-publish","format-standard","has-post-thumbnail","hentry","category-paraelszivok"],"yoast_head":"<!-- This site is optimized with the Yoast SEO plugin v27.4 - https:\/\/yoast.com\/product\/yoast-seo-wordpress\/ -->\n<title>Elica be\u00e9p\u00edthet\u0151 p\u00e1raelsz\u00edv\u00f3k - olasz design, ikonikus forma, tudatos tartalom - Blanco M\u00e1nia blog<\/title>\n<meta name=\"description\" content=\"Pr\u00e9mium Elica be\u00e9p\u00edthet\u0151 p\u00e1raelsz\u00edv\u00f3k: diszkr\u00e9t design, intelligens funkci\u00f3k, olasz technol\u00f3gia. T\u00f6k\u00e9letes v\u00e1laszt\u00e1s modern, letisztult konyh\u00e1kba.\" \/>\n<meta name=\"robots\" content=\"index, follow, max-snippet:-1, max-image-preview:large, max-video-preview:-1\" \/>\n<link rel=\"canonical\" href=\"https:\/\/blancomania.hu\/blog\/beepitheto-paraelszivok-olasz-design-ikonikus-forma-tudatos-tartalom\/\" \/>\n<meta property=\"og:locale\" content=\"hu_HU\" \/>\n<meta property=\"og:type\" content=\"article\" \/>\n<meta property=\"og:title\" content=\"Elica be\u00e9p\u00edthet\u0151 p\u00e1raelsz\u00edv\u00f3k - olasz design, ikonikus forma, tudatos tartalom - Blanco M\u00e1nia blog\" \/>\n<meta property=\"og:description\" content=\"Pr\u00e9mium Elica be\u00e9p\u00edthet\u0151 p\u00e1raelsz\u00edv\u00f3k: diszkr\u00e9t design, intelligens funkci\u00f3k, olasz technol\u00f3gia. T\u00f6k\u00e9letes v\u00e1laszt\u00e1s modern, letisztult konyh\u00e1kba.\" \/>\n<meta property=\"og:url\" content=\"https:\/\/blancomania.hu\/blog\/beepitheto-paraelszivok-olasz-design-ikonikus-forma-tudatos-tartalom\/\" \/>\n<meta property=\"og:site_name\" content=\"Blanco M\u00e1nia blog\" \/>\n<meta property=\"article:publisher\" content=\"https:\/\/www.facebook.com\/blancomania\" \/>\n<meta property=\"article:published_time\" content=\"2025-06-25T17:36:44+00:00\" \/>\n<meta property=\"article:modified_time\" content=\"2025-06-26T08:25:14+00:00\" \/>\n<meta property=\"og:image\" content=\"https:\/\/blancomania.hu\/blog\/wp-content\/uploads\/2025\/06\/elica-hidden20-room-02-paraelszivo-scaled.jpg\" \/>\n\t<meta property=\"og:image:width\" content=\"2560\" \/>\n\t<meta property=\"og:image:height\" content=\"2217\" \/>\n\t<meta property=\"og:image:type\" content=\"image\/jpeg\" \/>\n<meta name=\"author\" content=\"Princz Panni\" \/>\n<meta name=\"twitter:card\" content=\"summary_large_image\" \/>\n<meta name=\"twitter:label1\" content=\"Szerz\u0151:\" \/>\n\t<meta name=\"twitter:data1\" content=\"Princz Panni\" \/>\n\t<meta name=\"twitter:label2\" content=\"Becs\u00fclt olvas\u00e1si id\u0151\" \/>\n\t<meta name=\"twitter:data2\" content=\"12 perc\" \/>\n<script type=\"application\/ld+json\" class=\"yoast-schema-graph\">{\"@context\":\"https:\\\/\\\/schema.org\",\"@graph\":[{\"@type\":\"Article\",\"@id\":\"https:\\\/\\\/blancomania.hu\\\/blog\\\/beepitheto-paraelszivok-olasz-design-ikonikus-forma-tudatos-tartalom\\\/#article\",\"isPartOf\":{\"@id\":\"https:\\\/\\\/blancomania.hu\\\/blog\\\/beepitheto-paraelszivok-olasz-design-ikonikus-forma-tudatos-tartalom\\\/\"},\"author\":{\"name\":\"Princz Panni\",\"@id\":\"https:\\\/\\\/blancomania.hu\\\/blog\\\/#\\\/schema\\\/person\\\/0cfd4494fd92794c5850df1fe0d87550\"},\"headline\":\"Elica be\u00e9p\u00edthet\u0151 p\u00e1raelsz\u00edv\u00f3k &#8211; olasz design, ikonikus forma, tudatos tartalom\",\"datePublished\":\"2025-06-25T17:36:44+00:00\",\"dateModified\":\"2025-06-26T08:25:14+00:00\",\"mainEntityOfPage\":{\"@id\":\"https:\\\/\\\/blancomania.hu\\\/blog\\\/beepitheto-paraelszivok-olasz-design-ikonikus-forma-tudatos-tartalom\\\/\"},\"wordCount\":2470,\"publisher\":{\"@id\":\"https:\\\/\\\/blancomania.hu\\\/blog\\\/#organization\"},\"image\":{\"@id\":\"https:\\\/\\\/blancomania.hu\\\/blog\\\/beepitheto-paraelszivok-olasz-design-ikonikus-forma-tudatos-tartalom\\\/#primaryimage\"},\"thumbnailUrl\":\"https:\\\/\\\/blancomania.hu\\\/blog\\\/wp-content\\\/uploads\\\/2025\\\/06\\\/elica-hidden20-room-02-paraelszivo-scaled.jpg\",\"articleSection\":[\"P\u00e1raelsz\u00edv\u00f3k\"],\"inLanguage\":\"hu\"},{\"@type\":\"WebPage\",\"@id\":\"https:\\\/\\\/blancomania.hu\\\/blog\\\/beepitheto-paraelszivok-olasz-design-ikonikus-forma-tudatos-tartalom\\\/\",\"url\":\"https:\\\/\\\/blancomania.hu\\\/blog\\\/beepitheto-paraelszivok-olasz-design-ikonikus-forma-tudatos-tartalom\\\/\",\"name\":\"Elica be\u00e9p\u00edthet\u0151 p\u00e1raelsz\u00edv\u00f3k - olasz design, ikonikus forma, tudatos tartalom - Blanco M\u00e1nia blog\",\"isPartOf\":{\"@id\":\"https:\\\/\\\/blancomania.hu\\\/blog\\\/#website\"},\"primaryImageOfPage\":{\"@id\":\"https:\\\/\\\/blancomania.hu\\\/blog\\\/beepitheto-paraelszivok-olasz-design-ikonikus-forma-tudatos-tartalom\\\/#primaryimage\"},\"image\":{\"@id\":\"https:\\\/\\\/blancomania.hu\\\/blog\\\/beepitheto-paraelszivok-olasz-design-ikonikus-forma-tudatos-tartalom\\\/#primaryimage\"},\"thumbnailUrl\":\"https:\\\/\\\/blancomania.hu\\\/blog\\\/wp-content\\\/uploads\\\/2025\\\/06\\\/elica-hidden20-room-02-paraelszivo-scaled.jpg\",\"datePublished\":\"2025-06-25T17:36:44+00:00\",\"dateModified\":\"2025-06-26T08:25:14+00:00\",\"description\":\"Pr\u00e9mium Elica be\u00e9p\u00edthet\u0151 p\u00e1raelsz\u00edv\u00f3k: diszkr\u00e9t design, intelligens funkci\u00f3k, olasz technol\u00f3gia. T\u00f6k\u00e9letes v\u00e1laszt\u00e1s modern, letisztult konyh\u00e1kba.\",\"breadcrumb\":{\"@id\":\"https:\\\/\\\/blancomania.hu\\\/blog\\\/beepitheto-paraelszivok-olasz-design-ikonikus-forma-tudatos-tartalom\\\/#breadcrumb\"},\"inLanguage\":\"hu\",\"potentialAction\":[{\"@type\":\"ReadAction\",\"target\":[\"https:\\\/\\\/blancomania.hu\\\/blog\\\/beepitheto-paraelszivok-olasz-design-ikonikus-forma-tudatos-tartalom\\\/\"]}]},{\"@type\":\"ImageObject\",\"inLanguage\":\"hu\",\"@id\":\"https:\\\/\\\/blancomania.hu\\\/blog\\\/beepitheto-paraelszivok-olasz-design-ikonikus-forma-tudatos-tartalom\\\/#primaryimage\",\"url\":\"https:\\\/\\\/blancomania.hu\\\/blog\\\/wp-content\\\/uploads\\\/2025\\\/06\\\/elica-hidden20-room-02-paraelszivo-scaled.jpg\",\"contentUrl\":\"https:\\\/\\\/blancomania.hu\\\/blog\\\/wp-content\\\/uploads\\\/2025\\\/06\\\/elica-hidden20-room-02-paraelszivo-scaled.jpg\",\"width\":2560,\"height\":2217},{\"@type\":\"BreadcrumbList\",\"@id\":\"https:\\\/\\\/blancomania.hu\\\/blog\\\/beepitheto-paraelszivok-olasz-design-ikonikus-forma-tudatos-tartalom\\\/#breadcrumb\",\"itemListElement\":[{\"@type\":\"ListItem\",\"position\":1,\"name\":\"Kezd\u0151lap\",\"item\":\"https:\\\/\\\/blancomania.hu\\\/blog\\\/\"},{\"@type\":\"ListItem\",\"position\":2,\"name\":\"Elica be\u00e9p\u00edthet\u0151 p\u00e1raelsz\u00edv\u00f3k &#8211; olasz design, ikonikus forma, tudatos tartalom\"}]},{\"@type\":\"WebSite\",\"@id\":\"https:\\\/\\\/blancomania.hu\\\/blog\\\/#website\",\"url\":\"https:\\\/\\\/blancomania.hu\\\/blog\\\/\",\"name\":\"Blanco M\u00e1nia\",\"description\":\"Blanco mosogat\u00f3 \u00e9s csaptelep web\u00e1ruh\u00e1z\",\"publisher\":{\"@id\":\"https:\\\/\\\/blancomania.hu\\\/blog\\\/#organization\"},\"potentialAction\":[{\"@type\":\"SearchAction\",\"target\":{\"@type\":\"EntryPoint\",\"urlTemplate\":\"https:\\\/\\\/blancomania.hu\\\/blog\\\/?s={search_term_string}\"},\"query-input\":{\"@type\":\"PropertyValueSpecification\",\"valueRequired\":true,\"valueName\":\"search_term_string\"}}],\"inLanguage\":\"hu\"},{\"@type\":\"Organization\",\"@id\":\"https:\\\/\\\/blancomania.hu\\\/blog\\\/#organization\",\"name\":\"Admir\u00e1l Studio Kft.\",\"url\":\"https:\\\/\\\/blancomania.hu\\\/blog\\\/\",\"logo\":{\"@type\":\"ImageObject\",\"inLanguage\":\"hu\",\"@id\":\"https:\\\/\\\/blancomania.hu\\\/blog\\\/#\\\/schema\\\/logo\\\/image\\\/\",\"url\":\"https:\\\/\\\/blancomania.hu\\\/blog\\\/wp-content\\\/uploads\\\/2023\\\/05\\\/logokek1-.png\",\"contentUrl\":\"https:\\\/\\\/blancomania.hu\\\/blog\\\/wp-content\\\/uploads\\\/2023\\\/05\\\/logokek1-.png\",\"width\":270,\"height\":45,\"caption\":\"Admir\u00e1l Studio Kft.\"},\"image\":{\"@id\":\"https:\\\/\\\/blancomania.hu\\\/blog\\\/#\\\/schema\\\/logo\\\/image\\\/\"},\"sameAs\":[\"https:\\\/\\\/www.facebook.com\\\/blancomania\",\"https:\\\/\\\/www.instagram.com\\\/admiral_studio\\\/\",\"https:\\\/\\\/www.youtube.com\\\/user\\\/AdmiralStudio\"]},{\"@type\":\"Person\",\"@id\":\"https:\\\/\\\/blancomania.hu\\\/blog\\\/#\\\/schema\\\/person\\\/0cfd4494fd92794c5850df1fe0d87550\",\"name\":\"Princz Panni\",\"image\":{\"@type\":\"ImageObject\",\"inLanguage\":\"hu\",\"@id\":\"https:\\\/\\\/secure.gravatar.com\\\/avatar\\\/17130ab04aa5db7bc5fe6d0a0901f8495d6521d1a7576cd1e2e0c3846440cc7a?s=96&d=mm&r=g\",\"url\":\"https:\\\/\\\/secure.gravatar.com\\\/avatar\\\/17130ab04aa5db7bc5fe6d0a0901f8495d6521d1a7576cd1e2e0c3846440cc7a?s=96&d=mm&r=g\",\"contentUrl\":\"https:\\\/\\\/secure.gravatar.com\\\/avatar\\\/17130ab04aa5db7bc5fe6d0a0901f8495d6521d1a7576cd1e2e0c3846440cc7a?s=96&d=mm&r=g\",\"caption\":\"Princz Panni\"},\"url\":\"https:\\\/\\\/blancomania.hu\\\/blog\\\/author\\\/pprincz\\\/\"}]}<\/script>\n<!-- \/ Yoast SEO plugin. -->","yoast_head_json":{"title":"Elica be\u00e9p\u00edthet\u0151 p\u00e1raelsz\u00edv\u00f3k - olasz design, ikonikus forma, tudatos tartalom - Blanco M\u00e1nia blog","description":"Pr\u00e9mium Elica be\u00e9p\u00edthet\u0151 p\u00e1raelsz\u00edv\u00f3k: diszkr\u00e9t design, intelligens funkci\u00f3k, olasz technol\u00f3gia. T\u00f6k\u00e9letes v\u00e1laszt\u00e1s modern, letisztult konyh\u00e1kba.","robots":{"index":"index","follow":"follow","max-snippet":"max-snippet:-1","max-image-preview":"max-image-preview:large","max-video-preview":"max-video-preview:-1"},"canonical":"https:\/\/blancomania.hu\/blog\/beepitheto-paraelszivok-olasz-design-ikonikus-forma-tudatos-tartalom\/","og_locale":"hu_HU","og_type":"article","og_title":"Elica be\u00e9p\u00edthet\u0151 p\u00e1raelsz\u00edv\u00f3k - olasz design, ikonikus forma, tudatos tartalom - Blanco M\u00e1nia blog","og_description":"Pr\u00e9mium Elica be\u00e9p\u00edthet\u0151 p\u00e1raelsz\u00edv\u00f3k: diszkr\u00e9t design, intelligens funkci\u00f3k, olasz technol\u00f3gia. T\u00f6k\u00e9letes v\u00e1laszt\u00e1s modern, letisztult konyh\u00e1kba.","og_url":"https:\/\/blancomania.hu\/blog\/beepitheto-paraelszivok-olasz-design-ikonikus-forma-tudatos-tartalom\/","og_site_name":"Blanco M\u00e1nia blog","article_publisher":"https:\/\/www.facebook.com\/blancomania","article_published_time":"2025-06-25T17:36:44+00:00","article_modified_time":"2025-06-26T08:25:14+00:00","og_image":[{"width":2560,"height":2217,"url":"https:\/\/blancomania.hu\/blog\/wp-content\/uploads\/2025\/06\/elica-hidden20-room-02-paraelszivo-scaled.jpg","type":"image\/jpeg"}],"author":"Princz Panni","twitter_card":"summary_large_image","twitter_misc":{"Szerz\u0151:":"Princz Panni","Becs\u00fclt olvas\u00e1si id\u0151":"12 perc"},"schema":{"@context":"https:\/\/schema.org","@graph":[{"@type":"Article","@id":"https:\/\/blancomania.hu\/blog\/beepitheto-paraelszivok-olasz-design-ikonikus-forma-tudatos-tartalom\/#article","isPartOf":{"@id":"https:\/\/blancomania.hu\/blog\/beepitheto-paraelszivok-olasz-design-ikonikus-forma-tudatos-tartalom\/"},"author":{"name":"Princz Panni","@id":"https:\/\/blancomania.hu\/blog\/#\/schema\/person\/0cfd4494fd92794c5850df1fe0d87550"},"headline":"Elica be\u00e9p\u00edthet\u0151 p\u00e1raelsz\u00edv\u00f3k &#8211; olasz design, ikonikus forma, tudatos tartalom","datePublished":"2025-06-25T17:36:44+00:00","dateModified":"2025-06-26T08:25:14+00:00","mainEntityOfPage":{"@id":"https:\/\/blancomania.hu\/blog\/beepitheto-paraelszivok-olasz-design-ikonikus-forma-tudatos-tartalom\/"},"wordCount":2470,"publisher":{"@id":"https:\/\/blancomania.hu\/blog\/#organization"},"image":{"@id":"https:\/\/blancomania.hu\/blog\/beepitheto-paraelszivok-olasz-design-ikonikus-forma-tudatos-tartalom\/#primaryimage"},"thumbnailUrl":"https:\/\/blancomania.hu\/blog\/wp-content\/uploads\/2025\/06\/elica-hidden20-room-02-paraelszivo-scaled.jpg","articleSection":["P\u00e1raelsz\u00edv\u00f3k"],"inLanguage":"hu"},{"@type":"WebPage","@id":"https:\/\/blancomania.hu\/blog\/beepitheto-paraelszivok-olasz-design-ikonikus-forma-tudatos-tartalom\/","url":"https:\/\/blancomania.hu\/blog\/beepitheto-paraelszivok-olasz-design-ikonikus-forma-tudatos-tartalom\/","name":"Elica be\u00e9p\u00edthet\u0151 p\u00e1raelsz\u00edv\u00f3k - olasz design, ikonikus forma, tudatos tartalom - Blanco M\u00e1nia blog","isPartOf":{"@id":"https:\/\/blancomania.hu\/blog\/#website"},"primaryImageOfPage":{"@id":"https:\/\/blancomania.hu\/blog\/beepitheto-paraelszivok-olasz-design-ikonikus-forma-tudatos-tartalom\/#primaryimage"},"image":{"@id":"https:\/\/blancomania.hu\/blog\/beepitheto-paraelszivok-olasz-design-ikonikus-forma-tudatos-tartalom\/#primaryimage"},"thumbnailUrl":"https:\/\/blancomania.hu\/blog\/wp-content\/uploads\/2025\/06\/elica-hidden20-room-02-paraelszivo-scaled.jpg","datePublished":"2025-06-25T17:36:44+00:00","dateModified":"2025-06-26T08:25:14+00:00","description":"Pr\u00e9mium Elica be\u00e9p\u00edthet\u0151 p\u00e1raelsz\u00edv\u00f3k: diszkr\u00e9t design, intelligens funkci\u00f3k, olasz technol\u00f3gia. T\u00f6k\u00e9letes v\u00e1laszt\u00e1s modern, letisztult konyh\u00e1kba.","breadcrumb":{"@id":"https:\/\/blancomania.hu\/blog\/beepitheto-paraelszivok-olasz-design-ikonikus-forma-tudatos-tartalom\/#breadcrumb"},"inLanguage":"hu","potentialAction":[{"@type":"ReadAction","target":["https:\/\/blancomania.hu\/blog\/beepitheto-paraelszivok-olasz-design-ikonikus-forma-tudatos-tartalom\/"]}]},{"@type":"ImageObject","inLanguage":"hu","@id":"https:\/\/blancomania.hu\/blog\/beepitheto-paraelszivok-olasz-design-ikonikus-forma-tudatos-tartalom\/#primaryimage","url":"https:\/\/blancomania.hu\/blog\/wp-content\/uploads\/2025\/06\/elica-hidden20-room-02-paraelszivo-scaled.jpg","contentUrl":"https:\/\/blancomania.hu\/blog\/wp-content\/uploads\/2025\/06\/elica-hidden20-room-02-paraelszivo-scaled.jpg","width":2560,"height":2217},{"@type":"BreadcrumbList","@id":"https:\/\/blancomania.hu\/blog\/beepitheto-paraelszivok-olasz-design-ikonikus-forma-tudatos-tartalom\/#breadcrumb","itemListElement":[{"@type":"ListItem","position":1,"name":"Kezd\u0151lap","item":"https:\/\/blancomania.hu\/blog\/"},{"@type":"ListItem","position":2,"name":"Elica be\u00e9p\u00edthet\u0151 p\u00e1raelsz\u00edv\u00f3k &#8211; olasz design, ikonikus forma, tudatos tartalom"}]},{"@type":"WebSite","@id":"https:\/\/blancomania.hu\/blog\/#website","url":"https:\/\/blancomania.hu\/blog\/","name":"Blanco M\u00e1nia","description":"Blanco mosogat\u00f3 \u00e9s csaptelep web\u00e1ruh\u00e1z","publisher":{"@id":"https:\/\/blancomania.hu\/blog\/#organization"},"potentialAction":[{"@type":"SearchAction","target":{"@type":"EntryPoint","urlTemplate":"https:\/\/blancomania.hu\/blog\/?s={search_term_string}"},"query-input":{"@type":"PropertyValueSpecification","valueRequired":true,"valueName":"search_term_string"}}],"inLanguage":"hu"},{"@type":"Organization","@id":"https:\/\/blancomania.hu\/blog\/#organization","name":"Admir\u00e1l Studio Kft.","url":"https:\/\/blancomania.hu\/blog\/","logo":{"@type":"ImageObject","inLanguage":"hu","@id":"https:\/\/blancomania.hu\/blog\/#\/schema\/logo\/image\/","url":"https:\/\/blancomania.hu\/blog\/wp-content\/uploads\/2023\/05\/logokek1-.png","contentUrl":"https:\/\/blancomania.hu\/blog\/wp-content\/uploads\/2023\/05\/logokek1-.png","width":270,"height":45,"caption":"Admir\u00e1l Studio Kft."},"image":{"@id":"https:\/\/blancomania.hu\/blog\/#\/schema\/logo\/image\/"},"sameAs":["https:\/\/www.facebook.com\/blancomania","https:\/\/www.instagram.com\/admiral_studio\/","https:\/\/www.youtube.com\/user\/AdmiralStudio"]},{"@type":"Person","@id":"https:\/\/blancomania.hu\/blog\/#\/schema\/person\/0cfd4494fd92794c5850df1fe0d87550","name":"Princz Panni","image":{"@type":"ImageObject","inLanguage":"hu","@id":"https:\/\/secure.gravatar.com\/avatar\/17130ab04aa5db7bc5fe6d0a0901f8495d6521d1a7576cd1e2e0c3846440cc7a?s=96&d=mm&r=g","url":"https:\/\/secure.gravatar.com\/avatar\/17130ab04aa5db7bc5fe6d0a0901f8495d6521d1a7576cd1e2e0c3846440cc7a?s=96&d=mm&r=g","contentUrl":"https:\/\/secure.gravatar.com\/avatar\/17130ab04aa5db7bc5fe6d0a0901f8495d6521d1a7576cd1e2e0c3846440cc7a?s=96&d=mm&r=g","caption":"Princz Panni"},"url":"https:\/\/blancomania.hu\/blog\/author\/pprincz\/"}]}},"_links":{"self":[{"href":"https:\/\/blancomania.hu\/blog\/wp-json\/wp\/v2\/posts\/5278","targetHints":{"allow":["GET"]}}],"collection":[{"href":"https:\/\/blancomania.hu\/blog\/wp-json\/wp\/v2\/posts"}],"about":[{"href":"https:\/\/blancomania.hu\/blog\/wp-json\/wp\/v2\/types\/post"}],"author":[{"embeddable":true,"href":"https:\/\/blancomania.hu\/blog\/wp-json\/wp\/v2\/users\/5"}],"replies":[{"embeddable":true,"href":"https:\/\/blancomania.hu\/blog\/wp-json\/wp\/v2\/comments?post=5278"}],"version-history":[{"count":0,"href":"https:\/\/blancomania.hu\/blog\/wp-json\/wp\/v2\/posts\/5278\/revisions"}],"wp:featuredmedia":[{"embeddable":true,"href":"https:\/\/blancomania.hu\/blog\/wp-json\/wp\/v2\/media\/5315"}],"wp:attachment":[{"href":"https:\/\/blancomania.hu\/blog\/wp-json\/wp\/v2\/media?parent=5278"}],"wp:term":[{"taxonomy":"category","embeddable":true,"href":"https:\/\/blancomania.hu\/blog\/wp-json\/wp\/v2\/categories?post=5278"},{"taxonomy":"post_tag","embeddable":true,"href":"https:\/\/blancomania.hu\/blog\/wp-json\/wp\/v2\/tags?post=5278"}],"curies":[{"name":"wp","href":"https:\/\/api.w.org\/{rel}","templated":true}]}}