{"id":527,"date":"2015-06-05T15:34:21","date_gmt":"2015-06-05T13:34:21","guid":{"rendered":"http:\/\/www.blancomania.hu\/blog\/?p=527"},"modified":"2023-06-15T08:52:15","modified_gmt":"2023-06-15T06:52:15","slug":"hiusag-ferfi-a-neved","status":"publish","type":"post","link":"https:\/\/blancomania.hu\/blog\/hiusag-ferfi-a-neved\/","title":{"rendered":"Hi\u00fas\u00e1g &#8230; f\u00e9rfi a neved?!"},"content":{"rendered":"<p>A t\u00f6rt\u00e9net friss!<\/p>\n<p style=\"text-align: justify;\">A<a href=\"https:\/\/blancomania.hu\/kapcsolat\/\"> bemutat\u00f3terembe \u00e9rkezett a<\/a>z \u00f6tven k\u00f6r\u00fcli f\u00e9rfiember. Rozsdamentes mosogat\u00f3t \u00e9s ablak al\u00e1 \u00e9p\u00edthet\u0151 ( lenyomhat\u00f3) csaptelepet keresett. K\u00f6z\u00f6sen megn\u00e9zt\u00fck a bemutat\u00f3teremben l\u00e9v\u0151 ki\u00e1ll\u00edtott csaptelepeket \u00e9s mosogat\u00f3kat, ut\u00e1na nekiest\u00fcnk a nagy <a href=\"https:\/\/blancomania.hu\/blanco\/\">Blanco katal\u00f3gusnak,<\/a> ami 391 oldalas.&nbsp;Mutogatom a <a href=\"https:\/\/blancomania.hu\/blanco\/mosogatok\/rozsdamentes\/natur\/\">rozsdamentes mosogat\u00f3<\/a> t\u00edpusokat, de a Vev\u0151 saj\u00e1t k\u00e9zbe veszi az ir\u00e1ny\u00edt\u00e1st, ameddig elfordultam egy pillanatra.<\/p>\n<figure id=\"attachment_528\" aria-describedby=\"caption-attachment-528\" style=\"width: 300px\" class=\"wp-caption aligncenter\"><a href=\"http:\/\/www.blancomania.hu\/blog\/wp-content\/uploads\/2015\/06\/szemuveg_anyosnyelvvel.jpg\"><img fetchpriority=\"high\" decoding=\"async\" class=\"size-medium wp-image-528\" src=\"http:\/\/www.blancomania.hu\/blog\/wp-content\/uploads\/2015\/06\/szemuveg_anyosnyelvvel-300x300.jpg\" alt=\"Szem\u00fcveg kell a bemutat\u00f3terembe :-)\" width=\"300\" height=\"300\" srcset=\"https:\/\/blancomania.hu\/blog\/wp-content\/uploads\/2015\/06\/szemuveg_anyosnyelvvel-300x300.jpg 300w, https:\/\/blancomania.hu\/blog\/wp-content\/uploads\/2015\/06\/szemuveg_anyosnyelvvel-150x150.jpg 150w, https:\/\/blancomania.hu\/blog\/wp-content\/uploads\/2015\/06\/szemuveg_anyosnyelvvel.jpg 400w\" sizes=\"(max-width: 300px) 100vw, 300px\" \/><\/a><figcaption id=\"caption-attachment-528\" class=\"wp-caption-text\">Szem\u00fcveg kell a bemutat\u00f3terembe \ud83d\ude42<\/figcaption><\/figure>\n<p style=\"text-align: justify;\">Mit l\u00e1tok? A f\u00e9rfiember t\u00e1vcs\u00f6vet form\u00e1l a kez\u00e9b\u0151l \u00e9s egyre k\u00f6zelebb hajol a katal\u00f3gushoz. N\u00e9zem&#8230;n\u00e9zem&#8230;&#8230; \u00e9s megk\u00e9rdezem: Most mit csin\u00e1lunk????<\/p>\n<p style=\"text-align: justify;\">&#8211; H\u00e1t n\u00e9zz\u00fck a katal\u00f3gust, mondja mosolyogva \ud83d\ude42 &nbsp;Mondom: hol a szem\u00fcvege? Mondja: \u00e1\u00e1\u00e1 nem szeretem, kint hagytam a kocsiban \ud83d\ude42&nbsp;Mondom itt \u00e9n szem\u00fcvegem! Mondja: k\u00f6sz\u00f6n\u00f6m &#8230; \u00e9s n\u00e9zegeti a katal\u00f3gust tov\u00e1bb.<\/p>\n<p style=\"text-align: justify;\">Most \u00e9n nem l\u00e1tok semmit :-D! A f\u00e9rfiember tal\u00e1lt a katal\u00f3gusban h\u00e1rom szuper mosogat\u00f3t. K\u00e9rdi: ennek milyen a m\u00e9rete \u00e9s van sz\u00f6vetmint\u00e1sban? Mondom: nem l\u00e1tom! Ja, t\u00e9nyleg! Szem\u00fcveg visszav\u00e1ndorol hozz\u00e1m. Megn\u00e9zem mit tal\u00e1lt a f\u00e9rfiember, megv\u00e1laszolom a k\u00e9rd\u00e9s\u00e9t. \u00dajra t\u00e1vcs\u00f6vet form\u00e1l a kez\u00e9b\u0151l&#8230;\u00fajra \u00e1tadom a szem\u00fcvegem.<\/p>\n<p style=\"text-align: justify;\">Azt\u00e1n a szem\u00fcveg leker\u00fcl a szem\u00e9r\u0151l \u00e9s otthagyjuk a pulton.Majd ketten botork\u00e1lunk a bemutat\u00f3teremben \u00e9s ketten nem l\u00e1tunk semmit :-D.<\/p>\n<p style=\"text-align: justify;\">Rendel\u00e9s m\u00e9g nem t\u00f6rt\u00e9nt, viszont a l\u00e1tok\/nem l\u00e1tok m\u00e1sf\u00e9l \u00f3ra alatt mind a ketten j\u00f3l sz\u00f3rakoztunk. Sz\u00e9p ez a mai nap !!!<\/p>\n<p style=\"text-align: justify;\">Rem\u00e9lem megrendel\u00e9s is lesz ebb\u0151l!<\/p>\n<p><a href=\"http:\/\/www.blancomania.hu\/blog\/wp-content\/uploads\/2015\/06\/1320657761-FctMK1.jpg\"><img decoding=\"async\" class=\"aligncenter size-medium wp-image-529\" src=\"http:\/\/www.blancomania.hu\/blog\/wp-content\/uploads\/2015\/06\/1320657761-FctMK1-300x202.jpg\" alt=\"Blanco mosogat\u00f3\" width=\"300\" height=\"202\" srcset=\"https:\/\/blancomania.hu\/blog\/wp-content\/uploads\/2015\/06\/1320657761-FctMK1-300x202.jpg 300w, https:\/\/blancomania.hu\/blog\/wp-content\/uploads\/2015\/06\/1320657761-FctMK1.jpg 600w\" sizes=\"(max-width: 300px) 100vw, 300px\" \/><\/a><\/p>\n<p>\u00fcdv\u00f6k: Anik\u00f3<\/p>\n","protected":false},"excerpt":{"rendered":"<p>A t\u00f6rt\u00e9net friss! A bemutat\u00f3terembe \u00e9rkezett az \u00f6tven k\u00f6r\u00fcli f\u00e9rfiember. Rozsdamentes mosogat\u00f3t \u00e9s ablak al\u00e1 \u00e9p\u00edthet\u0151 ( lenyomhat\u00f3) csaptelepet keresett. K\u00f6z\u00f6sen megn\u00e9zt\u00fck a bemutat\u00f3teremben l\u00e9v\u0151 ki\u00e1ll\u00edtott csaptelepeket \u00e9s mosogat\u00f3kat, ut\u00e1na nekiest\u00fcnk a nagy Blanco katal\u00f3gusnak, ami 391 oldalas.&nbsp;Mutogatom a rozsdamentes mosogat\u00f3 t\u00edpusokat, de a Vev\u0151 saj\u00e1t k\u00e9zbe veszi az ir\u00e1ny\u00edt\u00e1st, ameddig elfordultam egy pillanatra. Mit [&hellip;]<\/p>\n","protected":false},"author":2,"featured_media":2355,"comment_status":"open","ping_status":"open","sticky":false,"template":"","format":"standard","meta":{"footnotes":""},"categories":[249],"tags":[104,66,7,105],"class_list":["post-527","post","type-post","status-publish","format-standard","has-post-thumbnail","hentry","category-mosogatok","tag-blanco-bemutatoterem","tag-mosogato-mintaterem","tag-rozsdamentes-mosogato","tag-szemuveg"],"yoast_head":"<!-- This site is optimized with the Yoast SEO plugin v27.4 - https:\/\/yoast.com\/product\/yoast-seo-wordpress\/ -->\n<title>Hi\u00fas\u00e1g ... f\u00e9rfi a neved?! - Blanco M\u00e1nia blog<\/title>\n<meta name=\"robots\" content=\"index, follow, max-snippet:-1, max-image-preview:large, max-video-preview:-1\" \/>\n<link rel=\"canonical\" href=\"https:\/\/blancomania.hu\/blog\/hiusag-ferfi-a-neved\/\" \/>\n<meta property=\"og:locale\" content=\"hu_HU\" \/>\n<meta property=\"og:type\" content=\"article\" \/>\n<meta property=\"og:title\" content=\"Hi\u00fas\u00e1g ... f\u00e9rfi a neved?! - Blanco M\u00e1nia blog\" \/>\n<meta property=\"og:description\" content=\"A t\u00f6rt\u00e9net friss! A bemutat\u00f3terembe \u00e9rkezett az \u00f6tven k\u00f6r\u00fcli f\u00e9rfiember. Rozsdamentes mosogat\u00f3t \u00e9s ablak al\u00e1 \u00e9p\u00edthet\u0151 ( lenyomhat\u00f3) csaptelepet keresett. K\u00f6z\u00f6sen megn\u00e9zt\u00fck a bemutat\u00f3teremben l\u00e9v\u0151 ki\u00e1ll\u00edtott csaptelepeket \u00e9s mosogat\u00f3kat, ut\u00e1na nekiest\u00fcnk a nagy Blanco katal\u00f3gusnak, ami 391 oldalas.&nbsp;Mutogatom a rozsdamentes mosogat\u00f3 t\u00edpusokat, de a Vev\u0151 saj\u00e1t k\u00e9zbe veszi az ir\u00e1ny\u00edt\u00e1st, ameddig elfordultam egy pillanatra. Mit [&hellip;]\" \/>\n<meta property=\"og:url\" content=\"https:\/\/blancomania.hu\/blog\/hiusag-ferfi-a-neved\/\" \/>\n<meta property=\"og:site_name\" content=\"Blanco M\u00e1nia blog\" \/>\n<meta property=\"article:publisher\" content=\"https:\/\/www.facebook.com\/blancomania\" \/>\n<meta property=\"article:published_time\" content=\"2015-06-05T13:34:21+00:00\" \/>\n<meta property=\"article:modified_time\" content=\"2023-06-15T06:52:15+00:00\" \/>\n<meta property=\"og:image\" content=\"https:\/\/blancomania.hu\/blog\/wp-content\/uploads\/2016\/05\/szemuveges-uzletemberek-.jpg\" \/>\n\t<meta property=\"og:image:width\" content=\"1138\" \/>\n\t<meta property=\"og:image:height\" content=\"675\" \/>\n\t<meta property=\"og:image:type\" content=\"image\/jpeg\" \/>\n<meta name=\"author\" content=\"M\u00e1nia Blanco\" \/>\n<meta name=\"twitter:card\" content=\"summary_large_image\" \/>\n<meta name=\"twitter:label1\" content=\"Szerz\u0151:\" \/>\n\t<meta name=\"twitter:data1\" content=\"M\u00e1nia Blanco\" \/>\n\t<meta name=\"twitter:label2\" content=\"Becs\u00fclt olvas\u00e1si id\u0151\" \/>\n\t<meta name=\"twitter:data2\" content=\"2 perc\" \/>\n<script type=\"application\/ld+json\" class=\"yoast-schema-graph\">{\"@context\":\"https:\\\/\\\/schema.org\",\"@graph\":[{\"@type\":\"Article\",\"@id\":\"https:\\\/\\\/blancomania.hu\\\/blog\\\/hiusag-ferfi-a-neved\\\/#article\",\"isPartOf\":{\"@id\":\"https:\\\/\\\/blancomania.hu\\\/blog\\\/hiusag-ferfi-a-neved\\\/\"},\"author\":{\"name\":\"M\u00e1nia Blanco\",\"@id\":\"https:\\\/\\\/blancomania.hu\\\/blog\\\/#\\\/schema\\\/person\\\/c22e981578e80385e4a15462e64ea77b\"},\"headline\":\"Hi\u00fas\u00e1g &#8230; f\u00e9rfi a neved?!\",\"datePublished\":\"2015-06-05T13:34:21+00:00\",\"dateModified\":\"2023-06-15T06:52:15+00:00\",\"mainEntityOfPage\":{\"@id\":\"https:\\\/\\\/blancomania.hu\\\/blog\\\/hiusag-ferfi-a-neved\\\/\"},\"wordCount\":328,\"commentCount\":0,\"publisher\":{\"@id\":\"https:\\\/\\\/blancomania.hu\\\/blog\\\/#organization\"},\"image\":{\"@id\":\"https:\\\/\\\/blancomania.hu\\\/blog\\\/hiusag-ferfi-a-neved\\\/#primaryimage\"},\"thumbnailUrl\":\"https:\\\/\\\/blancomania.hu\\\/blog\\\/wp-content\\\/uploads\\\/2016\\\/05\\\/szemuveges-uzletemberek-.jpg\",\"keywords\":[\"Blanco bemutat\u00f3terem\",\"mosogat\u00f3 mintaterem\",\"rozsdamentes mosogat\u00f3\",\"szem\u00fcveg\"],\"articleSection\":[\"Mosogat\u00f3k\"],\"inLanguage\":\"hu\",\"potentialAction\":[{\"@type\":\"CommentAction\",\"name\":\"Comment\",\"target\":[\"https:\\\/\\\/blancomania.hu\\\/blog\\\/hiusag-ferfi-a-neved\\\/#respond\"]}]},{\"@type\":\"WebPage\",\"@id\":\"https:\\\/\\\/blancomania.hu\\\/blog\\\/hiusag-ferfi-a-neved\\\/\",\"url\":\"https:\\\/\\\/blancomania.hu\\\/blog\\\/hiusag-ferfi-a-neved\\\/\",\"name\":\"Hi\u00fas\u00e1g ... f\u00e9rfi a neved?! - Blanco M\u00e1nia blog\",\"isPartOf\":{\"@id\":\"https:\\\/\\\/blancomania.hu\\\/blog\\\/#website\"},\"primaryImageOfPage\":{\"@id\":\"https:\\\/\\\/blancomania.hu\\\/blog\\\/hiusag-ferfi-a-neved\\\/#primaryimage\"},\"image\":{\"@id\":\"https:\\\/\\\/blancomania.hu\\\/blog\\\/hiusag-ferfi-a-neved\\\/#primaryimage\"},\"thumbnailUrl\":\"https:\\\/\\\/blancomania.hu\\\/blog\\\/wp-content\\\/uploads\\\/2016\\\/05\\\/szemuveges-uzletemberek-.jpg\",\"datePublished\":\"2015-06-05T13:34:21+00:00\",\"dateModified\":\"2023-06-15T06:52:15+00:00\",\"breadcrumb\":{\"@id\":\"https:\\\/\\\/blancomania.hu\\\/blog\\\/hiusag-ferfi-a-neved\\\/#breadcrumb\"},\"inLanguage\":\"hu\",\"potentialAction\":[{\"@type\":\"ReadAction\",\"target\":[\"https:\\\/\\\/blancomania.hu\\\/blog\\\/hiusag-ferfi-a-neved\\\/\"]}]},{\"@type\":\"ImageObject\",\"inLanguage\":\"hu\",\"@id\":\"https:\\\/\\\/blancomania.hu\\\/blog\\\/hiusag-ferfi-a-neved\\\/#primaryimage\",\"url\":\"https:\\\/\\\/blancomania.hu\\\/blog\\\/wp-content\\\/uploads\\\/2016\\\/05\\\/szemuveges-uzletemberek-.jpg\",\"contentUrl\":\"https:\\\/\\\/blancomania.hu\\\/blog\\\/wp-content\\\/uploads\\\/2016\\\/05\\\/szemuveges-uzletemberek-.jpg\",\"width\":1138,\"height\":675},{\"@type\":\"BreadcrumbList\",\"@id\":\"https:\\\/\\\/blancomania.hu\\\/blog\\\/hiusag-ferfi-a-neved\\\/#breadcrumb\",\"itemListElement\":[{\"@type\":\"ListItem\",\"position\":1,\"name\":\"Kezd\u0151lap\",\"item\":\"https:\\\/\\\/blancomania.hu\\\/blog\\\/\"},{\"@type\":\"ListItem\",\"position\":2,\"name\":\"Hi\u00fas\u00e1g &#8230; f\u00e9rfi a neved?!\"}]},{\"@type\":\"WebSite\",\"@id\":\"https:\\\/\\\/blancomania.hu\\\/blog\\\/#website\",\"url\":\"https:\\\/\\\/blancomania.hu\\\/blog\\\/\",\"name\":\"Blanco M\u00e1nia\",\"description\":\"Blanco mosogat\u00f3 \u00e9s csaptelep web\u00e1ruh\u00e1z\",\"publisher\":{\"@id\":\"https:\\\/\\\/blancomania.hu\\\/blog\\\/#organization\"},\"potentialAction\":[{\"@type\":\"SearchAction\",\"target\":{\"@type\":\"EntryPoint\",\"urlTemplate\":\"https:\\\/\\\/blancomania.hu\\\/blog\\\/?s={search_term_string}\"},\"query-input\":{\"@type\":\"PropertyValueSpecification\",\"valueRequired\":true,\"valueName\":\"search_term_string\"}}],\"inLanguage\":\"hu\"},{\"@type\":\"Organization\",\"@id\":\"https:\\\/\\\/blancomania.hu\\\/blog\\\/#organization\",\"name\":\"Admir\u00e1l Studio Kft.\",\"url\":\"https:\\\/\\\/blancomania.hu\\\/blog\\\/\",\"logo\":{\"@type\":\"ImageObject\",\"inLanguage\":\"hu\",\"@id\":\"https:\\\/\\\/blancomania.hu\\\/blog\\\/#\\\/schema\\\/logo\\\/image\\\/\",\"url\":\"https:\\\/\\\/blancomania.hu\\\/blog\\\/wp-content\\\/uploads\\\/2023\\\/05\\\/logokek1-.png\",\"contentUrl\":\"https:\\\/\\\/blancomania.hu\\\/blog\\\/wp-content\\\/uploads\\\/2023\\\/05\\\/logokek1-.png\",\"width\":270,\"height\":45,\"caption\":\"Admir\u00e1l Studio Kft.\"},\"image\":{\"@id\":\"https:\\\/\\\/blancomania.hu\\\/blog\\\/#\\\/schema\\\/logo\\\/image\\\/\"},\"sameAs\":[\"https:\\\/\\\/www.facebook.com\\\/blancomania\",\"https:\\\/\\\/www.instagram.com\\\/admiral_studio\\\/\",\"https:\\\/\\\/www.youtube.com\\\/user\\\/AdmiralStudio\"]},{\"@type\":\"Person\",\"@id\":\"https:\\\/\\\/blancomania.hu\\\/blog\\\/#\\\/schema\\\/person\\\/c22e981578e80385e4a15462e64ea77b\",\"name\":\"M\u00e1nia Blanco\",\"image\":{\"@type\":\"ImageObject\",\"inLanguage\":\"hu\",\"@id\":\"https:\\\/\\\/secure.gravatar.com\\\/avatar\\\/2914c4f52946fbd7b006e423c11fe06f7f3867a87e3ad6ea5eb4cddd95c40476?s=96&d=mm&r=g\",\"url\":\"https:\\\/\\\/secure.gravatar.com\\\/avatar\\\/2914c4f52946fbd7b006e423c11fe06f7f3867a87e3ad6ea5eb4cddd95c40476?s=96&d=mm&r=g\",\"contentUrl\":\"https:\\\/\\\/secure.gravatar.com\\\/avatar\\\/2914c4f52946fbd7b006e423c11fe06f7f3867a87e3ad6ea5eb4cddd95c40476?s=96&d=mm&r=g\",\"caption\":\"M\u00e1nia Blanco\"},\"url\":\"https:\\\/\\\/blancomania.hu\\\/blog\\\/author\\\/blancomania\\\/\"}]}<\/script>\n<!-- \/ Yoast SEO plugin. -->","yoast_head_json":{"title":"Hi\u00fas\u00e1g ... f\u00e9rfi a neved?! - Blanco M\u00e1nia blog","robots":{"index":"index","follow":"follow","max-snippet":"max-snippet:-1","max-image-preview":"max-image-preview:large","max-video-preview":"max-video-preview:-1"},"canonical":"https:\/\/blancomania.hu\/blog\/hiusag-ferfi-a-neved\/","og_locale":"hu_HU","og_type":"article","og_title":"Hi\u00fas\u00e1g ... f\u00e9rfi a neved?! - Blanco M\u00e1nia blog","og_description":"A t\u00f6rt\u00e9net friss! A bemutat\u00f3terembe \u00e9rkezett az \u00f6tven k\u00f6r\u00fcli f\u00e9rfiember. Rozsdamentes mosogat\u00f3t \u00e9s ablak al\u00e1 \u00e9p\u00edthet\u0151 ( lenyomhat\u00f3) csaptelepet keresett. K\u00f6z\u00f6sen megn\u00e9zt\u00fck a bemutat\u00f3teremben l\u00e9v\u0151 ki\u00e1ll\u00edtott csaptelepeket \u00e9s mosogat\u00f3kat, ut\u00e1na nekiest\u00fcnk a nagy Blanco katal\u00f3gusnak, ami 391 oldalas.&nbsp;Mutogatom a rozsdamentes mosogat\u00f3 t\u00edpusokat, de a Vev\u0151 saj\u00e1t k\u00e9zbe veszi az ir\u00e1ny\u00edt\u00e1st, ameddig elfordultam egy pillanatra. Mit [&hellip;]","og_url":"https:\/\/blancomania.hu\/blog\/hiusag-ferfi-a-neved\/","og_site_name":"Blanco M\u00e1nia blog","article_publisher":"https:\/\/www.facebook.com\/blancomania","article_published_time":"2015-06-05T13:34:21+00:00","article_modified_time":"2023-06-15T06:52:15+00:00","og_image":[{"width":1138,"height":675,"url":"https:\/\/blancomania.hu\/blog\/wp-content\/uploads\/2016\/05\/szemuveges-uzletemberek-.jpg","type":"image\/jpeg"}],"author":"M\u00e1nia Blanco","twitter_card":"summary_large_image","twitter_misc":{"Szerz\u0151:":"M\u00e1nia Blanco","Becs\u00fclt olvas\u00e1si id\u0151":"2 perc"},"schema":{"@context":"https:\/\/schema.org","@graph":[{"@type":"Article","@id":"https:\/\/blancomania.hu\/blog\/hiusag-ferfi-a-neved\/#article","isPartOf":{"@id":"https:\/\/blancomania.hu\/blog\/hiusag-ferfi-a-neved\/"},"author":{"name":"M\u00e1nia Blanco","@id":"https:\/\/blancomania.hu\/blog\/#\/schema\/person\/c22e981578e80385e4a15462e64ea77b"},"headline":"Hi\u00fas\u00e1g &#8230; f\u00e9rfi a neved?!","datePublished":"2015-06-05T13:34:21+00:00","dateModified":"2023-06-15T06:52:15+00:00","mainEntityOfPage":{"@id":"https:\/\/blancomania.hu\/blog\/hiusag-ferfi-a-neved\/"},"wordCount":328,"commentCount":0,"publisher":{"@id":"https:\/\/blancomania.hu\/blog\/#organization"},"image":{"@id":"https:\/\/blancomania.hu\/blog\/hiusag-ferfi-a-neved\/#primaryimage"},"thumbnailUrl":"https:\/\/blancomania.hu\/blog\/wp-content\/uploads\/2016\/05\/szemuveges-uzletemberek-.jpg","keywords":["Blanco bemutat\u00f3terem","mosogat\u00f3 mintaterem","rozsdamentes mosogat\u00f3","szem\u00fcveg"],"articleSection":["Mosogat\u00f3k"],"inLanguage":"hu","potentialAction":[{"@type":"CommentAction","name":"Comment","target":["https:\/\/blancomania.hu\/blog\/hiusag-ferfi-a-neved\/#respond"]}]},{"@type":"WebPage","@id":"https:\/\/blancomania.hu\/blog\/hiusag-ferfi-a-neved\/","url":"https:\/\/blancomania.hu\/blog\/hiusag-ferfi-a-neved\/","name":"Hi\u00fas\u00e1g ... f\u00e9rfi a neved?! - Blanco M\u00e1nia blog","isPartOf":{"@id":"https:\/\/blancomania.hu\/blog\/#website"},"primaryImageOfPage":{"@id":"https:\/\/blancomania.hu\/blog\/hiusag-ferfi-a-neved\/#primaryimage"},"image":{"@id":"https:\/\/blancomania.hu\/blog\/hiusag-ferfi-a-neved\/#primaryimage"},"thumbnailUrl":"https:\/\/blancomania.hu\/blog\/wp-content\/uploads\/2016\/05\/szemuveges-uzletemberek-.jpg","datePublished":"2015-06-05T13:34:21+00:00","dateModified":"2023-06-15T06:52:15+00:00","breadcrumb":{"@id":"https:\/\/blancomania.hu\/blog\/hiusag-ferfi-a-neved\/#breadcrumb"},"inLanguage":"hu","potentialAction":[{"@type":"ReadAction","target":["https:\/\/blancomania.hu\/blog\/hiusag-ferfi-a-neved\/"]}]},{"@type":"ImageObject","inLanguage":"hu","@id":"https:\/\/blancomania.hu\/blog\/hiusag-ferfi-a-neved\/#primaryimage","url":"https:\/\/blancomania.hu\/blog\/wp-content\/uploads\/2016\/05\/szemuveges-uzletemberek-.jpg","contentUrl":"https:\/\/blancomania.hu\/blog\/wp-content\/uploads\/2016\/05\/szemuveges-uzletemberek-.jpg","width":1138,"height":675},{"@type":"BreadcrumbList","@id":"https:\/\/blancomania.hu\/blog\/hiusag-ferfi-a-neved\/#breadcrumb","itemListElement":[{"@type":"ListItem","position":1,"name":"Kezd\u0151lap","item":"https:\/\/blancomania.hu\/blog\/"},{"@type":"ListItem","position":2,"name":"Hi\u00fas\u00e1g &#8230; f\u00e9rfi a neved?!"}]},{"@type":"WebSite","@id":"https:\/\/blancomania.hu\/blog\/#website","url":"https:\/\/blancomania.hu\/blog\/","name":"Blanco M\u00e1nia","description":"Blanco mosogat\u00f3 \u00e9s csaptelep web\u00e1ruh\u00e1z","publisher":{"@id":"https:\/\/blancomania.hu\/blog\/#organization"},"potentialAction":[{"@type":"SearchAction","target":{"@type":"EntryPoint","urlTemplate":"https:\/\/blancomania.hu\/blog\/?s={search_term_string}"},"query-input":{"@type":"PropertyValueSpecification","valueRequired":true,"valueName":"search_term_string"}}],"inLanguage":"hu"},{"@type":"Organization","@id":"https:\/\/blancomania.hu\/blog\/#organization","name":"Admir\u00e1l Studio Kft.","url":"https:\/\/blancomania.hu\/blog\/","logo":{"@type":"ImageObject","inLanguage":"hu","@id":"https:\/\/blancomania.hu\/blog\/#\/schema\/logo\/image\/","url":"https:\/\/blancomania.hu\/blog\/wp-content\/uploads\/2023\/05\/logokek1-.png","contentUrl":"https:\/\/blancomania.hu\/blog\/wp-content\/uploads\/2023\/05\/logokek1-.png","width":270,"height":45,"caption":"Admir\u00e1l Studio Kft."},"image":{"@id":"https:\/\/blancomania.hu\/blog\/#\/schema\/logo\/image\/"},"sameAs":["https:\/\/www.facebook.com\/blancomania","https:\/\/www.instagram.com\/admiral_studio\/","https:\/\/www.youtube.com\/user\/AdmiralStudio"]},{"@type":"Person","@id":"https:\/\/blancomania.hu\/blog\/#\/schema\/person\/c22e981578e80385e4a15462e64ea77b","name":"M\u00e1nia Blanco","image":{"@type":"ImageObject","inLanguage":"hu","@id":"https:\/\/secure.gravatar.com\/avatar\/2914c4f52946fbd7b006e423c11fe06f7f3867a87e3ad6ea5eb4cddd95c40476?s=96&d=mm&r=g","url":"https:\/\/secure.gravatar.com\/avatar\/2914c4f52946fbd7b006e423c11fe06f7f3867a87e3ad6ea5eb4cddd95c40476?s=96&d=mm&r=g","contentUrl":"https:\/\/secure.gravatar.com\/avatar\/2914c4f52946fbd7b006e423c11fe06f7f3867a87e3ad6ea5eb4cddd95c40476?s=96&d=mm&r=g","caption":"M\u00e1nia Blanco"},"url":"https:\/\/blancomania.hu\/blog\/author\/blancomania\/"}]}},"_links":{"self":[{"href":"https:\/\/blancomania.hu\/blog\/wp-json\/wp\/v2\/posts\/527","targetHints":{"allow":["GET"]}}],"collection":[{"href":"https:\/\/blancomania.hu\/blog\/wp-json\/wp\/v2\/posts"}],"about":[{"href":"https:\/\/blancomania.hu\/blog\/wp-json\/wp\/v2\/types\/post"}],"author":[{"embeddable":true,"href":"https:\/\/blancomania.hu\/blog\/wp-json\/wp\/v2\/users\/2"}],"replies":[{"embeddable":true,"href":"https:\/\/blancomania.hu\/blog\/wp-json\/wp\/v2\/comments?post=527"}],"version-history":[{"count":0,"href":"https:\/\/blancomania.hu\/blog\/wp-json\/wp\/v2\/posts\/527\/revisions"}],"wp:featuredmedia":[{"embeddable":true,"href":"https:\/\/blancomania.hu\/blog\/wp-json\/wp\/v2\/media\/2355"}],"wp:attachment":[{"href":"https:\/\/blancomania.hu\/blog\/wp-json\/wp\/v2\/media?parent=527"}],"wp:term":[{"taxonomy":"category","embeddable":true,"href":"https:\/\/blancomania.hu\/blog\/wp-json\/wp\/v2\/categories?post=527"},{"taxonomy":"post_tag","embeddable":true,"href":"https:\/\/blancomania.hu\/blog\/wp-json\/wp\/v2\/tags?post=527"}],"curies":[{"name":"wp","href":"https:\/\/api.w.org\/{rel}","templated":true}]}}