{"id":455,"date":"2014-11-17T16:53:06","date_gmt":"2014-11-17T15:53:06","guid":{"rendered":"http:\/\/www.blancomania.hu\/blog\/?p=455"},"modified":"2023-06-15T09:15:48","modified_gmt":"2023-06-15T07:15:48","slug":"miert-nem-az-egyszerut-valasztod-blanco-mosogato-karacsony-elott","status":"publish","type":"post","link":"https:\/\/blancomania.hu\/blog\/miert-nem-az-egyszerut-valasztod-blanco-mosogato-karacsony-elott\/","title":{"rendered":"Mi\u00e9rt nem az egyszer\u0171 megold\u00e1st v\u00e1lasztod? Blanco mosogat\u00f3 kar\u00e1csony el\u0151tt!"},"content":{"rendered":"<p style=\"text-align: justify;\">Azt tudjuk , hogy a kivitelez\u00e9seknek, fel\u00faj\u00edt\u00e1soknak van egy szezon\u00e1lis g\u00f6rb\u00e9je. A csal\u00e1di h\u00e1zak, lak\u00e1sfel\u00faj\u00edt\u00e1sok \u00e1tad\u00e1si id\u0151pontjai \u00e1ltal\u00e1ban tavasszal, ny\u00e1ron \u00e9s decemberben esed\u00e9kesek.<\/p>\n<figure id=\"attachment_456\" aria-describedby=\"caption-attachment-456\" style=\"width: 300px\" class=\"wp-caption aligncenter\"><a href=\"http:\/\/www.blancomania.hu\/blog\/wp-content\/uploads\/2014\/11\/aboutus.jpg\"><img decoding=\"async\" class=\"size-medium wp-image-456\" src=\"http:\/\/www.blancomania.hu\/blog\/wp-content\/uploads\/2014\/11\/aboutus-300x144.jpg\" alt=\"Konyhab\u00fator szerel\u00e9s\" width=\"300\" height=\"144\" srcset=\"https:\/\/blancomania.hu\/blog\/wp-content\/uploads\/2014\/11\/aboutus-300x144.jpg 300w, https:\/\/blancomania.hu\/blog\/wp-content\/uploads\/2014\/11\/aboutus-624x300.jpg 624w, https:\/\/blancomania.hu\/blog\/wp-content\/uploads\/2014\/11\/aboutus.jpg 630w\" sizes=\"(max-width: 300px) 100vw, 300px\" \/><\/a><figcaption id=\"caption-attachment-456\" class=\"wp-caption-text\">Konyhab\u00fator szerel\u00e9s &#8211; m\u00e9g a mosogat\u00f3 el\u0151tt<\/figcaption><\/figure>\n<p style=\"text-align: justify;\">M\u00e1r most l\u00e1tszik, hogy elkezd\u0151d\u00f6tt a kapkod\u00e1s, a kar\u00e1csony el\u0151tti \u0151r\u00fclet. Ami nek\u00fcnk, keresked\u0151knek j\u00f3 is, meg nem is.<\/p>\n<p style=\"text-align: justify;\"><a href=\"http:\/\/www.blancomania.hu\/blog\/wp-content\/uploads\/2014\/11\/christmas-shopping-crowd.jpg\"><img fetchpriority=\"high\" decoding=\"async\" class=\"aligncenter size-medium wp-image-457\" src=\"http:\/\/www.blancomania.hu\/blog\/wp-content\/uploads\/2014\/11\/christmas-shopping-crowd-300x202.jpg\" alt=\"christmas-shopping-crowd\" width=\"300\" height=\"202\" srcset=\"https:\/\/blancomania.hu\/blog\/wp-content\/uploads\/2014\/11\/christmas-shopping-crowd-300x202.jpg 300w, https:\/\/blancomania.hu\/blog\/wp-content\/uploads\/2014\/11\/christmas-shopping-crowd.jpg 594w\" sizes=\"(max-width: 300px) 100vw, 300px\" \/><\/a><\/p>\n<p style=\"text-align: justify;\">J\u00f3 az\u00e9rt,mert n\u0151 a forgalom, rossz az\u00e9rt, mert ha valaki kin\u00e9zett egy gy\u00f6ny\u00f6r\u0171<a href=\"https:\/\/blancomania.hu\/blanco\/\"> Blanco mosogat\u00f3t<\/a> \u00e9s az nincs k\u00e9szleten, nem biztos hogy kar\u00e1csony el\u0151tt n\u00e9h\u00e1ny nappal be\u00e9rkezik N\u00e9metorsz\u00e1gb\u00f3l.\u00c9s akkor hogyan k\u00e9sz\u00edted el az \u00fcnnepi men\u00fct az \u00faj konyh\u00e1dban? Csal\u00f3dott leszel ugye? Mi ezt nem szeretn\u00e9nk!<\/p>\n<p style=\"text-align: justify;\"><a href=\"http:\/\/www.blancomania.hu\/blog\/wp-content\/uploads\/2014\/11\/015-disappointed-guy-face.jpg\"><img decoding=\"async\" class=\"aligncenter size-full wp-image-458\" src=\"http:\/\/www.blancomania.hu\/blog\/wp-content\/uploads\/2014\/11\/015-disappointed-guy-face.jpg\" alt=\"015-disappointed-guy-face\" width=\"299\" height=\"168\"><\/a><\/p>\n<p style=\"text-align: justify;\">Ez\u00e9rt most is azt javaslom, hogy id\u0151ben gondolj a k\u00e9sz\u00fcl\u0151 konyhab\u00fatorodba ker\u00fcl\u0151 Blanco mosogat\u00f3dra.<\/p>\n<p style=\"text-align: justify;\"><a href=\"https:\/\/blancomania.hu\/blanco\/\"><span style=\"text-decoration: underline;\"><em>Hogyan tudsz hat\u00e9konyan rendelni, ha <strong>gr\u00e1nit<\/strong> <strong>mosogat\u00f3ra<\/strong> van sz\u00fcks\u00e9ged?<\/em><\/span><\/a><\/p>\n<ul>\n<li style=\"text-align: justify;\">Egyeztess a konyhab\u00fator gy\u00e1rt\u00f3val, hogy milyen sz\u00e9les az als\u00f3 mosogat\u00f3s elemed, amibe a Blanco mosogat\u00f3d ker\u00fcl.<\/li>\n<li style=\"text-align: justify;\"><a href=\"https:\/\/blancomania.hu\/igy-valaszd-ki-a-mosogatod\/\">Seg\u00edts\u00e9get itt tal\u00e1lsz.<\/a><\/li>\n<li style=\"text-align: justify;\">Gondold \u00e1t, milyen mosogat\u00f3t szeretn\u00e9l &#8211; 1 medenc\u00e9s, 1 medenc\u00e9s cseppt\u00e1lc\u00e1s, gy\u00fcm\u00f6lcsmos\u00f3s,<a href=\"https:\/\/blancomania.hu\/blanco\/mosogatok\/rozsdamentes\/natur\/\"> rozsdamentes<\/a>,<a href=\"https:\/\/blancomania.hu\/blanco\/mosogatok\/silgranit\/feher\/\"> gr\u00e1nit,<\/a> <a href=\"https:\/\/blancomania.hu\/blanco\/mosogatok\/silgranit\/feher\/\">2 medenc\u00e9s mosogat\u00f3<\/a> \u00e9s m\u00e9g sorolhatn\u00e1m.<\/li>\n<li style=\"text-align: justify;\"><a href=\"https:\/\/blancomania.hu\/blanco\/csaptelep\/\">Csaptelepre is sz\u00fcks\u00e9ged lesz<\/a> &#8211; kih\u00fazhat\u00f3 kell? Vagy zuhanyv\u00e1lt\u00f3s? Magas legyen?<\/li>\n<li style=\"text-align: justify;\">Hozz magaddal munkalap mint\u00e1t, vagy sz\u00ednk\u00f3dot, hogy seg\u00edthess\u00fcnk kiv\u00e1lasztani a legjobb sz\u00ednt a Blanco mosogat\u00f3dhoz, ami illik a munkalaphoz \u00e9s a konyhab\u00fator diz\u00e1jnhoz<\/li>\n<li style=\"text-align: justify;\">a <a href=\"https:\/\/blancomania.hu\/blanco\/hulladektarolo\/\">be\u00e9p\u00edthet\u0151 Blanco hullad\u00e9kt\u00e1rol\u00f3<\/a> elengedhetetlen a k\u00e9nyelmedhez<\/li>\n<\/ul>\n<p style=\"text-align: justify;\"><span style=\"text-decoration: underline;\"><em>Ha ezekre a k\u00e9rd\u00e9sekre a meg van a v\u00e1laszod az al\u00e1bbi k\u00e9t dolgot teheted:<\/em><\/span><\/p>\n<ol>\n<li>Bej\u00f6ssz a bemutat\u00f3term\u00fcnkbe: <a href=\"https:\/\/blancomania.hu\/kapcsolat\/\">1013 Budapest, Attila \u00fat 37<\/a>. \u00e9s megn\u00e9zed \u00e9l\u0151ben a ki\u00e1ll\u00edtott Blanco mosogat\u00f3kat ( n\u00e1lunk van a legt\u00f6bb ki\u00e1ll\u00edtott mosogat\u00f3 \ud83d\ude42 )<\/li>\n<li>Rendelsz a <a href=\"http:\/\/www.blancomania.hu\/\">web\u00e1ruh\u00e1zunkban <\/a>\u00e9s v\u00e1rod a fut\u00e1rt a visszaigazolt napon.<\/li>\n<\/ol>\n<p>Ugye milyen egyszer\u0171 ez? Mi\u00e9rt nem az egyszer\u0171 megold\u00e1st v\u00e1lasztod?<\/p>\n<p><a href=\"http:\/\/www.blancomania.hu\/blog\/wp-content\/uploads\/2014\/09\/jpg-92.jpeg\"><img loading=\"lazy\" decoding=\"async\" class=\"aligncenter size-medium wp-image-403\" src=\"http:\/\/www.blancomania.hu\/blog\/wp-content\/uploads\/2014\/09\/jpg-92-300x225.jpeg\" alt=\"Blanco Solon hullad\u00e9kledob\u00f3\" width=\"300\" height=\"225\" srcset=\"https:\/\/blancomania.hu\/blog\/wp-content\/uploads\/2014\/09\/jpg-92-300x225.jpeg 300w, https:\/\/blancomania.hu\/blog\/wp-content\/uploads\/2014\/09\/jpg-92.jpeg 500w\" sizes=\"(max-width: 300px) 100vw, 300px\" \/><\/a><\/p>\n<p><a href=\"http:\/\/www.blancomania.hu\/blog\/wp-content\/uploads\/2014\/09\/jpg-7.jpeg\"><img loading=\"lazy\" decoding=\"async\" class=\"aligncenter size-medium wp-image-376\" src=\"http:\/\/www.blancomania.hu\/blog\/wp-content\/uploads\/2014\/09\/jpg-7-300x225.jpeg\" alt=\"mosogat\u00f3 web\u00e1ruh\u00e1z\" width=\"300\" height=\"225\" srcset=\"https:\/\/blancomania.hu\/blog\/wp-content\/uploads\/2014\/09\/jpg-7-300x225.jpeg 300w, https:\/\/blancomania.hu\/blog\/wp-content\/uploads\/2014\/09\/jpg-7.jpeg 500w\" sizes=\"(max-width: 300px) 100vw, 300px\" \/><\/a><\/p>\n<p><a href=\"http:\/\/www.blancomania.hu\/blog\/wp-content\/uploads\/2014\/08\/jpg-8.jpeg\"><img loading=\"lazy\" decoding=\"async\" class=\"aligncenter size-medium wp-image-321\" src=\"http:\/\/www.blancomania.hu\/blog\/wp-content\/uploads\/2014\/08\/jpg-8-300x208.jpeg\" alt=\"jpg (8)\" width=\"300\" height=\"208\" srcset=\"https:\/\/blancomania.hu\/blog\/wp-content\/uploads\/2014\/08\/jpg-8-300x208.jpeg 300w, https:\/\/blancomania.hu\/blog\/wp-content\/uploads\/2014\/08\/jpg-8.jpeg 500w\" sizes=\"(max-width: 300px) 100vw, 300px\" \/><\/a><\/p>\n<p><a href=\"http:\/\/www.blancomania.hu\/blog\/wp-content\/uploads\/2014\/08\/jpg-6.jpeg\"><img loading=\"lazy\" decoding=\"async\" class=\"aligncenter size-medium wp-image-320\" src=\"http:\/\/www.blancomania.hu\/blog\/wp-content\/uploads\/2014\/08\/jpg-6-300x208.jpeg\" alt=\"jpg (6)\" width=\"300\" height=\"208\" srcset=\"https:\/\/blancomania.hu\/blog\/wp-content\/uploads\/2014\/08\/jpg-6-300x208.jpeg 300w, https:\/\/blancomania.hu\/blog\/wp-content\/uploads\/2014\/08\/jpg-6.jpeg 500w\" sizes=\"(max-width: 300px) 100vw, 300px\" \/><\/a><\/p>\n<p><a href=\"http:\/\/www.blancomania.hu\/blog\/wp-content\/uploads\/2014\/05\/Zia9E_L01-800x800.jpg\"><img loading=\"lazy\" decoding=\"async\" class=\"aligncenter size-medium wp-image-251\" src=\"http:\/\/www.blancomania.hu\/blog\/wp-content\/uploads\/2014\/05\/Zia9E_L01-800x800-300x300.jpg\" alt=\"Zia9E_L01-800x800\" width=\"300\" height=\"300\" srcset=\"https:\/\/blancomania.hu\/blog\/wp-content\/uploads\/2014\/05\/Zia9E_L01-800x800-300x300.jpg 300w, https:\/\/blancomania.hu\/blog\/wp-content\/uploads\/2014\/05\/Zia9E_L01-800x800-150x150.jpg 150w, https:\/\/blancomania.hu\/blog\/wp-content\/uploads\/2014\/05\/Zia9E_L01-800x800-624x624.jpg 624w, https:\/\/blancomania.hu\/blog\/wp-content\/uploads\/2014\/05\/Zia9E_L01-800x800.jpg 800w\" sizes=\"(max-width: 300px) 100vw, 300px\" \/><\/a><\/p>\n<p>\u00c9s ha k\u00e9rd\u00e9sed, van keress b\u00e1tran : 1-270-9051<\/p>\n<p>\u00dcdv\u00f6k:<\/p>\n<p>Anik\u00f3<\/p>\n","protected":false},"excerpt":{"rendered":"<p>Azt tudjuk , hogy a kivitelez\u00e9seknek, fel\u00faj\u00edt\u00e1soknak van egy szezon\u00e1lis g\u00f6rb\u00e9je. A csal\u00e1di h\u00e1zak, lak\u00e1sfel\u00faj\u00edt\u00e1sok \u00e1tad\u00e1si id\u0151pontjai \u00e1ltal\u00e1ban tavasszal, ny\u00e1ron \u00e9s decemberben esed\u00e9kesek. M\u00e1r most l\u00e1tszik, hogy elkezd\u0151d\u00f6tt a kapkod\u00e1s, a kar\u00e1csony el\u0151tti \u0151r\u00fclet. Ami nek\u00fcnk, keresked\u0151knek j\u00f3 is, meg nem is. J\u00f3 az\u00e9rt,mert n\u0151 a forgalom, rossz az\u00e9rt, mert ha valaki kin\u00e9zett egy gy\u00f6ny\u00f6r\u0171 [&hellip;]<\/p>\n","protected":false},"author":2,"featured_media":2349,"comment_status":"open","ping_status":"open","sticky":false,"template":"","format":"standard","meta":{"footnotes":""},"categories":[249],"tags":[17,98],"class_list":["post-455","post","type-post","status-publish","format-standard","has-post-thumbnail","hentry","category-mosogatok","tag-mosogato-webaruhaz","tag-mosogato-blanco"],"yoast_head":"<!-- This site is optimized with the Yoast SEO plugin v27.4 - https:\/\/yoast.com\/product\/yoast-seo-wordpress\/ -->\n<title>Mi\u00e9rt nem az egyszer\u0171 megold\u00e1st v\u00e1lasztod? Blanco mosogat\u00f3 kar\u00e1csony el\u0151tt! - Blanco M\u00e1nia blog<\/title>\n<meta name=\"robots\" content=\"index, follow, max-snippet:-1, max-image-preview:large, max-video-preview:-1\" \/>\n<link rel=\"canonical\" href=\"https:\/\/blancomania.hu\/blog\/miert-nem-az-egyszerut-valasztod-blanco-mosogato-karacsony-elott\/\" \/>\n<meta property=\"og:locale\" content=\"hu_HU\" \/>\n<meta property=\"og:type\" content=\"article\" \/>\n<meta property=\"og:title\" content=\"Mi\u00e9rt nem az egyszer\u0171 megold\u00e1st v\u00e1lasztod? Blanco mosogat\u00f3 kar\u00e1csony el\u0151tt! - Blanco M\u00e1nia blog\" \/>\n<meta property=\"og:description\" content=\"Azt tudjuk , hogy a kivitelez\u00e9seknek, fel\u00faj\u00edt\u00e1soknak van egy szezon\u00e1lis g\u00f6rb\u00e9je. A csal\u00e1di h\u00e1zak, lak\u00e1sfel\u00faj\u00edt\u00e1sok \u00e1tad\u00e1si id\u0151pontjai \u00e1ltal\u00e1ban tavasszal, ny\u00e1ron \u00e9s decemberben esed\u00e9kesek. M\u00e1r most l\u00e1tszik, hogy elkezd\u0151d\u00f6tt a kapkod\u00e1s, a kar\u00e1csony el\u0151tti \u0151r\u00fclet. Ami nek\u00fcnk, keresked\u0151knek j\u00f3 is, meg nem is. J\u00f3 az\u00e9rt,mert n\u0151 a forgalom, rossz az\u00e9rt, mert ha valaki kin\u00e9zett egy gy\u00f6ny\u00f6r\u0171 [&hellip;]\" \/>\n<meta property=\"og:url\" content=\"https:\/\/blancomania.hu\/blog\/miert-nem-az-egyszerut-valasztod-blanco-mosogato-karacsony-elott\/\" \/>\n<meta property=\"og:site_name\" content=\"Blanco M\u00e1nia blog\" \/>\n<meta property=\"article:publisher\" content=\"https:\/\/www.facebook.com\/blancomania\" \/>\n<meta property=\"article:published_time\" content=\"2014-11-17T15:53:06+00:00\" \/>\n<meta property=\"article:modified_time\" content=\"2023-06-15T07:15:48+00:00\" \/>\n<meta property=\"og:image\" content=\"https:\/\/blancomania.hu\/blog\/wp-content\/uploads\/2016\/05\/karacsonyi-akcio-smeg.jpg\" \/>\n\t<meta property=\"og:image:width\" content=\"1500\" \/>\n\t<meta property=\"og:image:height\" content=\"750\" \/>\n\t<meta property=\"og:image:type\" content=\"image\/jpeg\" \/>\n<meta name=\"author\" content=\"M\u00e1nia Blanco\" \/>\n<meta name=\"twitter:card\" content=\"summary_large_image\" \/>\n<meta name=\"twitter:label1\" content=\"Szerz\u0151:\" \/>\n\t<meta name=\"twitter:data1\" content=\"M\u00e1nia Blanco\" \/>\n\t<meta name=\"twitter:label2\" content=\"Becs\u00fclt olvas\u00e1si id\u0151\" \/>\n\t<meta name=\"twitter:data2\" content=\"2 perc\" \/>\n<script type=\"application\/ld+json\" class=\"yoast-schema-graph\">{\"@context\":\"https:\\\/\\\/schema.org\",\"@graph\":[{\"@type\":\"Article\",\"@id\":\"https:\\\/\\\/blancomania.hu\\\/blog\\\/miert-nem-az-egyszerut-valasztod-blanco-mosogato-karacsony-elott\\\/#article\",\"isPartOf\":{\"@id\":\"https:\\\/\\\/blancomania.hu\\\/blog\\\/miert-nem-az-egyszerut-valasztod-blanco-mosogato-karacsony-elott\\\/\"},\"author\":{\"name\":\"M\u00e1nia Blanco\",\"@id\":\"https:\\\/\\\/blancomania.hu\\\/blog\\\/#\\\/schema\\\/person\\\/c22e981578e80385e4a15462e64ea77b\"},\"headline\":\"Mi\u00e9rt nem az egyszer\u0171 megold\u00e1st v\u00e1lasztod? Blanco mosogat\u00f3 kar\u00e1csony el\u0151tt!\",\"datePublished\":\"2014-11-17T15:53:06+00:00\",\"dateModified\":\"2023-06-15T07:15:48+00:00\",\"mainEntityOfPage\":{\"@id\":\"https:\\\/\\\/blancomania.hu\\\/blog\\\/miert-nem-az-egyszerut-valasztod-blanco-mosogato-karacsony-elott\\\/\"},\"wordCount\":417,\"commentCount\":0,\"publisher\":{\"@id\":\"https:\\\/\\\/blancomania.hu\\\/blog\\\/#organization\"},\"image\":{\"@id\":\"https:\\\/\\\/blancomania.hu\\\/blog\\\/miert-nem-az-egyszerut-valasztod-blanco-mosogato-karacsony-elott\\\/#primaryimage\"},\"thumbnailUrl\":\"https:\\\/\\\/blancomania.hu\\\/blog\\\/wp-content\\\/uploads\\\/2016\\\/05\\\/karacsonyi-akcio-smeg.jpg\",\"keywords\":[\"mosogat\u00f3 web\u00e1ruh\u00e1z\",\"mosogat\u00f3. blanco\"],\"articleSection\":[\"Mosogat\u00f3k\"],\"inLanguage\":\"hu\",\"potentialAction\":[{\"@type\":\"CommentAction\",\"name\":\"Comment\",\"target\":[\"https:\\\/\\\/blancomania.hu\\\/blog\\\/miert-nem-az-egyszerut-valasztod-blanco-mosogato-karacsony-elott\\\/#respond\"]}]},{\"@type\":\"WebPage\",\"@id\":\"https:\\\/\\\/blancomania.hu\\\/blog\\\/miert-nem-az-egyszerut-valasztod-blanco-mosogato-karacsony-elott\\\/\",\"url\":\"https:\\\/\\\/blancomania.hu\\\/blog\\\/miert-nem-az-egyszerut-valasztod-blanco-mosogato-karacsony-elott\\\/\",\"name\":\"Mi\u00e9rt nem az egyszer\u0171 megold\u00e1st v\u00e1lasztod? Blanco mosogat\u00f3 kar\u00e1csony el\u0151tt! - Blanco M\u00e1nia blog\",\"isPartOf\":{\"@id\":\"https:\\\/\\\/blancomania.hu\\\/blog\\\/#website\"},\"primaryImageOfPage\":{\"@id\":\"https:\\\/\\\/blancomania.hu\\\/blog\\\/miert-nem-az-egyszerut-valasztod-blanco-mosogato-karacsony-elott\\\/#primaryimage\"},\"image\":{\"@id\":\"https:\\\/\\\/blancomania.hu\\\/blog\\\/miert-nem-az-egyszerut-valasztod-blanco-mosogato-karacsony-elott\\\/#primaryimage\"},\"thumbnailUrl\":\"https:\\\/\\\/blancomania.hu\\\/blog\\\/wp-content\\\/uploads\\\/2016\\\/05\\\/karacsonyi-akcio-smeg.jpg\",\"datePublished\":\"2014-11-17T15:53:06+00:00\",\"dateModified\":\"2023-06-15T07:15:48+00:00\",\"breadcrumb\":{\"@id\":\"https:\\\/\\\/blancomania.hu\\\/blog\\\/miert-nem-az-egyszerut-valasztod-blanco-mosogato-karacsony-elott\\\/#breadcrumb\"},\"inLanguage\":\"hu\",\"potentialAction\":[{\"@type\":\"ReadAction\",\"target\":[\"https:\\\/\\\/blancomania.hu\\\/blog\\\/miert-nem-az-egyszerut-valasztod-blanco-mosogato-karacsony-elott\\\/\"]}]},{\"@type\":\"ImageObject\",\"inLanguage\":\"hu\",\"@id\":\"https:\\\/\\\/blancomania.hu\\\/blog\\\/miert-nem-az-egyszerut-valasztod-blanco-mosogato-karacsony-elott\\\/#primaryimage\",\"url\":\"https:\\\/\\\/blancomania.hu\\\/blog\\\/wp-content\\\/uploads\\\/2016\\\/05\\\/karacsonyi-akcio-smeg.jpg\",\"contentUrl\":\"https:\\\/\\\/blancomania.hu\\\/blog\\\/wp-content\\\/uploads\\\/2016\\\/05\\\/karacsonyi-akcio-smeg.jpg\",\"width\":1500,\"height\":750},{\"@type\":\"BreadcrumbList\",\"@id\":\"https:\\\/\\\/blancomania.hu\\\/blog\\\/miert-nem-az-egyszerut-valasztod-blanco-mosogato-karacsony-elott\\\/#breadcrumb\",\"itemListElement\":[{\"@type\":\"ListItem\",\"position\":1,\"name\":\"Kezd\u0151lap\",\"item\":\"https:\\\/\\\/blancomania.hu\\\/blog\\\/\"},{\"@type\":\"ListItem\",\"position\":2,\"name\":\"Mi\u00e9rt nem az egyszer\u0171 megold\u00e1st v\u00e1lasztod? Blanco mosogat\u00f3 kar\u00e1csony el\u0151tt!\"}]},{\"@type\":\"WebSite\",\"@id\":\"https:\\\/\\\/blancomania.hu\\\/blog\\\/#website\",\"url\":\"https:\\\/\\\/blancomania.hu\\\/blog\\\/\",\"name\":\"Blanco M\u00e1nia\",\"description\":\"Blanco mosogat\u00f3 \u00e9s csaptelep web\u00e1ruh\u00e1z\",\"publisher\":{\"@id\":\"https:\\\/\\\/blancomania.hu\\\/blog\\\/#organization\"},\"potentialAction\":[{\"@type\":\"SearchAction\",\"target\":{\"@type\":\"EntryPoint\",\"urlTemplate\":\"https:\\\/\\\/blancomania.hu\\\/blog\\\/?s={search_term_string}\"},\"query-input\":{\"@type\":\"PropertyValueSpecification\",\"valueRequired\":true,\"valueName\":\"search_term_string\"}}],\"inLanguage\":\"hu\"},{\"@type\":\"Organization\",\"@id\":\"https:\\\/\\\/blancomania.hu\\\/blog\\\/#organization\",\"name\":\"Admir\u00e1l Studio Kft.\",\"url\":\"https:\\\/\\\/blancomania.hu\\\/blog\\\/\",\"logo\":{\"@type\":\"ImageObject\",\"inLanguage\":\"hu\",\"@id\":\"https:\\\/\\\/blancomania.hu\\\/blog\\\/#\\\/schema\\\/logo\\\/image\\\/\",\"url\":\"https:\\\/\\\/blancomania.hu\\\/blog\\\/wp-content\\\/uploads\\\/2023\\\/05\\\/logokek1-.png\",\"contentUrl\":\"https:\\\/\\\/blancomania.hu\\\/blog\\\/wp-content\\\/uploads\\\/2023\\\/05\\\/logokek1-.png\",\"width\":270,\"height\":45,\"caption\":\"Admir\u00e1l Studio Kft.\"},\"image\":{\"@id\":\"https:\\\/\\\/blancomania.hu\\\/blog\\\/#\\\/schema\\\/logo\\\/image\\\/\"},\"sameAs\":[\"https:\\\/\\\/www.facebook.com\\\/blancomania\",\"https:\\\/\\\/www.instagram.com\\\/admiral_studio\\\/\",\"https:\\\/\\\/www.youtube.com\\\/user\\\/AdmiralStudio\"]},{\"@type\":\"Person\",\"@id\":\"https:\\\/\\\/blancomania.hu\\\/blog\\\/#\\\/schema\\\/person\\\/c22e981578e80385e4a15462e64ea77b\",\"name\":\"M\u00e1nia Blanco\",\"image\":{\"@type\":\"ImageObject\",\"inLanguage\":\"hu\",\"@id\":\"https:\\\/\\\/secure.gravatar.com\\\/avatar\\\/2914c4f52946fbd7b006e423c11fe06f7f3867a87e3ad6ea5eb4cddd95c40476?s=96&d=mm&r=g\",\"url\":\"https:\\\/\\\/secure.gravatar.com\\\/avatar\\\/2914c4f52946fbd7b006e423c11fe06f7f3867a87e3ad6ea5eb4cddd95c40476?s=96&d=mm&r=g\",\"contentUrl\":\"https:\\\/\\\/secure.gravatar.com\\\/avatar\\\/2914c4f52946fbd7b006e423c11fe06f7f3867a87e3ad6ea5eb4cddd95c40476?s=96&d=mm&r=g\",\"caption\":\"M\u00e1nia Blanco\"},\"url\":\"https:\\\/\\\/blancomania.hu\\\/blog\\\/author\\\/blancomania\\\/\"}]}<\/script>\n<!-- \/ Yoast SEO plugin. -->","yoast_head_json":{"title":"Mi\u00e9rt nem az egyszer\u0171 megold\u00e1st v\u00e1lasztod? Blanco mosogat\u00f3 kar\u00e1csony el\u0151tt! - Blanco M\u00e1nia blog","robots":{"index":"index","follow":"follow","max-snippet":"max-snippet:-1","max-image-preview":"max-image-preview:large","max-video-preview":"max-video-preview:-1"},"canonical":"https:\/\/blancomania.hu\/blog\/miert-nem-az-egyszerut-valasztod-blanco-mosogato-karacsony-elott\/","og_locale":"hu_HU","og_type":"article","og_title":"Mi\u00e9rt nem az egyszer\u0171 megold\u00e1st v\u00e1lasztod? Blanco mosogat\u00f3 kar\u00e1csony el\u0151tt! - Blanco M\u00e1nia blog","og_description":"Azt tudjuk , hogy a kivitelez\u00e9seknek, fel\u00faj\u00edt\u00e1soknak van egy szezon\u00e1lis g\u00f6rb\u00e9je. A csal\u00e1di h\u00e1zak, lak\u00e1sfel\u00faj\u00edt\u00e1sok \u00e1tad\u00e1si id\u0151pontjai \u00e1ltal\u00e1ban tavasszal, ny\u00e1ron \u00e9s decemberben esed\u00e9kesek. M\u00e1r most l\u00e1tszik, hogy elkezd\u0151d\u00f6tt a kapkod\u00e1s, a kar\u00e1csony el\u0151tti \u0151r\u00fclet. Ami nek\u00fcnk, keresked\u0151knek j\u00f3 is, meg nem is. J\u00f3 az\u00e9rt,mert n\u0151 a forgalom, rossz az\u00e9rt, mert ha valaki kin\u00e9zett egy gy\u00f6ny\u00f6r\u0171 [&hellip;]","og_url":"https:\/\/blancomania.hu\/blog\/miert-nem-az-egyszerut-valasztod-blanco-mosogato-karacsony-elott\/","og_site_name":"Blanco M\u00e1nia blog","article_publisher":"https:\/\/www.facebook.com\/blancomania","article_published_time":"2014-11-17T15:53:06+00:00","article_modified_time":"2023-06-15T07:15:48+00:00","og_image":[{"width":1500,"height":750,"url":"https:\/\/blancomania.hu\/blog\/wp-content\/uploads\/2016\/05\/karacsonyi-akcio-smeg.jpg","type":"image\/jpeg"}],"author":"M\u00e1nia Blanco","twitter_card":"summary_large_image","twitter_misc":{"Szerz\u0151:":"M\u00e1nia Blanco","Becs\u00fclt olvas\u00e1si id\u0151":"2 perc"},"schema":{"@context":"https:\/\/schema.org","@graph":[{"@type":"Article","@id":"https:\/\/blancomania.hu\/blog\/miert-nem-az-egyszerut-valasztod-blanco-mosogato-karacsony-elott\/#article","isPartOf":{"@id":"https:\/\/blancomania.hu\/blog\/miert-nem-az-egyszerut-valasztod-blanco-mosogato-karacsony-elott\/"},"author":{"name":"M\u00e1nia Blanco","@id":"https:\/\/blancomania.hu\/blog\/#\/schema\/person\/c22e981578e80385e4a15462e64ea77b"},"headline":"Mi\u00e9rt nem az egyszer\u0171 megold\u00e1st v\u00e1lasztod? Blanco mosogat\u00f3 kar\u00e1csony el\u0151tt!","datePublished":"2014-11-17T15:53:06+00:00","dateModified":"2023-06-15T07:15:48+00:00","mainEntityOfPage":{"@id":"https:\/\/blancomania.hu\/blog\/miert-nem-az-egyszerut-valasztod-blanco-mosogato-karacsony-elott\/"},"wordCount":417,"commentCount":0,"publisher":{"@id":"https:\/\/blancomania.hu\/blog\/#organization"},"image":{"@id":"https:\/\/blancomania.hu\/blog\/miert-nem-az-egyszerut-valasztod-blanco-mosogato-karacsony-elott\/#primaryimage"},"thumbnailUrl":"https:\/\/blancomania.hu\/blog\/wp-content\/uploads\/2016\/05\/karacsonyi-akcio-smeg.jpg","keywords":["mosogat\u00f3 web\u00e1ruh\u00e1z","mosogat\u00f3. blanco"],"articleSection":["Mosogat\u00f3k"],"inLanguage":"hu","potentialAction":[{"@type":"CommentAction","name":"Comment","target":["https:\/\/blancomania.hu\/blog\/miert-nem-az-egyszerut-valasztod-blanco-mosogato-karacsony-elott\/#respond"]}]},{"@type":"WebPage","@id":"https:\/\/blancomania.hu\/blog\/miert-nem-az-egyszerut-valasztod-blanco-mosogato-karacsony-elott\/","url":"https:\/\/blancomania.hu\/blog\/miert-nem-az-egyszerut-valasztod-blanco-mosogato-karacsony-elott\/","name":"Mi\u00e9rt nem az egyszer\u0171 megold\u00e1st v\u00e1lasztod? Blanco mosogat\u00f3 kar\u00e1csony el\u0151tt! - Blanco M\u00e1nia blog","isPartOf":{"@id":"https:\/\/blancomania.hu\/blog\/#website"},"primaryImageOfPage":{"@id":"https:\/\/blancomania.hu\/blog\/miert-nem-az-egyszerut-valasztod-blanco-mosogato-karacsony-elott\/#primaryimage"},"image":{"@id":"https:\/\/blancomania.hu\/blog\/miert-nem-az-egyszerut-valasztod-blanco-mosogato-karacsony-elott\/#primaryimage"},"thumbnailUrl":"https:\/\/blancomania.hu\/blog\/wp-content\/uploads\/2016\/05\/karacsonyi-akcio-smeg.jpg","datePublished":"2014-11-17T15:53:06+00:00","dateModified":"2023-06-15T07:15:48+00:00","breadcrumb":{"@id":"https:\/\/blancomania.hu\/blog\/miert-nem-az-egyszerut-valasztod-blanco-mosogato-karacsony-elott\/#breadcrumb"},"inLanguage":"hu","potentialAction":[{"@type":"ReadAction","target":["https:\/\/blancomania.hu\/blog\/miert-nem-az-egyszerut-valasztod-blanco-mosogato-karacsony-elott\/"]}]},{"@type":"ImageObject","inLanguage":"hu","@id":"https:\/\/blancomania.hu\/blog\/miert-nem-az-egyszerut-valasztod-blanco-mosogato-karacsony-elott\/#primaryimage","url":"https:\/\/blancomania.hu\/blog\/wp-content\/uploads\/2016\/05\/karacsonyi-akcio-smeg.jpg","contentUrl":"https:\/\/blancomania.hu\/blog\/wp-content\/uploads\/2016\/05\/karacsonyi-akcio-smeg.jpg","width":1500,"height":750},{"@type":"BreadcrumbList","@id":"https:\/\/blancomania.hu\/blog\/miert-nem-az-egyszerut-valasztod-blanco-mosogato-karacsony-elott\/#breadcrumb","itemListElement":[{"@type":"ListItem","position":1,"name":"Kezd\u0151lap","item":"https:\/\/blancomania.hu\/blog\/"},{"@type":"ListItem","position":2,"name":"Mi\u00e9rt nem az egyszer\u0171 megold\u00e1st v\u00e1lasztod? Blanco mosogat\u00f3 kar\u00e1csony el\u0151tt!"}]},{"@type":"WebSite","@id":"https:\/\/blancomania.hu\/blog\/#website","url":"https:\/\/blancomania.hu\/blog\/","name":"Blanco M\u00e1nia","description":"Blanco mosogat\u00f3 \u00e9s csaptelep web\u00e1ruh\u00e1z","publisher":{"@id":"https:\/\/blancomania.hu\/blog\/#organization"},"potentialAction":[{"@type":"SearchAction","target":{"@type":"EntryPoint","urlTemplate":"https:\/\/blancomania.hu\/blog\/?s={search_term_string}"},"query-input":{"@type":"PropertyValueSpecification","valueRequired":true,"valueName":"search_term_string"}}],"inLanguage":"hu"},{"@type":"Organization","@id":"https:\/\/blancomania.hu\/blog\/#organization","name":"Admir\u00e1l Studio Kft.","url":"https:\/\/blancomania.hu\/blog\/","logo":{"@type":"ImageObject","inLanguage":"hu","@id":"https:\/\/blancomania.hu\/blog\/#\/schema\/logo\/image\/","url":"https:\/\/blancomania.hu\/blog\/wp-content\/uploads\/2023\/05\/logokek1-.png","contentUrl":"https:\/\/blancomania.hu\/blog\/wp-content\/uploads\/2023\/05\/logokek1-.png","width":270,"height":45,"caption":"Admir\u00e1l Studio Kft."},"image":{"@id":"https:\/\/blancomania.hu\/blog\/#\/schema\/logo\/image\/"},"sameAs":["https:\/\/www.facebook.com\/blancomania","https:\/\/www.instagram.com\/admiral_studio\/","https:\/\/www.youtube.com\/user\/AdmiralStudio"]},{"@type":"Person","@id":"https:\/\/blancomania.hu\/blog\/#\/schema\/person\/c22e981578e80385e4a15462e64ea77b","name":"M\u00e1nia Blanco","image":{"@type":"ImageObject","inLanguage":"hu","@id":"https:\/\/secure.gravatar.com\/avatar\/2914c4f52946fbd7b006e423c11fe06f7f3867a87e3ad6ea5eb4cddd95c40476?s=96&d=mm&r=g","url":"https:\/\/secure.gravatar.com\/avatar\/2914c4f52946fbd7b006e423c11fe06f7f3867a87e3ad6ea5eb4cddd95c40476?s=96&d=mm&r=g","contentUrl":"https:\/\/secure.gravatar.com\/avatar\/2914c4f52946fbd7b006e423c11fe06f7f3867a87e3ad6ea5eb4cddd95c40476?s=96&d=mm&r=g","caption":"M\u00e1nia Blanco"},"url":"https:\/\/blancomania.hu\/blog\/author\/blancomania\/"}]}},"_links":{"self":[{"href":"https:\/\/blancomania.hu\/blog\/wp-json\/wp\/v2\/posts\/455","targetHints":{"allow":["GET"]}}],"collection":[{"href":"https:\/\/blancomania.hu\/blog\/wp-json\/wp\/v2\/posts"}],"about":[{"href":"https:\/\/blancomania.hu\/blog\/wp-json\/wp\/v2\/types\/post"}],"author":[{"embeddable":true,"href":"https:\/\/blancomania.hu\/blog\/wp-json\/wp\/v2\/users\/2"}],"replies":[{"embeddable":true,"href":"https:\/\/blancomania.hu\/blog\/wp-json\/wp\/v2\/comments?post=455"}],"version-history":[{"count":0,"href":"https:\/\/blancomania.hu\/blog\/wp-json\/wp\/v2\/posts\/455\/revisions"}],"wp:featuredmedia":[{"embeddable":true,"href":"https:\/\/blancomania.hu\/blog\/wp-json\/wp\/v2\/media\/2349"}],"wp:attachment":[{"href":"https:\/\/blancomania.hu\/blog\/wp-json\/wp\/v2\/media?parent=455"}],"wp:term":[{"taxonomy":"category","embeddable":true,"href":"https:\/\/blancomania.hu\/blog\/wp-json\/wp\/v2\/categories?post=455"},{"taxonomy":"post_tag","embeddable":true,"href":"https:\/\/blancomania.hu\/blog\/wp-json\/wp\/v2\/tags?post=455"}],"curies":[{"name":"wp","href":"https:\/\/api.w.org\/{rel}","templated":true}]}}