{"id":388,"date":"2014-09-18T14:05:04","date_gmt":"2014-09-18T12:05:04","guid":{"rendered":"http:\/\/www.blancomania.hu\/blog\/?p=388"},"modified":"2023-06-15T09:18:54","modified_gmt":"2023-06-15T07:18:54","slug":"vallald-hogy-kulonleges-vagy-_elica-edith_design-elszivo","status":"publish","type":"post","link":"https:\/\/blancomania.hu\/blog\/vallald-hogy-kulonleges-vagy-_elica-edith_design-elszivo\/","title":{"rendered":"V\u00e1llald, hogy k\u00fcl\u00f6nleges vagy! _Elica Edith_design elsz\u00edv\u00f3"},"content":{"rendered":"<p>Dobd fel a konyh\u00e1d hangulat\u00e1t, l\u00e9pj t\u00fal a megszokott k\u00fcrt\u0151s p\u00e1raelsz\u00edv\u00f3k vil\u00e1g\u00e1n! Ezt az elsz\u00edv\u00f3t a bar\u00e1taid irigyelni fogj\u00e1k T\u0151led, dics\u00e9rni fogj\u00e1k az \u00edzl\u00e9sed \u00e9s a b\u00e1tors\u00e1god, mert mersz k\u00fcl\u00f6nb\u00f6zni. <a href=\"https:\/\/blancomania.hu\/elica\/\">V\u00e1lassz az Elica diz\u00e1jn elsz\u00edv\u00f3i k\u00f6z\u00fcl.<\/a><\/p>\n<p><a href=\"http:\/\/www.blancomania.hu\/blog\/wp-content\/uploads\/2014\/09\/Elica-Edith-Cappa-20140428.jpg\"><img fetchpriority=\"high\" decoding=\"async\" class=\"aligncenter size-medium wp-image-389\" src=\"http:\/\/www.blancomania.hu\/blog\/wp-content\/uploads\/2014\/09\/Elica-Edith-Cappa-20140428-300x171.jpg\" alt=\"Elica Edith elsz\u00edv\u00f3\" width=\"300\" height=\"171\" srcset=\"https:\/\/blancomania.hu\/blog\/wp-content\/uploads\/2014\/09\/Elica-Edith-Cappa-20140428-300x171.jpg 300w, https:\/\/blancomania.hu\/blog\/wp-content\/uploads\/2014\/09\/Elica-Edith-Cappa-20140428-1024x584.jpg 1024w, https:\/\/blancomania.hu\/blog\/wp-content\/uploads\/2014\/09\/Elica-Edith-Cappa-20140428-624x356.jpg 624w, https:\/\/blancomania.hu\/blog\/wp-content\/uploads\/2014\/09\/Elica-Edith-Cappa-20140428.jpg 1335w\" sizes=\"(max-width: 300px) 100vw, 300px\" \/><\/a><\/p>\n<p style=\"text-align: center;\">Lebeg\u00e9s a konyh\u00e1ban &#8211; Elica Edith elsz\u00edv\u00f3<\/p>\n<p style=\"text-align: justify;\">Az Elica Edith elsz\u00edv\u00f3t haszn\u00e1lhatod konyhai f\u0151z\u0151szigethez,vagy falra is r\u00f6gz\u00edtheted, ha a f\u0151z\u0151lapod k\u00f6zvetlen\u00fcl a faln\u00e1l van.<\/p>\n<figure id=\"attachment_390\" aria-describedby=\"caption-attachment-390\" style=\"width: 300px\" class=\"wp-caption alignnone\"><a href=\"http:\/\/www.blancomania.hu\/blog\/wp-content\/uploads\/2014\/09\/Elica-Edith.jpg\"><img decoding=\"async\" class=\"size-medium wp-image-390\" src=\"http:\/\/www.blancomania.hu\/blog\/wp-content\/uploads\/2014\/09\/Elica-Edith-300x183.jpg\" alt=\"Sziget elsz\u00edv\u00f3-Elica Edith\" width=\"300\" height=\"183\"><\/a><figcaption id=\"caption-attachment-390\" class=\"wp-caption-text\">&nbsp; &nbsp; Sziget elsz\u00edv\u00f3-Elica Edith<\/figcaption><\/figure>\n<figure id=\"attachment_391\" aria-describedby=\"caption-attachment-391\" style=\"width: 300px\" class=\"wp-caption alignright\"><a href=\"http:\/\/www.blancomania.hu\/blog\/wp-content\/uploads\/2014\/09\/Edith.jpg\"><img decoding=\"async\" class=\"size-medium wp-image-391\" src=\"http:\/\/www.blancomania.hu\/blog\/wp-content\/uploads\/2014\/09\/Edith-300x183.jpg\" alt=\"Falra szerelhet\u0151 Elica Edith elsz\u00edv\u00f3\" width=\"300\" height=\"183\" srcset=\"https:\/\/blancomania.hu\/blog\/wp-content\/uploads\/2014\/09\/Edith-300x183.jpg 300w, https:\/\/blancomania.hu\/blog\/wp-content\/uploads\/2014\/09\/Edith-1024x625.jpg 1024w, https:\/\/blancomania.hu\/blog\/wp-content\/uploads\/2014\/09\/Edith-624x381.jpg 624w, https:\/\/blancomania.hu\/blog\/wp-content\/uploads\/2014\/09\/Edith.jpg 1800w\" sizes=\"(max-width: 300px) 100vw, 300px\" \/><\/a><figcaption id=\"caption-attachment-391\" class=\"wp-caption-text\">Falra szerelhet\u0151 Elica Edith elsz\u00edv\u00f3<\/figcaption><\/figure>\n<p style=\"text-align: justify;\">\u00c1tm\u00e9r\u0151je 50 cm, festett, vagy pol\u00edrozott f\u00e9m h\u00e1za feh\u00e9r, fekete, sz\u00fcrke s f\u00e9nyes inox kivitelben k\u00e9sz\u00fcl. Opcion\u00e1lisan rendelhetsz hozz\u00e1 sz\u00ednes d\u00edsz\u00edt\u0151gy\u0171r\u0171ket, narancs, z\u00f6ld, barna, feh\u00e9r, fekete sz\u00ednben amivel teljesen egyediv\u00e9 teheted az elsz\u00edv\u00f3dat.<\/p>\n<p>Az elsz\u00edv\u00f3 LED vil\u00e1g\u00edt\u00e1ssal rendelkezik \u00e9s infrav\u00f6r\u00f6s t\u00e1vir\u00e1ny\u00edt\u00f3val m\u0171k\u00f6dik. Mivel nincs k\u00f6zponti kivezet\u00e9se, nem kell foglalkoznod a flexibilics\u0151 takar\u00e1s\u00e1val, nincs sz\u00fcks\u00e9g gipszkarton dobozra a takar\u00e1s\u00e1hoz. Viszont a legmodernebb technol\u00f3gi\u00e1val LongLife \u00e9s Elica Top zs\u00edrsz\u0171r\u0151vel m\u0171k\u00f6dik.<\/p>\n<p><a href=\"http:\/\/www.blancomania.hu\/blog\/wp-content\/uploads\/2014\/09\/EDITH_5_resize.jpg\"><img loading=\"lazy\" decoding=\"async\" class=\"aligncenter size-medium wp-image-392\" src=\"http:\/\/www.blancomania.hu\/blog\/wp-content\/uploads\/2014\/09\/EDITH_5_resize-300x180.jpg\" alt=\"EDITH_fali elsz\u00edv\u00f3 z\u00f6ld d\u00edsz\u00edt\u0151gy\u0171r\u0171vel\" width=\"300\" height=\"180\" srcset=\"https:\/\/blancomania.hu\/blog\/wp-content\/uploads\/2014\/09\/EDITH_5_resize-300x180.jpg 300w, https:\/\/blancomania.hu\/blog\/wp-content\/uploads\/2014\/09\/EDITH_5_resize.jpg 620w\" sizes=\"(max-width: 300px) 100vw, 300px\" \/><\/a><\/p>\n<figure id=\"attachment_393\" aria-describedby=\"caption-attachment-393\" style=\"width: 300px\" class=\"wp-caption aligncenter\"><a href=\"http:\/\/www.blancomania.hu\/blog\/wp-content\/uploads\/2014\/09\/Edith_gallery_4.jpg\"><img loading=\"lazy\" decoding=\"async\" class=\"size-medium wp-image-393\" src=\"http:\/\/www.blancomania.hu\/blog\/wp-content\/uploads\/2014\/09\/Edith_gallery_4-300x300.jpg\" alt=\"Elica f\u00fcggesztett sziget elsz\u00edv\u00f3-fekete\" width=\"300\" height=\"300\" srcset=\"https:\/\/blancomania.hu\/blog\/wp-content\/uploads\/2014\/09\/Edith_gallery_4-300x300.jpg 300w, https:\/\/blancomania.hu\/blog\/wp-content\/uploads\/2014\/09\/Edith_gallery_4-150x150.jpg 150w, https:\/\/blancomania.hu\/blog\/wp-content\/uploads\/2014\/09\/Edith_gallery_4-624x624.jpg 624w, https:\/\/blancomania.hu\/blog\/wp-content\/uploads\/2014\/09\/Edith_gallery_4.jpg 1000w\" sizes=\"(max-width: 300px) 100vw, 300px\" \/><\/a><figcaption id=\"caption-attachment-393\" class=\"wp-caption-text\">Elica f\u00fcggesztett sziget elsz\u00edv\u00f3-fekete<\/figcaption><\/figure>\n<p style=\"text-align: justify;\">A LongLife sz\u0171r\u0151 biztos\u00edtja a bels\u0151 keringet\u00e9sn\u00e9l a sz\u0171r\u00e9st. A sz\u0171r\u0151t egyszer\u0171en beteszed a mosogat\u00f3g\u00e9pbe, 60 fokon elmosod, majd 100 fokra beteszed a s\u00fct\u0151be \u00e9s \u00fajra tiszta a zs\u00edrsz\u0171r\u0151d.<\/p>\n<figure id=\"attachment_394\" aria-describedby=\"caption-attachment-394\" style=\"width: 300px\" class=\"wp-caption aligncenter\"><a href=\"http:\/\/www.blancomania.hu\/blog\/wp-content\/uploads\/2014\/09\/Bk3dfxgIUAEumTR.jpg\"><img loading=\"lazy\" decoding=\"async\" class=\"size-medium wp-image-394\" src=\"http:\/\/www.blancomania.hu\/blog\/wp-content\/uploads\/2014\/09\/Bk3dfxgIUAEumTR-300x225.jpg\" alt=\"Elica szigetelsz\u00edv\u00f3k az Admir\u00e1l St\u00fadi\u00f3b\u00f3l\" width=\"300\" height=\"225\"><\/a><figcaption id=\"caption-attachment-394\" class=\"wp-caption-text\">Elica szigetelsz\u00edv\u00f3k az Admir\u00e1l St\u00fadi\u00f3b\u00f3l<\/figcaption><\/figure>\n<p>Az Elica Edith p\u00e1raelsz\u00edv\u00f3 3+1 fokozatban m\u0171k\u00f6dik, zajszintje 40 dB.<\/p>\n<p>Az Elica Edith sziget p\u00e1raelsz\u00edv\u00f3t \u00e9l\u0151ben megn\u00e9zheted az <a href=\"http:\/\/www.admiralstudio.hu\/kapcsolat\/18.html\">Admir\u00e1l Konyhast\u00fadi\u00f3ban<\/a>. Rendel\u00e9sed leadhatod szem\u00e9lyesen a bemutat\u00f3teremben, vagy megrendelheted <a href=\"http:\/\/www.blancomania.hu\/Elica-paraelszivo\/sziget-paraelszivo\">web\u00e1ruh\u00e1zunkban<\/a><\/p>\n<p>\u00dcdv:<\/p>\n<p>Anik\u00f3.<\/p>\n","protected":false},"excerpt":{"rendered":"<p>Dobd fel a konyh\u00e1d hangulat\u00e1t, l\u00e9pj t\u00fal a megszokott k\u00fcrt\u0151s p\u00e1raelsz\u00edv\u00f3k vil\u00e1g\u00e1n! Ezt az elsz\u00edv\u00f3t a bar\u00e1taid irigyelni fogj\u00e1k T\u0151led, dics\u00e9rni fogj\u00e1k az \u00edzl\u00e9sed \u00e9s a b\u00e1tors\u00e1god, mert mersz k\u00fcl\u00f6nb\u00f6zni. V\u00e1lassz az Elica diz\u00e1jn elsz\u00edv\u00f3i k\u00f6z\u00fcl. Lebeg\u00e9s a konyh\u00e1ban &#8211; Elica Edith elsz\u00edv\u00f3 Az Elica Edith elsz\u00edv\u00f3t haszn\u00e1lhatod konyhai f\u0151z\u0151szigethez,vagy falra is r\u00f6gz\u00edtheted, ha a [&hellip;]<\/p>\n","protected":false},"author":2,"featured_media":2385,"comment_status":"open","ping_status":"open","sticky":false,"template":"","format":"standard","meta":{"footnotes":""},"categories":[252],"tags":[],"class_list":["post-388","post","type-post","status-publish","format-standard","has-post-thumbnail","hentry","category-paraelszivok"],"yoast_head":"<!-- This site is optimized with the Yoast SEO plugin v27.4 - https:\/\/yoast.com\/product\/yoast-seo-wordpress\/ -->\n<title>V\u00e1llald, hogy k\u00fcl\u00f6nleges vagy! _Elica Edith_design elsz\u00edv\u00f3 - Blanco M\u00e1nia blog<\/title>\n<meta name=\"robots\" content=\"index, follow, max-snippet:-1, max-image-preview:large, max-video-preview:-1\" \/>\n<link rel=\"canonical\" href=\"https:\/\/blancomania.hu\/blog\/vallald-hogy-kulonleges-vagy-_elica-edith_design-elszivo\/\" \/>\n<meta property=\"og:locale\" content=\"hu_HU\" \/>\n<meta property=\"og:type\" content=\"article\" \/>\n<meta property=\"og:title\" content=\"V\u00e1llald, hogy k\u00fcl\u00f6nleges vagy! _Elica Edith_design elsz\u00edv\u00f3 - Blanco M\u00e1nia blog\" \/>\n<meta property=\"og:description\" content=\"Dobd fel a konyh\u00e1d hangulat\u00e1t, l\u00e9pj t\u00fal a megszokott k\u00fcrt\u0151s p\u00e1raelsz\u00edv\u00f3k vil\u00e1g\u00e1n! Ezt az elsz\u00edv\u00f3t a bar\u00e1taid irigyelni fogj\u00e1k T\u0151led, dics\u00e9rni fogj\u00e1k az \u00edzl\u00e9sed \u00e9s a b\u00e1tors\u00e1god, mert mersz k\u00fcl\u00f6nb\u00f6zni. V\u00e1lassz az Elica diz\u00e1jn elsz\u00edv\u00f3i k\u00f6z\u00fcl. Lebeg\u00e9s a konyh\u00e1ban &#8211; Elica Edith elsz\u00edv\u00f3 Az Elica Edith elsz\u00edv\u00f3t haszn\u00e1lhatod konyhai f\u0151z\u0151szigethez,vagy falra is r\u00f6gz\u00edtheted, ha a [&hellip;]\" \/>\n<meta property=\"og:url\" content=\"https:\/\/blancomania.hu\/blog\/vallald-hogy-kulonleges-vagy-_elica-edith_design-elszivo\/\" \/>\n<meta property=\"og:site_name\" content=\"Blanco M\u00e1nia blog\" \/>\n<meta property=\"article:publisher\" content=\"https:\/\/www.facebook.com\/blancomania\" \/>\n<meta property=\"article:published_time\" content=\"2014-09-18T12:05:04+00:00\" \/>\n<meta property=\"article:modified_time\" content=\"2023-06-15T07:18:54+00:00\" \/>\n<meta property=\"og:image\" content=\"https:\/\/blancomania.hu\/blog\/wp-content\/uploads\/2014\/09\/elica-edith-paraelszivo-.jpg\" \/>\n\t<meta property=\"og:image:width\" content=\"1024\" \/>\n\t<meta property=\"og:image:height\" content=\"626\" \/>\n\t<meta property=\"og:image:type\" content=\"image\/jpeg\" \/>\n<meta name=\"author\" content=\"M\u00e1nia Blanco\" \/>\n<meta name=\"twitter:card\" content=\"summary_large_image\" \/>\n<meta name=\"twitter:label1\" content=\"Szerz\u0151:\" \/>\n\t<meta name=\"twitter:data1\" content=\"M\u00e1nia Blanco\" \/>\n\t<meta name=\"twitter:label2\" content=\"Becs\u00fclt olvas\u00e1si id\u0151\" \/>\n\t<meta name=\"twitter:data2\" content=\"2 perc\" \/>\n<script type=\"application\/ld+json\" class=\"yoast-schema-graph\">{\"@context\":\"https:\\\/\\\/schema.org\",\"@graph\":[{\"@type\":\"Article\",\"@id\":\"https:\\\/\\\/blancomania.hu\\\/blog\\\/vallald-hogy-kulonleges-vagy-_elica-edith_design-elszivo\\\/#article\",\"isPartOf\":{\"@id\":\"https:\\\/\\\/blancomania.hu\\\/blog\\\/vallald-hogy-kulonleges-vagy-_elica-edith_design-elszivo\\\/\"},\"author\":{\"name\":\"M\u00e1nia Blanco\",\"@id\":\"https:\\\/\\\/blancomania.hu\\\/blog\\\/#\\\/schema\\\/person\\\/c22e981578e80385e4a15462e64ea77b\"},\"headline\":\"V\u00e1llald, hogy k\u00fcl\u00f6nleges vagy! _Elica Edith_design elsz\u00edv\u00f3\",\"datePublished\":\"2014-09-18T12:05:04+00:00\",\"dateModified\":\"2023-06-15T07:18:54+00:00\",\"mainEntityOfPage\":{\"@id\":\"https:\\\/\\\/blancomania.hu\\\/blog\\\/vallald-hogy-kulonleges-vagy-_elica-edith_design-elszivo\\\/\"},\"wordCount\":381,\"commentCount\":0,\"publisher\":{\"@id\":\"https:\\\/\\\/blancomania.hu\\\/blog\\\/#organization\"},\"image\":{\"@id\":\"https:\\\/\\\/blancomania.hu\\\/blog\\\/vallald-hogy-kulonleges-vagy-_elica-edith_design-elszivo\\\/#primaryimage\"},\"thumbnailUrl\":\"https:\\\/\\\/blancomania.hu\\\/blog\\\/wp-content\\\/uploads\\\/2014\\\/09\\\/elica-edith-paraelszivo-.jpg\",\"articleSection\":[\"P\u00e1raelsz\u00edv\u00f3k\"],\"inLanguage\":\"hu\",\"potentialAction\":[{\"@type\":\"CommentAction\",\"name\":\"Comment\",\"target\":[\"https:\\\/\\\/blancomania.hu\\\/blog\\\/vallald-hogy-kulonleges-vagy-_elica-edith_design-elszivo\\\/#respond\"]}]},{\"@type\":\"WebPage\",\"@id\":\"https:\\\/\\\/blancomania.hu\\\/blog\\\/vallald-hogy-kulonleges-vagy-_elica-edith_design-elszivo\\\/\",\"url\":\"https:\\\/\\\/blancomania.hu\\\/blog\\\/vallald-hogy-kulonleges-vagy-_elica-edith_design-elszivo\\\/\",\"name\":\"V\u00e1llald, hogy k\u00fcl\u00f6nleges vagy! _Elica Edith_design elsz\u00edv\u00f3 - Blanco M\u00e1nia blog\",\"isPartOf\":{\"@id\":\"https:\\\/\\\/blancomania.hu\\\/blog\\\/#website\"},\"primaryImageOfPage\":{\"@id\":\"https:\\\/\\\/blancomania.hu\\\/blog\\\/vallald-hogy-kulonleges-vagy-_elica-edith_design-elszivo\\\/#primaryimage\"},\"image\":{\"@id\":\"https:\\\/\\\/blancomania.hu\\\/blog\\\/vallald-hogy-kulonleges-vagy-_elica-edith_design-elszivo\\\/#primaryimage\"},\"thumbnailUrl\":\"https:\\\/\\\/blancomania.hu\\\/blog\\\/wp-content\\\/uploads\\\/2014\\\/09\\\/elica-edith-paraelszivo-.jpg\",\"datePublished\":\"2014-09-18T12:05:04+00:00\",\"dateModified\":\"2023-06-15T07:18:54+00:00\",\"breadcrumb\":{\"@id\":\"https:\\\/\\\/blancomania.hu\\\/blog\\\/vallald-hogy-kulonleges-vagy-_elica-edith_design-elszivo\\\/#breadcrumb\"},\"inLanguage\":\"hu\",\"potentialAction\":[{\"@type\":\"ReadAction\",\"target\":[\"https:\\\/\\\/blancomania.hu\\\/blog\\\/vallald-hogy-kulonleges-vagy-_elica-edith_design-elszivo\\\/\"]}]},{\"@type\":\"ImageObject\",\"inLanguage\":\"hu\",\"@id\":\"https:\\\/\\\/blancomania.hu\\\/blog\\\/vallald-hogy-kulonleges-vagy-_elica-edith_design-elszivo\\\/#primaryimage\",\"url\":\"https:\\\/\\\/blancomania.hu\\\/blog\\\/wp-content\\\/uploads\\\/2014\\\/09\\\/elica-edith-paraelszivo-.jpg\",\"contentUrl\":\"https:\\\/\\\/blancomania.hu\\\/blog\\\/wp-content\\\/uploads\\\/2014\\\/09\\\/elica-edith-paraelszivo-.jpg\",\"width\":1024,\"height\":626},{\"@type\":\"BreadcrumbList\",\"@id\":\"https:\\\/\\\/blancomania.hu\\\/blog\\\/vallald-hogy-kulonleges-vagy-_elica-edith_design-elszivo\\\/#breadcrumb\",\"itemListElement\":[{\"@type\":\"ListItem\",\"position\":1,\"name\":\"Kezd\u0151lap\",\"item\":\"https:\\\/\\\/blancomania.hu\\\/blog\\\/\"},{\"@type\":\"ListItem\",\"position\":2,\"name\":\"V\u00e1llald, hogy k\u00fcl\u00f6nleges vagy! _Elica Edith_design elsz\u00edv\u00f3\"}]},{\"@type\":\"WebSite\",\"@id\":\"https:\\\/\\\/blancomania.hu\\\/blog\\\/#website\",\"url\":\"https:\\\/\\\/blancomania.hu\\\/blog\\\/\",\"name\":\"Blanco M\u00e1nia\",\"description\":\"Blanco mosogat\u00f3 \u00e9s csaptelep web\u00e1ruh\u00e1z\",\"publisher\":{\"@id\":\"https:\\\/\\\/blancomania.hu\\\/blog\\\/#organization\"},\"potentialAction\":[{\"@type\":\"SearchAction\",\"target\":{\"@type\":\"EntryPoint\",\"urlTemplate\":\"https:\\\/\\\/blancomania.hu\\\/blog\\\/?s={search_term_string}\"},\"query-input\":{\"@type\":\"PropertyValueSpecification\",\"valueRequired\":true,\"valueName\":\"search_term_string\"}}],\"inLanguage\":\"hu\"},{\"@type\":\"Organization\",\"@id\":\"https:\\\/\\\/blancomania.hu\\\/blog\\\/#organization\",\"name\":\"Admir\u00e1l Studio Kft.\",\"url\":\"https:\\\/\\\/blancomania.hu\\\/blog\\\/\",\"logo\":{\"@type\":\"ImageObject\",\"inLanguage\":\"hu\",\"@id\":\"https:\\\/\\\/blancomania.hu\\\/blog\\\/#\\\/schema\\\/logo\\\/image\\\/\",\"url\":\"https:\\\/\\\/blancomania.hu\\\/blog\\\/wp-content\\\/uploads\\\/2023\\\/05\\\/logokek1-.png\",\"contentUrl\":\"https:\\\/\\\/blancomania.hu\\\/blog\\\/wp-content\\\/uploads\\\/2023\\\/05\\\/logokek1-.png\",\"width\":270,\"height\":45,\"caption\":\"Admir\u00e1l Studio Kft.\"},\"image\":{\"@id\":\"https:\\\/\\\/blancomania.hu\\\/blog\\\/#\\\/schema\\\/logo\\\/image\\\/\"},\"sameAs\":[\"https:\\\/\\\/www.facebook.com\\\/blancomania\",\"https:\\\/\\\/www.instagram.com\\\/admiral_studio\\\/\",\"https:\\\/\\\/www.youtube.com\\\/user\\\/AdmiralStudio\"]},{\"@type\":\"Person\",\"@id\":\"https:\\\/\\\/blancomania.hu\\\/blog\\\/#\\\/schema\\\/person\\\/c22e981578e80385e4a15462e64ea77b\",\"name\":\"M\u00e1nia Blanco\",\"image\":{\"@type\":\"ImageObject\",\"inLanguage\":\"hu\",\"@id\":\"https:\\\/\\\/secure.gravatar.com\\\/avatar\\\/2914c4f52946fbd7b006e423c11fe06f7f3867a87e3ad6ea5eb4cddd95c40476?s=96&d=mm&r=g\",\"url\":\"https:\\\/\\\/secure.gravatar.com\\\/avatar\\\/2914c4f52946fbd7b006e423c11fe06f7f3867a87e3ad6ea5eb4cddd95c40476?s=96&d=mm&r=g\",\"contentUrl\":\"https:\\\/\\\/secure.gravatar.com\\\/avatar\\\/2914c4f52946fbd7b006e423c11fe06f7f3867a87e3ad6ea5eb4cddd95c40476?s=96&d=mm&r=g\",\"caption\":\"M\u00e1nia Blanco\"},\"url\":\"https:\\\/\\\/blancomania.hu\\\/blog\\\/author\\\/blancomania\\\/\"}]}<\/script>\n<!-- \/ Yoast SEO plugin. -->","yoast_head_json":{"title":"V\u00e1llald, hogy k\u00fcl\u00f6nleges vagy! _Elica Edith_design elsz\u00edv\u00f3 - Blanco M\u00e1nia blog","robots":{"index":"index","follow":"follow","max-snippet":"max-snippet:-1","max-image-preview":"max-image-preview:large","max-video-preview":"max-video-preview:-1"},"canonical":"https:\/\/blancomania.hu\/blog\/vallald-hogy-kulonleges-vagy-_elica-edith_design-elszivo\/","og_locale":"hu_HU","og_type":"article","og_title":"V\u00e1llald, hogy k\u00fcl\u00f6nleges vagy! _Elica Edith_design elsz\u00edv\u00f3 - Blanco M\u00e1nia blog","og_description":"Dobd fel a konyh\u00e1d hangulat\u00e1t, l\u00e9pj t\u00fal a megszokott k\u00fcrt\u0151s p\u00e1raelsz\u00edv\u00f3k vil\u00e1g\u00e1n! Ezt az elsz\u00edv\u00f3t a bar\u00e1taid irigyelni fogj\u00e1k T\u0151led, dics\u00e9rni fogj\u00e1k az \u00edzl\u00e9sed \u00e9s a b\u00e1tors\u00e1god, mert mersz k\u00fcl\u00f6nb\u00f6zni. V\u00e1lassz az Elica diz\u00e1jn elsz\u00edv\u00f3i k\u00f6z\u00fcl. Lebeg\u00e9s a konyh\u00e1ban &#8211; Elica Edith elsz\u00edv\u00f3 Az Elica Edith elsz\u00edv\u00f3t haszn\u00e1lhatod konyhai f\u0151z\u0151szigethez,vagy falra is r\u00f6gz\u00edtheted, ha a [&hellip;]","og_url":"https:\/\/blancomania.hu\/blog\/vallald-hogy-kulonleges-vagy-_elica-edith_design-elszivo\/","og_site_name":"Blanco M\u00e1nia blog","article_publisher":"https:\/\/www.facebook.com\/blancomania","article_published_time":"2014-09-18T12:05:04+00:00","article_modified_time":"2023-06-15T07:18:54+00:00","og_image":[{"width":1024,"height":626,"url":"https:\/\/blancomania.hu\/blog\/wp-content\/uploads\/2014\/09\/elica-edith-paraelszivo-.jpg","type":"image\/jpeg"}],"author":"M\u00e1nia Blanco","twitter_card":"summary_large_image","twitter_misc":{"Szerz\u0151:":"M\u00e1nia Blanco","Becs\u00fclt olvas\u00e1si id\u0151":"2 perc"},"schema":{"@context":"https:\/\/schema.org","@graph":[{"@type":"Article","@id":"https:\/\/blancomania.hu\/blog\/vallald-hogy-kulonleges-vagy-_elica-edith_design-elszivo\/#article","isPartOf":{"@id":"https:\/\/blancomania.hu\/blog\/vallald-hogy-kulonleges-vagy-_elica-edith_design-elszivo\/"},"author":{"name":"M\u00e1nia Blanco","@id":"https:\/\/blancomania.hu\/blog\/#\/schema\/person\/c22e981578e80385e4a15462e64ea77b"},"headline":"V\u00e1llald, hogy k\u00fcl\u00f6nleges vagy! _Elica Edith_design elsz\u00edv\u00f3","datePublished":"2014-09-18T12:05:04+00:00","dateModified":"2023-06-15T07:18:54+00:00","mainEntityOfPage":{"@id":"https:\/\/blancomania.hu\/blog\/vallald-hogy-kulonleges-vagy-_elica-edith_design-elszivo\/"},"wordCount":381,"commentCount":0,"publisher":{"@id":"https:\/\/blancomania.hu\/blog\/#organization"},"image":{"@id":"https:\/\/blancomania.hu\/blog\/vallald-hogy-kulonleges-vagy-_elica-edith_design-elszivo\/#primaryimage"},"thumbnailUrl":"https:\/\/blancomania.hu\/blog\/wp-content\/uploads\/2014\/09\/elica-edith-paraelszivo-.jpg","articleSection":["P\u00e1raelsz\u00edv\u00f3k"],"inLanguage":"hu","potentialAction":[{"@type":"CommentAction","name":"Comment","target":["https:\/\/blancomania.hu\/blog\/vallald-hogy-kulonleges-vagy-_elica-edith_design-elszivo\/#respond"]}]},{"@type":"WebPage","@id":"https:\/\/blancomania.hu\/blog\/vallald-hogy-kulonleges-vagy-_elica-edith_design-elszivo\/","url":"https:\/\/blancomania.hu\/blog\/vallald-hogy-kulonleges-vagy-_elica-edith_design-elszivo\/","name":"V\u00e1llald, hogy k\u00fcl\u00f6nleges vagy! _Elica Edith_design elsz\u00edv\u00f3 - Blanco M\u00e1nia blog","isPartOf":{"@id":"https:\/\/blancomania.hu\/blog\/#website"},"primaryImageOfPage":{"@id":"https:\/\/blancomania.hu\/blog\/vallald-hogy-kulonleges-vagy-_elica-edith_design-elszivo\/#primaryimage"},"image":{"@id":"https:\/\/blancomania.hu\/blog\/vallald-hogy-kulonleges-vagy-_elica-edith_design-elszivo\/#primaryimage"},"thumbnailUrl":"https:\/\/blancomania.hu\/blog\/wp-content\/uploads\/2014\/09\/elica-edith-paraelszivo-.jpg","datePublished":"2014-09-18T12:05:04+00:00","dateModified":"2023-06-15T07:18:54+00:00","breadcrumb":{"@id":"https:\/\/blancomania.hu\/blog\/vallald-hogy-kulonleges-vagy-_elica-edith_design-elszivo\/#breadcrumb"},"inLanguage":"hu","potentialAction":[{"@type":"ReadAction","target":["https:\/\/blancomania.hu\/blog\/vallald-hogy-kulonleges-vagy-_elica-edith_design-elszivo\/"]}]},{"@type":"ImageObject","inLanguage":"hu","@id":"https:\/\/blancomania.hu\/blog\/vallald-hogy-kulonleges-vagy-_elica-edith_design-elszivo\/#primaryimage","url":"https:\/\/blancomania.hu\/blog\/wp-content\/uploads\/2014\/09\/elica-edith-paraelszivo-.jpg","contentUrl":"https:\/\/blancomania.hu\/blog\/wp-content\/uploads\/2014\/09\/elica-edith-paraelszivo-.jpg","width":1024,"height":626},{"@type":"BreadcrumbList","@id":"https:\/\/blancomania.hu\/blog\/vallald-hogy-kulonleges-vagy-_elica-edith_design-elszivo\/#breadcrumb","itemListElement":[{"@type":"ListItem","position":1,"name":"Kezd\u0151lap","item":"https:\/\/blancomania.hu\/blog\/"},{"@type":"ListItem","position":2,"name":"V\u00e1llald, hogy k\u00fcl\u00f6nleges vagy! _Elica Edith_design elsz\u00edv\u00f3"}]},{"@type":"WebSite","@id":"https:\/\/blancomania.hu\/blog\/#website","url":"https:\/\/blancomania.hu\/blog\/","name":"Blanco M\u00e1nia","description":"Blanco mosogat\u00f3 \u00e9s csaptelep web\u00e1ruh\u00e1z","publisher":{"@id":"https:\/\/blancomania.hu\/blog\/#organization"},"potentialAction":[{"@type":"SearchAction","target":{"@type":"EntryPoint","urlTemplate":"https:\/\/blancomania.hu\/blog\/?s={search_term_string}"},"query-input":{"@type":"PropertyValueSpecification","valueRequired":true,"valueName":"search_term_string"}}],"inLanguage":"hu"},{"@type":"Organization","@id":"https:\/\/blancomania.hu\/blog\/#organization","name":"Admir\u00e1l Studio Kft.","url":"https:\/\/blancomania.hu\/blog\/","logo":{"@type":"ImageObject","inLanguage":"hu","@id":"https:\/\/blancomania.hu\/blog\/#\/schema\/logo\/image\/","url":"https:\/\/blancomania.hu\/blog\/wp-content\/uploads\/2023\/05\/logokek1-.png","contentUrl":"https:\/\/blancomania.hu\/blog\/wp-content\/uploads\/2023\/05\/logokek1-.png","width":270,"height":45,"caption":"Admir\u00e1l Studio Kft."},"image":{"@id":"https:\/\/blancomania.hu\/blog\/#\/schema\/logo\/image\/"},"sameAs":["https:\/\/www.facebook.com\/blancomania","https:\/\/www.instagram.com\/admiral_studio\/","https:\/\/www.youtube.com\/user\/AdmiralStudio"]},{"@type":"Person","@id":"https:\/\/blancomania.hu\/blog\/#\/schema\/person\/c22e981578e80385e4a15462e64ea77b","name":"M\u00e1nia Blanco","image":{"@type":"ImageObject","inLanguage":"hu","@id":"https:\/\/secure.gravatar.com\/avatar\/2914c4f52946fbd7b006e423c11fe06f7f3867a87e3ad6ea5eb4cddd95c40476?s=96&d=mm&r=g","url":"https:\/\/secure.gravatar.com\/avatar\/2914c4f52946fbd7b006e423c11fe06f7f3867a87e3ad6ea5eb4cddd95c40476?s=96&d=mm&r=g","contentUrl":"https:\/\/secure.gravatar.com\/avatar\/2914c4f52946fbd7b006e423c11fe06f7f3867a87e3ad6ea5eb4cddd95c40476?s=96&d=mm&r=g","caption":"M\u00e1nia Blanco"},"url":"https:\/\/blancomania.hu\/blog\/author\/blancomania\/"}]}},"_links":{"self":[{"href":"https:\/\/blancomania.hu\/blog\/wp-json\/wp\/v2\/posts\/388","targetHints":{"allow":["GET"]}}],"collection":[{"href":"https:\/\/blancomania.hu\/blog\/wp-json\/wp\/v2\/posts"}],"about":[{"href":"https:\/\/blancomania.hu\/blog\/wp-json\/wp\/v2\/types\/post"}],"author":[{"embeddable":true,"href":"https:\/\/blancomania.hu\/blog\/wp-json\/wp\/v2\/users\/2"}],"replies":[{"embeddable":true,"href":"https:\/\/blancomania.hu\/blog\/wp-json\/wp\/v2\/comments?post=388"}],"version-history":[{"count":0,"href":"https:\/\/blancomania.hu\/blog\/wp-json\/wp\/v2\/posts\/388\/revisions"}],"wp:featuredmedia":[{"embeddable":true,"href":"https:\/\/blancomania.hu\/blog\/wp-json\/wp\/v2\/media\/2385"}],"wp:attachment":[{"href":"https:\/\/blancomania.hu\/blog\/wp-json\/wp\/v2\/media?parent=388"}],"wp:term":[{"taxonomy":"category","embeddable":true,"href":"https:\/\/blancomania.hu\/blog\/wp-json\/wp\/v2\/categories?post=388"},{"taxonomy":"post_tag","embeddable":true,"href":"https:\/\/blancomania.hu\/blog\/wp-json\/wp\/v2\/tags?post=388"}],"curies":[{"name":"wp","href":"https:\/\/api.w.org\/{rel}","templated":true}]}}