{"id":347,"date":"2014-09-01T17:34:29","date_gmt":"2014-09-01T15:34:29","guid":{"rendered":"http:\/\/www.blancomania.hu\/blog\/?p=347"},"modified":"2023-06-02T09:12:24","modified_gmt":"2023-06-02T07:12:24","slug":"retro-smeg-hangulat-minden-penzt-meger-karacsonyi-ajandek","status":"publish","type":"post","link":"https:\/\/blancomania.hu\/blog\/retro-smeg-hangulat-minden-penzt-meger-karacsonyi-ajandek\/","title":{"rendered":"Retro SMEG hangulat &#8211; minden p\u00e9nzt meg\u00e9r-kar\u00e1csonyi aj\u00e1nd\u00e9k"},"content":{"rendered":"<p style=\"text-align: justify;\">Nem tudom Ti hogy vagytok vele, de \u00e9n szeretek nosztalgi\u00e1zni. Egyre t\u00f6bbsz\u00f6r hangzik el a bar\u00e1ti t\u00e1rsas\u00e1gban :<\/p>\n<p>&#8211; Eml\u00e9kszel milyen volt akkor? Mennyire szerett\u00fck!<\/p>\n<p style=\"text-align: justify;\">\u00c9s ez lehet egy r\u00e9gi zene amire t\u00e1ncoltunk, egy r\u00e9gi aut\u00f3, ami ma m\u00e1r OT rendsz\u00e1mmal fut az utakon, vagy a sz\u00f3d\u00e1s\u00fcveg a nagyi konyh\u00e1j\u00e1ba, \u00e9s az &#8222;ezer\u00e9ves&#8221; NDK gy\u00e1rtm\u00e1ny\u00fa konyhai kisg\u00e9pek.<\/p>\n<p style=\"text-align: justify;\">N\u00e9zz\u00e9tek ezeket a form\u00e1kat, sz\u00edneket. \u00c9rezz\u00e9tek a hangulatot. Gondold el, milyen men\u0151 lesz az egy\u00e9bk\u00e9nt is men\u0151 konyh\u00e1d ezekt\u0151l a men\u0151<a href=\"https:\/\/blancomania.hu\/smeg\/\"> SMEG konyhai kisg\u00e9pekt\u0151l.<\/a><\/p>\n<p style=\"text-align: justify;\">Ak\u00e1r m\u00e1r most gondolhatsz a kar\u00e1csonyra. Kit lepn\u00e9l meg egy <a href=\"https:\/\/blancomania.hu\/smeg\/\">SMEG retro keny\u00e9rpir\u00edt\u00f3val, egy v\u00edzforral\u00f3val, vagy robotg\u00e9ppel.<\/a><\/p>\n<figure id=\"attachment_348\" aria-describedby=\"caption-attachment-348\" style=\"width: 300px\" class=\"wp-caption aligncenter\"><a href=\"http:\/\/www.blancomania.hu\/blog\/wp-content\/uploads\/2014\/09\/1546156_747671338612488_6121149953737738787_n.jpg\"><img fetchpriority=\"high\" decoding=\"async\" class=\"size-medium wp-image-348\" src=\"http:\/\/www.blancomania.hu\/blog\/wp-content\/uploads\/2014\/09\/1546156_747671338612488_6121149953737738787_n-300x300.jpg\" alt=\"SMEG piros retro keny\u00e9rpir\u00edt\u00f3\" width=\"300\" height=\"300\" srcset=\"https:\/\/blancomania.hu\/blog\/wp-content\/uploads\/2014\/09\/1546156_747671338612488_6121149953737738787_n-300x300.jpg 300w, https:\/\/blancomania.hu\/blog\/wp-content\/uploads\/2014\/09\/1546156_747671338612488_6121149953737738787_n-150x150.jpg 150w, https:\/\/blancomania.hu\/blog\/wp-content\/uploads\/2014\/09\/1546156_747671338612488_6121149953737738787_n.jpg 526w\" sizes=\"(max-width: 300px) 100vw, 300px\" \/><\/a><figcaption id=\"caption-attachment-348\" class=\"wp-caption-text\">SMEG piros retro keny\u00e9rpir\u00edt\u00f3<\/figcaption><\/figure>\n<figure id=\"attachment_349\" aria-describedby=\"caption-attachment-349\" style=\"width: 300px\" class=\"wp-caption aligncenter\"><a href=\"http:\/\/www.blancomania.hu\/blog\/wp-content\/uploads\/2014\/09\/10444710_718191538227135_1794746448325374718_n.jpg\"><img decoding=\"async\" class=\"size-medium wp-image-349\" src=\"http:\/\/www.blancomania.hu\/blog\/wp-content\/uploads\/2014\/09\/10444710_718191538227135_1794746448325374718_n-300x251.jpg\" alt=\"SMEG keny\u00e9rpir\u00edt\u00f3val sz\u00ednesebb az \u00e9let\" width=\"300\" height=\"251\" srcset=\"https:\/\/blancomania.hu\/blog\/wp-content\/uploads\/2014\/09\/10444710_718191538227135_1794746448325374718_n-300x251.jpg 300w, https:\/\/blancomania.hu\/blog\/wp-content\/uploads\/2014\/09\/10444710_718191538227135_1794746448325374718_n-624x522.jpg 624w, https:\/\/blancomania.hu\/blog\/wp-content\/uploads\/2014\/09\/10444710_718191538227135_1794746448325374718_n.jpg 960w\" sizes=\"(max-width: 300px) 100vw, 300px\" \/><\/a><figcaption id=\"caption-attachment-349\" class=\"wp-caption-text\">SMEG keny\u00e9rpir\u00edt\u00f3val sz\u00ednesebb az \u00e9let<\/figcaption><\/figure>\n<p style=\"text-align: justify;\">A <a href=\"https:\/\/blancomania.hu\/smeg\/\">SMEG konyhai kisg\u00e9pekb\u0151l minden alkalomra tal\u00e1lsz aj\u00e1nd\u00e9kot<\/a>. Kar\u00e1csonyra aj\u00e1nd\u00e9kozz keny\u00e9rpir\u00edt\u00f3t, sz\u00fclinapra adhatsz v\u00edzforral\u00f3t.<\/p>\n<p style=\"text-align: justify;\">Sokat s\u00fctsz? Akkor nem hagyhatod ki a SMEG robotg\u00e9pet a konyh\u00e1db\u00f3l. A nagyik im\u00e1dn\u00e1k!<\/p>\n<p>Minden g\u00e9p kaphat\u00f3 feh\u00e9r, fekete, k\u00e9k, r\u00f3zsasz\u00edn, b\u00e9zs,piros sz\u00ednekben.<\/p>\n<p>Sz\u00f3val j\u00f6n a kar\u00e1csony! J\u00f6n a feles\u00e9ged, Anyuk\u00e1d sz\u00fclinapja. Most \u00e9rdekl\u0151dj, mert lassan elkezdj\u00fck az \u00e9rt\u00e9kes\u00edt\u00e9st.<\/p>\n<p>Mi\u00e9rt ne TE legy\u00e9l az els\u0151, akinek itt \u00e9s most ilyen szuper konyhai g\u00e9pe van?<\/p>\n<p>Rendelni itt tudsz:<\/p>\n<p><a href=\"https:\/\/blancomania.hu\/kapcsolat\/\">Admiral St\u00fadi\u00f3 -Blanco -SMEG bemutat\u00f3terem \u00e9s \u00fczlet&nbsp;<\/a><\/p>\n<p>Sz\u00e9p es\u0151s, borong\u00f3s, netez\u0151s est\u00e9t k\u00edv\u00e1nok!<\/p>\n<p>Anik\u00f3<\/p>\n<p style=\"text-align: justify;\">\n","protected":false},"excerpt":{"rendered":"<p>Nem tudom Ti hogy vagytok vele, de \u00e9n szeretek nosztalgi\u00e1zni. Egyre t\u00f6bbsz\u00f6r hangzik el a bar\u00e1ti t\u00e1rsas\u00e1gban : &#8211; Eml\u00e9kszel milyen volt akkor? Mennyire szerett\u00fck! \u00c9s ez lehet egy r\u00e9gi zene amire t\u00e1ncoltunk, egy r\u00e9gi aut\u00f3, ami ma m\u00e1r OT rendsz\u00e1mmal fut az utakon, vagy a sz\u00f3d\u00e1s\u00fcveg a nagyi konyh\u00e1j\u00e1ba, \u00e9s az &#8222;ezer\u00e9ves&#8221; NDK gy\u00e1rtm\u00e1ny\u00fa [&hellip;]<\/p>\n","protected":false},"author":2,"featured_media":0,"comment_status":"open","ping_status":"open","sticky":false,"template":"","format":"standard","meta":{"footnotes":""},"categories":[253],"tags":[84,85,81,83,56,82],"class_list":["post-347","post","type-post","status-publish","format-standard","hentry","category-konyhagepek","tag-kenyerpirito","tag-konyha","tag-retro","tag-robotgep","tag-smeg","tag-turmix"],"yoast_head":"<!-- This site is optimized with the Yoast SEO plugin v27.4 - https:\/\/yoast.com\/product\/yoast-seo-wordpress\/ -->\n<title>Retro SMEG hangulat - minden p\u00e9nzt meg\u00e9r-kar\u00e1csonyi aj\u00e1nd\u00e9k - Blanco M\u00e1nia blog<\/title>\n<meta name=\"robots\" content=\"index, follow, max-snippet:-1, max-image-preview:large, max-video-preview:-1\" \/>\n<link rel=\"canonical\" href=\"https:\/\/blancomania.hu\/blog\/retro-smeg-hangulat-minden-penzt-meger-karacsonyi-ajandek\/\" \/>\n<meta property=\"og:locale\" content=\"hu_HU\" \/>\n<meta property=\"og:type\" content=\"article\" \/>\n<meta property=\"og:title\" content=\"Retro SMEG hangulat - minden p\u00e9nzt meg\u00e9r-kar\u00e1csonyi aj\u00e1nd\u00e9k - Blanco M\u00e1nia blog\" \/>\n<meta property=\"og:description\" content=\"Nem tudom Ti hogy vagytok vele, de \u00e9n szeretek nosztalgi\u00e1zni. Egyre t\u00f6bbsz\u00f6r hangzik el a bar\u00e1ti t\u00e1rsas\u00e1gban : &#8211; Eml\u00e9kszel milyen volt akkor? Mennyire szerett\u00fck! \u00c9s ez lehet egy r\u00e9gi zene amire t\u00e1ncoltunk, egy r\u00e9gi aut\u00f3, ami ma m\u00e1r OT rendsz\u00e1mmal fut az utakon, vagy a sz\u00f3d\u00e1s\u00fcveg a nagyi konyh\u00e1j\u00e1ba, \u00e9s az &#8222;ezer\u00e9ves&#8221; NDK gy\u00e1rtm\u00e1ny\u00fa [&hellip;]\" \/>\n<meta property=\"og:url\" content=\"https:\/\/blancomania.hu\/blog\/retro-smeg-hangulat-minden-penzt-meger-karacsonyi-ajandek\/\" \/>\n<meta property=\"og:site_name\" content=\"Blanco M\u00e1nia blog\" \/>\n<meta property=\"article:publisher\" content=\"https:\/\/www.facebook.com\/blancomania\" \/>\n<meta property=\"article:published_time\" content=\"2014-09-01T15:34:29+00:00\" \/>\n<meta property=\"article:modified_time\" content=\"2023-06-02T07:12:24+00:00\" \/>\n<meta property=\"og:image\" content=\"http:\/\/www.blancomania.hu\/blog\/wp-content\/uploads\/2014\/09\/1546156_747671338612488_6121149953737738787_n-300x300.jpg\" \/>\n<meta name=\"author\" content=\"M\u00e1nia Blanco\" \/>\n<meta name=\"twitter:card\" content=\"summary_large_image\" \/>\n<meta name=\"twitter:label1\" content=\"Szerz\u0151:\" \/>\n\t<meta name=\"twitter:data1\" content=\"M\u00e1nia Blanco\" \/>\n\t<meta name=\"twitter:label2\" content=\"Becs\u00fclt olvas\u00e1si id\u0151\" \/>\n\t<meta name=\"twitter:data2\" content=\"2 perc\" \/>\n<script type=\"application\/ld+json\" class=\"yoast-schema-graph\">{\"@context\":\"https:\\\/\\\/schema.org\",\"@graph\":[{\"@type\":\"Article\",\"@id\":\"https:\\\/\\\/blancomania.hu\\\/blog\\\/retro-smeg-hangulat-minden-penzt-meger-karacsonyi-ajandek\\\/#article\",\"isPartOf\":{\"@id\":\"https:\\\/\\\/blancomania.hu\\\/blog\\\/retro-smeg-hangulat-minden-penzt-meger-karacsonyi-ajandek\\\/\"},\"author\":{\"name\":\"M\u00e1nia Blanco\",\"@id\":\"https:\\\/\\\/blancomania.hu\\\/blog\\\/#\\\/schema\\\/person\\\/c22e981578e80385e4a15462e64ea77b\"},\"headline\":\"Retro SMEG hangulat &#8211; minden p\u00e9nzt meg\u00e9r-kar\u00e1csonyi aj\u00e1nd\u00e9k\",\"datePublished\":\"2014-09-01T15:34:29+00:00\",\"dateModified\":\"2023-06-02T07:12:24+00:00\",\"mainEntityOfPage\":{\"@id\":\"https:\\\/\\\/blancomania.hu\\\/blog\\\/retro-smeg-hangulat-minden-penzt-meger-karacsonyi-ajandek\\\/\"},\"wordCount\":320,\"commentCount\":0,\"publisher\":{\"@id\":\"https:\\\/\\\/blancomania.hu\\\/blog\\\/#organization\"},\"image\":{\"@id\":\"https:\\\/\\\/blancomania.hu\\\/blog\\\/retro-smeg-hangulat-minden-penzt-meger-karacsonyi-ajandek\\\/#primaryimage\"},\"thumbnailUrl\":\"http:\\\/\\\/www.blancomania.hu\\\/blog\\\/wp-content\\\/uploads\\\/2014\\\/09\\\/1546156_747671338612488_6121149953737738787_n-300x300.jpg\",\"keywords\":[\"keny\u00e9rpir\u00edt\u00f3\",\"konyha\",\"retr\u00f3\",\"robotg\u00e9p\",\"Smeg\",\"turmix\"],\"articleSection\":[\"Konyhag\u00e9pek\"],\"inLanguage\":\"hu\",\"potentialAction\":[{\"@type\":\"CommentAction\",\"name\":\"Comment\",\"target\":[\"https:\\\/\\\/blancomania.hu\\\/blog\\\/retro-smeg-hangulat-minden-penzt-meger-karacsonyi-ajandek\\\/#respond\"]}]},{\"@type\":\"WebPage\",\"@id\":\"https:\\\/\\\/blancomania.hu\\\/blog\\\/retro-smeg-hangulat-minden-penzt-meger-karacsonyi-ajandek\\\/\",\"url\":\"https:\\\/\\\/blancomania.hu\\\/blog\\\/retro-smeg-hangulat-minden-penzt-meger-karacsonyi-ajandek\\\/\",\"name\":\"Retro SMEG hangulat - minden p\u00e9nzt meg\u00e9r-kar\u00e1csonyi aj\u00e1nd\u00e9k - Blanco M\u00e1nia blog\",\"isPartOf\":{\"@id\":\"https:\\\/\\\/blancomania.hu\\\/blog\\\/#website\"},\"primaryImageOfPage\":{\"@id\":\"https:\\\/\\\/blancomania.hu\\\/blog\\\/retro-smeg-hangulat-minden-penzt-meger-karacsonyi-ajandek\\\/#primaryimage\"},\"image\":{\"@id\":\"https:\\\/\\\/blancomania.hu\\\/blog\\\/retro-smeg-hangulat-minden-penzt-meger-karacsonyi-ajandek\\\/#primaryimage\"},\"thumbnailUrl\":\"http:\\\/\\\/www.blancomania.hu\\\/blog\\\/wp-content\\\/uploads\\\/2014\\\/09\\\/1546156_747671338612488_6121149953737738787_n-300x300.jpg\",\"datePublished\":\"2014-09-01T15:34:29+00:00\",\"dateModified\":\"2023-06-02T07:12:24+00:00\",\"breadcrumb\":{\"@id\":\"https:\\\/\\\/blancomania.hu\\\/blog\\\/retro-smeg-hangulat-minden-penzt-meger-karacsonyi-ajandek\\\/#breadcrumb\"},\"inLanguage\":\"hu\",\"potentialAction\":[{\"@type\":\"ReadAction\",\"target\":[\"https:\\\/\\\/blancomania.hu\\\/blog\\\/retro-smeg-hangulat-minden-penzt-meger-karacsonyi-ajandek\\\/\"]}]},{\"@type\":\"ImageObject\",\"inLanguage\":\"hu\",\"@id\":\"https:\\\/\\\/blancomania.hu\\\/blog\\\/retro-smeg-hangulat-minden-penzt-meger-karacsonyi-ajandek\\\/#primaryimage\",\"url\":\"http:\\\/\\\/www.blancomania.hu\\\/blog\\\/wp-content\\\/uploads\\\/2014\\\/09\\\/1546156_747671338612488_6121149953737738787_n-300x300.jpg\",\"contentUrl\":\"http:\\\/\\\/www.blancomania.hu\\\/blog\\\/wp-content\\\/uploads\\\/2014\\\/09\\\/1546156_747671338612488_6121149953737738787_n-300x300.jpg\"},{\"@type\":\"BreadcrumbList\",\"@id\":\"https:\\\/\\\/blancomania.hu\\\/blog\\\/retro-smeg-hangulat-minden-penzt-meger-karacsonyi-ajandek\\\/#breadcrumb\",\"itemListElement\":[{\"@type\":\"ListItem\",\"position\":1,\"name\":\"Kezd\u0151lap\",\"item\":\"https:\\\/\\\/blancomania.hu\\\/blog\\\/\"},{\"@type\":\"ListItem\",\"position\":2,\"name\":\"Retro SMEG hangulat &#8211; minden p\u00e9nzt meg\u00e9r-kar\u00e1csonyi aj\u00e1nd\u00e9k\"}]},{\"@type\":\"WebSite\",\"@id\":\"https:\\\/\\\/blancomania.hu\\\/blog\\\/#website\",\"url\":\"https:\\\/\\\/blancomania.hu\\\/blog\\\/\",\"name\":\"Blanco M\u00e1nia\",\"description\":\"Blanco mosogat\u00f3 \u00e9s csaptelep web\u00e1ruh\u00e1z\",\"publisher\":{\"@id\":\"https:\\\/\\\/blancomania.hu\\\/blog\\\/#organization\"},\"potentialAction\":[{\"@type\":\"SearchAction\",\"target\":{\"@type\":\"EntryPoint\",\"urlTemplate\":\"https:\\\/\\\/blancomania.hu\\\/blog\\\/?s={search_term_string}\"},\"query-input\":{\"@type\":\"PropertyValueSpecification\",\"valueRequired\":true,\"valueName\":\"search_term_string\"}}],\"inLanguage\":\"hu\"},{\"@type\":\"Organization\",\"@id\":\"https:\\\/\\\/blancomania.hu\\\/blog\\\/#organization\",\"name\":\"Admir\u00e1l Studio Kft.\",\"url\":\"https:\\\/\\\/blancomania.hu\\\/blog\\\/\",\"logo\":{\"@type\":\"ImageObject\",\"inLanguage\":\"hu\",\"@id\":\"https:\\\/\\\/blancomania.hu\\\/blog\\\/#\\\/schema\\\/logo\\\/image\\\/\",\"url\":\"https:\\\/\\\/blancomania.hu\\\/blog\\\/wp-content\\\/uploads\\\/2023\\\/05\\\/logokek1-.png\",\"contentUrl\":\"https:\\\/\\\/blancomania.hu\\\/blog\\\/wp-content\\\/uploads\\\/2023\\\/05\\\/logokek1-.png\",\"width\":270,\"height\":45,\"caption\":\"Admir\u00e1l Studio Kft.\"},\"image\":{\"@id\":\"https:\\\/\\\/blancomania.hu\\\/blog\\\/#\\\/schema\\\/logo\\\/image\\\/\"},\"sameAs\":[\"https:\\\/\\\/www.facebook.com\\\/blancomania\",\"https:\\\/\\\/www.instagram.com\\\/admiral_studio\\\/\",\"https:\\\/\\\/www.youtube.com\\\/user\\\/AdmiralStudio\"]},{\"@type\":\"Person\",\"@id\":\"https:\\\/\\\/blancomania.hu\\\/blog\\\/#\\\/schema\\\/person\\\/c22e981578e80385e4a15462e64ea77b\",\"name\":\"M\u00e1nia Blanco\",\"image\":{\"@type\":\"ImageObject\",\"inLanguage\":\"hu\",\"@id\":\"https:\\\/\\\/secure.gravatar.com\\\/avatar\\\/2914c4f52946fbd7b006e423c11fe06f7f3867a87e3ad6ea5eb4cddd95c40476?s=96&d=mm&r=g\",\"url\":\"https:\\\/\\\/secure.gravatar.com\\\/avatar\\\/2914c4f52946fbd7b006e423c11fe06f7f3867a87e3ad6ea5eb4cddd95c40476?s=96&d=mm&r=g\",\"contentUrl\":\"https:\\\/\\\/secure.gravatar.com\\\/avatar\\\/2914c4f52946fbd7b006e423c11fe06f7f3867a87e3ad6ea5eb4cddd95c40476?s=96&d=mm&r=g\",\"caption\":\"M\u00e1nia Blanco\"},\"url\":\"https:\\\/\\\/blancomania.hu\\\/blog\\\/author\\\/blancomania\\\/\"}]}<\/script>\n<!-- \/ Yoast SEO plugin. -->","yoast_head_json":{"title":"Retro SMEG hangulat - minden p\u00e9nzt meg\u00e9r-kar\u00e1csonyi aj\u00e1nd\u00e9k - Blanco M\u00e1nia blog","robots":{"index":"index","follow":"follow","max-snippet":"max-snippet:-1","max-image-preview":"max-image-preview:large","max-video-preview":"max-video-preview:-1"},"canonical":"https:\/\/blancomania.hu\/blog\/retro-smeg-hangulat-minden-penzt-meger-karacsonyi-ajandek\/","og_locale":"hu_HU","og_type":"article","og_title":"Retro SMEG hangulat - minden p\u00e9nzt meg\u00e9r-kar\u00e1csonyi aj\u00e1nd\u00e9k - Blanco M\u00e1nia blog","og_description":"Nem tudom Ti hogy vagytok vele, de \u00e9n szeretek nosztalgi\u00e1zni. Egyre t\u00f6bbsz\u00f6r hangzik el a bar\u00e1ti t\u00e1rsas\u00e1gban : &#8211; Eml\u00e9kszel milyen volt akkor? Mennyire szerett\u00fck! \u00c9s ez lehet egy r\u00e9gi zene amire t\u00e1ncoltunk, egy r\u00e9gi aut\u00f3, ami ma m\u00e1r OT rendsz\u00e1mmal fut az utakon, vagy a sz\u00f3d\u00e1s\u00fcveg a nagyi konyh\u00e1j\u00e1ba, \u00e9s az &#8222;ezer\u00e9ves&#8221; NDK gy\u00e1rtm\u00e1ny\u00fa [&hellip;]","og_url":"https:\/\/blancomania.hu\/blog\/retro-smeg-hangulat-minden-penzt-meger-karacsonyi-ajandek\/","og_site_name":"Blanco M\u00e1nia blog","article_publisher":"https:\/\/www.facebook.com\/blancomania","article_published_time":"2014-09-01T15:34:29+00:00","article_modified_time":"2023-06-02T07:12:24+00:00","og_image":[{"url":"http:\/\/www.blancomania.hu\/blog\/wp-content\/uploads\/2014\/09\/1546156_747671338612488_6121149953737738787_n-300x300.jpg","type":"","width":"","height":""}],"author":"M\u00e1nia Blanco","twitter_card":"summary_large_image","twitter_misc":{"Szerz\u0151:":"M\u00e1nia Blanco","Becs\u00fclt olvas\u00e1si id\u0151":"2 perc"},"schema":{"@context":"https:\/\/schema.org","@graph":[{"@type":"Article","@id":"https:\/\/blancomania.hu\/blog\/retro-smeg-hangulat-minden-penzt-meger-karacsonyi-ajandek\/#article","isPartOf":{"@id":"https:\/\/blancomania.hu\/blog\/retro-smeg-hangulat-minden-penzt-meger-karacsonyi-ajandek\/"},"author":{"name":"M\u00e1nia Blanco","@id":"https:\/\/blancomania.hu\/blog\/#\/schema\/person\/c22e981578e80385e4a15462e64ea77b"},"headline":"Retro SMEG hangulat &#8211; minden p\u00e9nzt meg\u00e9r-kar\u00e1csonyi aj\u00e1nd\u00e9k","datePublished":"2014-09-01T15:34:29+00:00","dateModified":"2023-06-02T07:12:24+00:00","mainEntityOfPage":{"@id":"https:\/\/blancomania.hu\/blog\/retro-smeg-hangulat-minden-penzt-meger-karacsonyi-ajandek\/"},"wordCount":320,"commentCount":0,"publisher":{"@id":"https:\/\/blancomania.hu\/blog\/#organization"},"image":{"@id":"https:\/\/blancomania.hu\/blog\/retro-smeg-hangulat-minden-penzt-meger-karacsonyi-ajandek\/#primaryimage"},"thumbnailUrl":"http:\/\/www.blancomania.hu\/blog\/wp-content\/uploads\/2014\/09\/1546156_747671338612488_6121149953737738787_n-300x300.jpg","keywords":["keny\u00e9rpir\u00edt\u00f3","konyha","retr\u00f3","robotg\u00e9p","Smeg","turmix"],"articleSection":["Konyhag\u00e9pek"],"inLanguage":"hu","potentialAction":[{"@type":"CommentAction","name":"Comment","target":["https:\/\/blancomania.hu\/blog\/retro-smeg-hangulat-minden-penzt-meger-karacsonyi-ajandek\/#respond"]}]},{"@type":"WebPage","@id":"https:\/\/blancomania.hu\/blog\/retro-smeg-hangulat-minden-penzt-meger-karacsonyi-ajandek\/","url":"https:\/\/blancomania.hu\/blog\/retro-smeg-hangulat-minden-penzt-meger-karacsonyi-ajandek\/","name":"Retro SMEG hangulat - minden p\u00e9nzt meg\u00e9r-kar\u00e1csonyi aj\u00e1nd\u00e9k - Blanco M\u00e1nia blog","isPartOf":{"@id":"https:\/\/blancomania.hu\/blog\/#website"},"primaryImageOfPage":{"@id":"https:\/\/blancomania.hu\/blog\/retro-smeg-hangulat-minden-penzt-meger-karacsonyi-ajandek\/#primaryimage"},"image":{"@id":"https:\/\/blancomania.hu\/blog\/retro-smeg-hangulat-minden-penzt-meger-karacsonyi-ajandek\/#primaryimage"},"thumbnailUrl":"http:\/\/www.blancomania.hu\/blog\/wp-content\/uploads\/2014\/09\/1546156_747671338612488_6121149953737738787_n-300x300.jpg","datePublished":"2014-09-01T15:34:29+00:00","dateModified":"2023-06-02T07:12:24+00:00","breadcrumb":{"@id":"https:\/\/blancomania.hu\/blog\/retro-smeg-hangulat-minden-penzt-meger-karacsonyi-ajandek\/#breadcrumb"},"inLanguage":"hu","potentialAction":[{"@type":"ReadAction","target":["https:\/\/blancomania.hu\/blog\/retro-smeg-hangulat-minden-penzt-meger-karacsonyi-ajandek\/"]}]},{"@type":"ImageObject","inLanguage":"hu","@id":"https:\/\/blancomania.hu\/blog\/retro-smeg-hangulat-minden-penzt-meger-karacsonyi-ajandek\/#primaryimage","url":"http:\/\/www.blancomania.hu\/blog\/wp-content\/uploads\/2014\/09\/1546156_747671338612488_6121149953737738787_n-300x300.jpg","contentUrl":"http:\/\/www.blancomania.hu\/blog\/wp-content\/uploads\/2014\/09\/1546156_747671338612488_6121149953737738787_n-300x300.jpg"},{"@type":"BreadcrumbList","@id":"https:\/\/blancomania.hu\/blog\/retro-smeg-hangulat-minden-penzt-meger-karacsonyi-ajandek\/#breadcrumb","itemListElement":[{"@type":"ListItem","position":1,"name":"Kezd\u0151lap","item":"https:\/\/blancomania.hu\/blog\/"},{"@type":"ListItem","position":2,"name":"Retro SMEG hangulat &#8211; minden p\u00e9nzt meg\u00e9r-kar\u00e1csonyi aj\u00e1nd\u00e9k"}]},{"@type":"WebSite","@id":"https:\/\/blancomania.hu\/blog\/#website","url":"https:\/\/blancomania.hu\/blog\/","name":"Blanco M\u00e1nia","description":"Blanco mosogat\u00f3 \u00e9s csaptelep web\u00e1ruh\u00e1z","publisher":{"@id":"https:\/\/blancomania.hu\/blog\/#organization"},"potentialAction":[{"@type":"SearchAction","target":{"@type":"EntryPoint","urlTemplate":"https:\/\/blancomania.hu\/blog\/?s={search_term_string}"},"query-input":{"@type":"PropertyValueSpecification","valueRequired":true,"valueName":"search_term_string"}}],"inLanguage":"hu"},{"@type":"Organization","@id":"https:\/\/blancomania.hu\/blog\/#organization","name":"Admir\u00e1l Studio Kft.","url":"https:\/\/blancomania.hu\/blog\/","logo":{"@type":"ImageObject","inLanguage":"hu","@id":"https:\/\/blancomania.hu\/blog\/#\/schema\/logo\/image\/","url":"https:\/\/blancomania.hu\/blog\/wp-content\/uploads\/2023\/05\/logokek1-.png","contentUrl":"https:\/\/blancomania.hu\/blog\/wp-content\/uploads\/2023\/05\/logokek1-.png","width":270,"height":45,"caption":"Admir\u00e1l Studio Kft."},"image":{"@id":"https:\/\/blancomania.hu\/blog\/#\/schema\/logo\/image\/"},"sameAs":["https:\/\/www.facebook.com\/blancomania","https:\/\/www.instagram.com\/admiral_studio\/","https:\/\/www.youtube.com\/user\/AdmiralStudio"]},{"@type":"Person","@id":"https:\/\/blancomania.hu\/blog\/#\/schema\/person\/c22e981578e80385e4a15462e64ea77b","name":"M\u00e1nia Blanco","image":{"@type":"ImageObject","inLanguage":"hu","@id":"https:\/\/secure.gravatar.com\/avatar\/2914c4f52946fbd7b006e423c11fe06f7f3867a87e3ad6ea5eb4cddd95c40476?s=96&d=mm&r=g","url":"https:\/\/secure.gravatar.com\/avatar\/2914c4f52946fbd7b006e423c11fe06f7f3867a87e3ad6ea5eb4cddd95c40476?s=96&d=mm&r=g","contentUrl":"https:\/\/secure.gravatar.com\/avatar\/2914c4f52946fbd7b006e423c11fe06f7f3867a87e3ad6ea5eb4cddd95c40476?s=96&d=mm&r=g","caption":"M\u00e1nia Blanco"},"url":"https:\/\/blancomania.hu\/blog\/author\/blancomania\/"}]}},"_links":{"self":[{"href":"https:\/\/blancomania.hu\/blog\/wp-json\/wp\/v2\/posts\/347","targetHints":{"allow":["GET"]}}],"collection":[{"href":"https:\/\/blancomania.hu\/blog\/wp-json\/wp\/v2\/posts"}],"about":[{"href":"https:\/\/blancomania.hu\/blog\/wp-json\/wp\/v2\/types\/post"}],"author":[{"embeddable":true,"href":"https:\/\/blancomania.hu\/blog\/wp-json\/wp\/v2\/users\/2"}],"replies":[{"embeddable":true,"href":"https:\/\/blancomania.hu\/blog\/wp-json\/wp\/v2\/comments?post=347"}],"version-history":[{"count":0,"href":"https:\/\/blancomania.hu\/blog\/wp-json\/wp\/v2\/posts\/347\/revisions"}],"wp:attachment":[{"href":"https:\/\/blancomania.hu\/blog\/wp-json\/wp\/v2\/media?parent=347"}],"wp:term":[{"taxonomy":"category","embeddable":true,"href":"https:\/\/blancomania.hu\/blog\/wp-json\/wp\/v2\/categories?post=347"},{"taxonomy":"post_tag","embeddable":true,"href":"https:\/\/blancomania.hu\/blog\/wp-json\/wp\/v2\/tags?post=347"}],"curies":[{"name":"wp","href":"https:\/\/api.w.org\/{rel}","templated":true}]}}