{"id":331,"date":"2014-08-06T12:35:54","date_gmt":"2014-08-06T10:35:54","guid":{"rendered":"http:\/\/www.blancomania.hu\/blog\/?p=331"},"modified":"2023-06-15T09:34:40","modified_gmt":"2023-06-15T07:34:40","slug":"designboom_elica_paraelszivo_ujdonsag","status":"publish","type":"post","link":"https:\/\/blancomania.hu\/blog\/designboom_elica_paraelszivo_ujdonsag\/","title":{"rendered":"Designboom Elica p\u00e1raelsz\u00edv\u00f3 \u00fajdons\u00e1g"},"content":{"rendered":"<p style=\"text-align: justify;\">A szok\u00e1st\u00f3l elt\u00e9r\u0151en, most egy m\u00e1sik platformon megjelent \u00edr\u00e1sunkat aj\u00e1nlom a figyelmetekbe. Az <a href=\"http:\/\/www.elica.com\">Elica<\/a>&nbsp;leg\u00fajabb diz\u00e1jn szigetelsz\u00edv\u00f3i \u00e9s fali p\u00e1raelsz\u00edv\u00f3i \u00f6nmagukban is a konyha kiemelked\u0151 darabjai lehetnek. A cikkben szerepl\u0151 term\u00e9kek k\u00f6z\u00fcl j\u00f3 n\u00e9h\u00e1ny m\u00e1r \u00e9l\u0151ben is megtekinthet\u0151 budapesti <a href=\"https:\/\/blancomania.hu\/kapcsolat\/\">bemutat\u00f3term\u00fcnkben.<\/a><\/p>\n<p><a href=\"http:\/\/www.inout-home.hu\">http:\/\/www.inout-home.hu\/ujdonsag-2\/paraelszivo-designboom-2\/<\/a><\/p>\n<p>Kellemes n\u00e9zel\u0151d\u00e9st, j\u00f3 olvas\u00e1st k\u00edv\u00e1nok!<\/p>\n<p>\u00dcdv: Anik\u00f3<\/p>\n<p><a href=\"http:\/\/www.blancomania.hu\/blog\/wp-content\/uploads\/2014\/08\/1-2.jpg\"><img fetchpriority=\"high\" decoding=\"async\" class=\"aligncenter size-medium wp-image-332\" src=\"http:\/\/www.blancomania.hu\/blog\/wp-content\/uploads\/2014\/08\/1-2-300x196.jpg\" alt=\"1 (2)\" width=\"300\" height=\"196\" srcset=\"https:\/\/blancomania.hu\/blog\/wp-content\/uploads\/2014\/08\/1-2-300x196.jpg 300w, https:\/\/blancomania.hu\/blog\/wp-content\/uploads\/2014\/08\/1-2-1024x669.jpg 1024w, https:\/\/blancomania.hu\/blog\/wp-content\/uploads\/2014\/08\/1-2-624x408.jpg 624w, https:\/\/blancomania.hu\/blog\/wp-content\/uploads\/2014\/08\/1-2.jpg 1500w\" sizes=\"(max-width: 300px) 100vw, 300px\" \/><\/a><\/p>\n<p style=\"text-align: center;\">Elica Ye sziget p\u00e1raelsz\u00edv\u00f3<\/p>\n<p style=\"text-align: center;\"><a href=\"http:\/\/www.blancomania.hu\/blog\/wp-content\/uploads\/2014\/08\/amelie_2.jpg\"><img decoding=\"async\" class=\"aligncenter size-medium wp-image-333\" src=\"http:\/\/www.blancomania.hu\/blog\/wp-content\/uploads\/2014\/08\/amelie_2-300x225.jpg\" alt=\"amelie_2\" width=\"300\" height=\"225\" srcset=\"https:\/\/blancomania.hu\/blog\/wp-content\/uploads\/2014\/08\/amelie_2-300x225.jpg 300w, https:\/\/blancomania.hu\/blog\/wp-content\/uploads\/2014\/08\/amelie_2-1024x768.jpg 1024w, https:\/\/blancomania.hu\/blog\/wp-content\/uploads\/2014\/08\/amelie_2-624x468.jpg 624w, https:\/\/blancomania.hu\/blog\/wp-content\/uploads\/2014\/08\/amelie_2.jpg 1500w\" sizes=\"(max-width: 300px) 100vw, 300px\" \/><\/a><\/p>\n<p style=\"text-align: center;\">Elica Amelie fali p\u00e1raelsz\u00edv\u00f3<\/p>\n<p style=\"text-align: center;\"><a href=\"http:\/\/www.blancomania.hu\/blog\/wp-content\/uploads\/2014\/08\/Elica-Edith.jpg\"><img decoding=\"async\" class=\"aligncenter size-medium wp-image-334\" src=\"http:\/\/www.blancomania.hu\/blog\/wp-content\/uploads\/2014\/08\/Elica-Edith-300x183.jpg\" alt=\"Elica Edith\" width=\"300\" height=\"183\" srcset=\"https:\/\/blancomania.hu\/blog\/wp-content\/uploads\/2014\/08\/Elica-Edith-300x183.jpg 300w, https:\/\/blancomania.hu\/blog\/wp-content\/uploads\/2014\/08\/Elica-Edith-1024x625.jpg 1024w, https:\/\/blancomania.hu\/blog\/wp-content\/uploads\/2014\/08\/Elica-Edith-624x381.jpg 624w, https:\/\/blancomania.hu\/blog\/wp-content\/uploads\/2014\/08\/Elica-Edith.jpg 1800w\" sizes=\"(max-width: 300px) 100vw, 300px\" \/><\/a><\/p>\n<p style=\"text-align: center;\">Elica Edith szigetelsz\u00edv\u00f3<\/p>\n<p style=\"text-align: center;\"><a href=\"http:\/\/www.blancomania.hu\/blog\/wp-content\/uploads\/2014\/08\/Edith.jpg\"><img loading=\"lazy\" decoding=\"async\" class=\"aligncenter size-medium wp-image-335\" src=\"http:\/\/www.blancomania.hu\/blog\/wp-content\/uploads\/2014\/08\/Edith-300x183.jpg\" alt=\"Edith\" width=\"300\" height=\"183\" srcset=\"https:\/\/blancomania.hu\/blog\/wp-content\/uploads\/2014\/08\/Edith-300x183.jpg 300w, https:\/\/blancomania.hu\/blog\/wp-content\/uploads\/2014\/08\/Edith-1024x625.jpg 1024w, https:\/\/blancomania.hu\/blog\/wp-content\/uploads\/2014\/08\/Edith-624x381.jpg 624w, https:\/\/blancomania.hu\/blog\/wp-content\/uploads\/2014\/08\/Edith.jpg 1800w\" sizes=\"(max-width: 300px) 100vw, 300px\" \/><\/a><\/p>\n<p style=\"text-align: center;\">Elica Edith falielsz\u00edv\u00f3<\/p>\n<p style=\"text-align: center;\"><a href=\"http:\/\/www.blancomania.hu\/blog\/wp-content\/uploads\/2014\/08\/elica-nuage-wall-range-hood.jpg\"><img loading=\"lazy\" decoding=\"async\" class=\"aligncenter size-medium wp-image-336\" src=\"http:\/\/www.blancomania.hu\/blog\/wp-content\/uploads\/2014\/08\/elica-nuage-wall-range-hood-205x300.jpg\" alt=\"elica-nuage-wall-range-hood\" width=\"205\" height=\"300\" srcset=\"https:\/\/blancomania.hu\/blog\/wp-content\/uploads\/2014\/08\/elica-nuage-wall-range-hood-205x300.jpg 205w, https:\/\/blancomania.hu\/blog\/wp-content\/uploads\/2014\/08\/elica-nuage-wall-range-hood.jpg 460w\" sizes=\"(max-width: 205px) 100vw, 205px\" \/><\/a><\/p>\n<p style=\"text-align: center;\">Elica Nuage falielsz\u00edv\u00f3-b\u00e1rmilyen sz\u00ednre festhet\u0151<\/p>\n<p style=\"text-align: center;\"><a href=\"http:\/\/www.blancomania.hu\/blog\/wp-content\/uploads\/2014\/08\/l-original-e.jpg\"><img loading=\"lazy\" decoding=\"async\" class=\"aligncenter size-medium wp-image-337\" src=\"http:\/\/www.blancomania.hu\/blog\/wp-content\/uploads\/2014\/08\/l-original-e-300x268.jpg\" alt=\"l-original-e\" width=\"300\" height=\"268\" srcset=\"https:\/\/blancomania.hu\/blog\/wp-content\/uploads\/2014\/08\/l-original-e-300x268.jpg 300w, https:\/\/blancomania.hu\/blog\/wp-content\/uploads\/2014\/08\/l-original-e-624x557.jpg 624w, https:\/\/blancomania.hu\/blog\/wp-content\/uploads\/2014\/08\/l-original-e.jpg 750w\" sizes=\"(max-width: 300px) 100vw, 300px\" \/><\/a><\/p>\n<p style=\"text-align: center;\">Elica L-Original fali p\u00e1raelsz\u00edv\u00f3<\/p>\n<p style=\"text-align: justify;\">Inform\u00e1ci\u00f3: <a href=\"http:\/\/www.blancomania.hu\">Blanco Mintaterem<\/a> -1013 Budapest, Attila \u00fat 37. Telefon : 061 270 9051<\/p>\n","protected":false},"excerpt":{"rendered":"<p>A szok\u00e1st\u00f3l elt\u00e9r\u0151en, most egy m\u00e1sik platformon megjelent \u00edr\u00e1sunkat aj\u00e1nlom a figyelmetekbe. Az Elica&nbsp;leg\u00fajabb diz\u00e1jn szigetelsz\u00edv\u00f3i \u00e9s fali p\u00e1raelsz\u00edv\u00f3i \u00f6nmagukban is a konyha kiemelked\u0151 darabjai lehetnek. A cikkben szerepl\u0151 term\u00e9kek k\u00f6z\u00fcl j\u00f3 n\u00e9h\u00e1ny m\u00e1r \u00e9l\u0151ben is megtekinthet\u0151 budapesti bemutat\u00f3term\u00fcnkben. http:\/\/www.inout-home.hu\/ujdonsag-2\/paraelszivo-designboom-2\/ Kellemes n\u00e9zel\u0151d\u00e9st, j\u00f3 olvas\u00e1st k\u00edv\u00e1nok! \u00dcdv: Anik\u00f3 Elica Ye sziget p\u00e1raelsz\u00edv\u00f3 Elica Amelie fali p\u00e1raelsz\u00edv\u00f3 [&hellip;]<\/p>\n","protected":false},"author":2,"featured_media":2404,"comment_status":"open","ping_status":"open","sticky":false,"template":"","format":"standard","meta":{"footnotes":""},"categories":[252],"tags":[80,76,77,78,79],"class_list":["post-331","post","type-post","status-publish","format-standard","has-post-thumbnail","hentry","category-paraelszivok","tag-elica-elszivo","tag-elszivo","tag-konyhai-elszivo","tag-paraelszivo","tag-sziget-elszivo"],"yoast_head":"<!-- This site is optimized with the Yoast SEO plugin v27.4 - https:\/\/yoast.com\/product\/yoast-seo-wordpress\/ -->\n<title>Designboom Elica p\u00e1raelsz\u00edv\u00f3 \u00fajdons\u00e1g - Blanco M\u00e1nia blog<\/title>\n<meta name=\"robots\" content=\"index, follow, max-snippet:-1, max-image-preview:large, max-video-preview:-1\" \/>\n<link rel=\"canonical\" href=\"https:\/\/blancomania.hu\/blog\/designboom_elica_paraelszivo_ujdonsag\/\" \/>\n<meta property=\"og:locale\" content=\"hu_HU\" \/>\n<meta property=\"og:type\" content=\"article\" \/>\n<meta property=\"og:title\" content=\"Designboom Elica p\u00e1raelsz\u00edv\u00f3 \u00fajdons\u00e1g - Blanco M\u00e1nia blog\" \/>\n<meta property=\"og:description\" content=\"A szok\u00e1st\u00f3l elt\u00e9r\u0151en, most egy m\u00e1sik platformon megjelent \u00edr\u00e1sunkat aj\u00e1nlom a figyelmetekbe. Az Elica&nbsp;leg\u00fajabb diz\u00e1jn szigetelsz\u00edv\u00f3i \u00e9s fali p\u00e1raelsz\u00edv\u00f3i \u00f6nmagukban is a konyha kiemelked\u0151 darabjai lehetnek. A cikkben szerepl\u0151 term\u00e9kek k\u00f6z\u00fcl j\u00f3 n\u00e9h\u00e1ny m\u00e1r \u00e9l\u0151ben is megtekinthet\u0151 budapesti bemutat\u00f3term\u00fcnkben. http:\/\/www.inout-home.hu\/ujdonsag-2\/paraelszivo-designboom-2\/ Kellemes n\u00e9zel\u0151d\u00e9st, j\u00f3 olvas\u00e1st k\u00edv\u00e1nok! \u00dcdv: Anik\u00f3 Elica Ye sziget p\u00e1raelsz\u00edv\u00f3 Elica Amelie fali p\u00e1raelsz\u00edv\u00f3 [&hellip;]\" \/>\n<meta property=\"og:url\" content=\"https:\/\/blancomania.hu\/blog\/designboom_elica_paraelszivo_ujdonsag\/\" \/>\n<meta property=\"og:site_name\" content=\"Blanco M\u00e1nia blog\" \/>\n<meta property=\"article:publisher\" content=\"https:\/\/www.facebook.com\/blancomania\" \/>\n<meta property=\"article:published_time\" content=\"2014-08-06T10:35:54+00:00\" \/>\n<meta property=\"article:modified_time\" content=\"2023-06-15T07:34:40+00:00\" \/>\n<meta property=\"og:image\" content=\"https:\/\/blancomania.hu\/blog\/wp-content\/uploads\/2014\/08\/elica-ye-.jpg\" \/>\n\t<meta property=\"og:image:width\" content=\"1080\" \/>\n\t<meta property=\"og:image:height\" content=\"1080\" \/>\n\t<meta property=\"og:image:type\" content=\"image\/jpeg\" \/>\n<meta name=\"author\" content=\"M\u00e1nia Blanco\" \/>\n<meta name=\"twitter:card\" content=\"summary_large_image\" \/>\n<meta name=\"twitter:label1\" content=\"Szerz\u0151:\" \/>\n\t<meta name=\"twitter:data1\" content=\"M\u00e1nia Blanco\" \/>\n\t<meta name=\"twitter:label2\" content=\"Becs\u00fclt olvas\u00e1si id\u0151\" \/>\n\t<meta name=\"twitter:data2\" content=\"1 perc\" \/>\n<script type=\"application\/ld+json\" class=\"yoast-schema-graph\">{\"@context\":\"https:\\\/\\\/schema.org\",\"@graph\":[{\"@type\":\"Article\",\"@id\":\"https:\\\/\\\/blancomania.hu\\\/blog\\\/designboom_elica_paraelszivo_ujdonsag\\\/#article\",\"isPartOf\":{\"@id\":\"https:\\\/\\\/blancomania.hu\\\/blog\\\/designboom_elica_paraelszivo_ujdonsag\\\/\"},\"author\":{\"name\":\"M\u00e1nia Blanco\",\"@id\":\"https:\\\/\\\/blancomania.hu\\\/blog\\\/#\\\/schema\\\/person\\\/c22e981578e80385e4a15462e64ea77b\"},\"headline\":\"Designboom Elica p\u00e1raelsz\u00edv\u00f3 \u00fajdons\u00e1g\",\"datePublished\":\"2014-08-06T10:35:54+00:00\",\"dateModified\":\"2023-06-15T07:34:40+00:00\",\"mainEntityOfPage\":{\"@id\":\"https:\\\/\\\/blancomania.hu\\\/blog\\\/designboom_elica_paraelszivo_ujdonsag\\\/\"},\"wordCount\":134,\"commentCount\":0,\"publisher\":{\"@id\":\"https:\\\/\\\/blancomania.hu\\\/blog\\\/#organization\"},\"image\":{\"@id\":\"https:\\\/\\\/blancomania.hu\\\/blog\\\/designboom_elica_paraelszivo_ujdonsag\\\/#primaryimage\"},\"thumbnailUrl\":\"https:\\\/\\\/blancomania.hu\\\/blog\\\/wp-content\\\/uploads\\\/2014\\\/08\\\/elica-ye-.jpg\",\"keywords\":[\"Elica elsz\u00edv\u00f3\",\"elsz\u00edv\u00f3\",\"konyhai elsz\u00edv\u00f3\",\"p\u00e1raelsz\u00edv\u00f3\",\"sziget elsz\u00edv\u00f3\"],\"articleSection\":[\"P\u00e1raelsz\u00edv\u00f3k\"],\"inLanguage\":\"hu\",\"potentialAction\":[{\"@type\":\"CommentAction\",\"name\":\"Comment\",\"target\":[\"https:\\\/\\\/blancomania.hu\\\/blog\\\/designboom_elica_paraelszivo_ujdonsag\\\/#respond\"]}]},{\"@type\":\"WebPage\",\"@id\":\"https:\\\/\\\/blancomania.hu\\\/blog\\\/designboom_elica_paraelszivo_ujdonsag\\\/\",\"url\":\"https:\\\/\\\/blancomania.hu\\\/blog\\\/designboom_elica_paraelszivo_ujdonsag\\\/\",\"name\":\"Designboom Elica p\u00e1raelsz\u00edv\u00f3 \u00fajdons\u00e1g - Blanco M\u00e1nia blog\",\"isPartOf\":{\"@id\":\"https:\\\/\\\/blancomania.hu\\\/blog\\\/#website\"},\"primaryImageOfPage\":{\"@id\":\"https:\\\/\\\/blancomania.hu\\\/blog\\\/designboom_elica_paraelszivo_ujdonsag\\\/#primaryimage\"},\"image\":{\"@id\":\"https:\\\/\\\/blancomania.hu\\\/blog\\\/designboom_elica_paraelszivo_ujdonsag\\\/#primaryimage\"},\"thumbnailUrl\":\"https:\\\/\\\/blancomania.hu\\\/blog\\\/wp-content\\\/uploads\\\/2014\\\/08\\\/elica-ye-.jpg\",\"datePublished\":\"2014-08-06T10:35:54+00:00\",\"dateModified\":\"2023-06-15T07:34:40+00:00\",\"breadcrumb\":{\"@id\":\"https:\\\/\\\/blancomania.hu\\\/blog\\\/designboom_elica_paraelszivo_ujdonsag\\\/#breadcrumb\"},\"inLanguage\":\"hu\",\"potentialAction\":[{\"@type\":\"ReadAction\",\"target\":[\"https:\\\/\\\/blancomania.hu\\\/blog\\\/designboom_elica_paraelszivo_ujdonsag\\\/\"]}]},{\"@type\":\"ImageObject\",\"inLanguage\":\"hu\",\"@id\":\"https:\\\/\\\/blancomania.hu\\\/blog\\\/designboom_elica_paraelszivo_ujdonsag\\\/#primaryimage\",\"url\":\"https:\\\/\\\/blancomania.hu\\\/blog\\\/wp-content\\\/uploads\\\/2014\\\/08\\\/elica-ye-.jpg\",\"contentUrl\":\"https:\\\/\\\/blancomania.hu\\\/blog\\\/wp-content\\\/uploads\\\/2014\\\/08\\\/elica-ye-.jpg\",\"width\":1080,\"height\":1080},{\"@type\":\"BreadcrumbList\",\"@id\":\"https:\\\/\\\/blancomania.hu\\\/blog\\\/designboom_elica_paraelszivo_ujdonsag\\\/#breadcrumb\",\"itemListElement\":[{\"@type\":\"ListItem\",\"position\":1,\"name\":\"Kezd\u0151lap\",\"item\":\"https:\\\/\\\/blancomania.hu\\\/blog\\\/\"},{\"@type\":\"ListItem\",\"position\":2,\"name\":\"Designboom Elica p\u00e1raelsz\u00edv\u00f3 \u00fajdons\u00e1g\"}]},{\"@type\":\"WebSite\",\"@id\":\"https:\\\/\\\/blancomania.hu\\\/blog\\\/#website\",\"url\":\"https:\\\/\\\/blancomania.hu\\\/blog\\\/\",\"name\":\"Blanco M\u00e1nia\",\"description\":\"Blanco mosogat\u00f3 \u00e9s csaptelep web\u00e1ruh\u00e1z\",\"publisher\":{\"@id\":\"https:\\\/\\\/blancomania.hu\\\/blog\\\/#organization\"},\"potentialAction\":[{\"@type\":\"SearchAction\",\"target\":{\"@type\":\"EntryPoint\",\"urlTemplate\":\"https:\\\/\\\/blancomania.hu\\\/blog\\\/?s={search_term_string}\"},\"query-input\":{\"@type\":\"PropertyValueSpecification\",\"valueRequired\":true,\"valueName\":\"search_term_string\"}}],\"inLanguage\":\"hu\"},{\"@type\":\"Organization\",\"@id\":\"https:\\\/\\\/blancomania.hu\\\/blog\\\/#organization\",\"name\":\"Admir\u00e1l Studio Kft.\",\"url\":\"https:\\\/\\\/blancomania.hu\\\/blog\\\/\",\"logo\":{\"@type\":\"ImageObject\",\"inLanguage\":\"hu\",\"@id\":\"https:\\\/\\\/blancomania.hu\\\/blog\\\/#\\\/schema\\\/logo\\\/image\\\/\",\"url\":\"https:\\\/\\\/blancomania.hu\\\/blog\\\/wp-content\\\/uploads\\\/2023\\\/05\\\/logokek1-.png\",\"contentUrl\":\"https:\\\/\\\/blancomania.hu\\\/blog\\\/wp-content\\\/uploads\\\/2023\\\/05\\\/logokek1-.png\",\"width\":270,\"height\":45,\"caption\":\"Admir\u00e1l Studio Kft.\"},\"image\":{\"@id\":\"https:\\\/\\\/blancomania.hu\\\/blog\\\/#\\\/schema\\\/logo\\\/image\\\/\"},\"sameAs\":[\"https:\\\/\\\/www.facebook.com\\\/blancomania\",\"https:\\\/\\\/www.instagram.com\\\/admiral_studio\\\/\",\"https:\\\/\\\/www.youtube.com\\\/user\\\/AdmiralStudio\"]},{\"@type\":\"Person\",\"@id\":\"https:\\\/\\\/blancomania.hu\\\/blog\\\/#\\\/schema\\\/person\\\/c22e981578e80385e4a15462e64ea77b\",\"name\":\"M\u00e1nia Blanco\",\"image\":{\"@type\":\"ImageObject\",\"inLanguage\":\"hu\",\"@id\":\"https:\\\/\\\/secure.gravatar.com\\\/avatar\\\/2914c4f52946fbd7b006e423c11fe06f7f3867a87e3ad6ea5eb4cddd95c40476?s=96&d=mm&r=g\",\"url\":\"https:\\\/\\\/secure.gravatar.com\\\/avatar\\\/2914c4f52946fbd7b006e423c11fe06f7f3867a87e3ad6ea5eb4cddd95c40476?s=96&d=mm&r=g\",\"contentUrl\":\"https:\\\/\\\/secure.gravatar.com\\\/avatar\\\/2914c4f52946fbd7b006e423c11fe06f7f3867a87e3ad6ea5eb4cddd95c40476?s=96&d=mm&r=g\",\"caption\":\"M\u00e1nia Blanco\"},\"url\":\"https:\\\/\\\/blancomania.hu\\\/blog\\\/author\\\/blancomania\\\/\"}]}<\/script>\n<!-- \/ Yoast SEO plugin. -->","yoast_head_json":{"title":"Designboom Elica p\u00e1raelsz\u00edv\u00f3 \u00fajdons\u00e1g - Blanco M\u00e1nia blog","robots":{"index":"index","follow":"follow","max-snippet":"max-snippet:-1","max-image-preview":"max-image-preview:large","max-video-preview":"max-video-preview:-1"},"canonical":"https:\/\/blancomania.hu\/blog\/designboom_elica_paraelszivo_ujdonsag\/","og_locale":"hu_HU","og_type":"article","og_title":"Designboom Elica p\u00e1raelsz\u00edv\u00f3 \u00fajdons\u00e1g - Blanco M\u00e1nia blog","og_description":"A szok\u00e1st\u00f3l elt\u00e9r\u0151en, most egy m\u00e1sik platformon megjelent \u00edr\u00e1sunkat aj\u00e1nlom a figyelmetekbe. Az Elica&nbsp;leg\u00fajabb diz\u00e1jn szigetelsz\u00edv\u00f3i \u00e9s fali p\u00e1raelsz\u00edv\u00f3i \u00f6nmagukban is a konyha kiemelked\u0151 darabjai lehetnek. A cikkben szerepl\u0151 term\u00e9kek k\u00f6z\u00fcl j\u00f3 n\u00e9h\u00e1ny m\u00e1r \u00e9l\u0151ben is megtekinthet\u0151 budapesti bemutat\u00f3term\u00fcnkben. http:\/\/www.inout-home.hu\/ujdonsag-2\/paraelszivo-designboom-2\/ Kellemes n\u00e9zel\u0151d\u00e9st, j\u00f3 olvas\u00e1st k\u00edv\u00e1nok! \u00dcdv: Anik\u00f3 Elica Ye sziget p\u00e1raelsz\u00edv\u00f3 Elica Amelie fali p\u00e1raelsz\u00edv\u00f3 [&hellip;]","og_url":"https:\/\/blancomania.hu\/blog\/designboom_elica_paraelszivo_ujdonsag\/","og_site_name":"Blanco M\u00e1nia blog","article_publisher":"https:\/\/www.facebook.com\/blancomania","article_published_time":"2014-08-06T10:35:54+00:00","article_modified_time":"2023-06-15T07:34:40+00:00","og_image":[{"width":1080,"height":1080,"url":"https:\/\/blancomania.hu\/blog\/wp-content\/uploads\/2014\/08\/elica-ye-.jpg","type":"image\/jpeg"}],"author":"M\u00e1nia Blanco","twitter_card":"summary_large_image","twitter_misc":{"Szerz\u0151:":"M\u00e1nia Blanco","Becs\u00fclt olvas\u00e1si id\u0151":"1 perc"},"schema":{"@context":"https:\/\/schema.org","@graph":[{"@type":"Article","@id":"https:\/\/blancomania.hu\/blog\/designboom_elica_paraelszivo_ujdonsag\/#article","isPartOf":{"@id":"https:\/\/blancomania.hu\/blog\/designboom_elica_paraelszivo_ujdonsag\/"},"author":{"name":"M\u00e1nia Blanco","@id":"https:\/\/blancomania.hu\/blog\/#\/schema\/person\/c22e981578e80385e4a15462e64ea77b"},"headline":"Designboom Elica p\u00e1raelsz\u00edv\u00f3 \u00fajdons\u00e1g","datePublished":"2014-08-06T10:35:54+00:00","dateModified":"2023-06-15T07:34:40+00:00","mainEntityOfPage":{"@id":"https:\/\/blancomania.hu\/blog\/designboom_elica_paraelszivo_ujdonsag\/"},"wordCount":134,"commentCount":0,"publisher":{"@id":"https:\/\/blancomania.hu\/blog\/#organization"},"image":{"@id":"https:\/\/blancomania.hu\/blog\/designboom_elica_paraelszivo_ujdonsag\/#primaryimage"},"thumbnailUrl":"https:\/\/blancomania.hu\/blog\/wp-content\/uploads\/2014\/08\/elica-ye-.jpg","keywords":["Elica elsz\u00edv\u00f3","elsz\u00edv\u00f3","konyhai elsz\u00edv\u00f3","p\u00e1raelsz\u00edv\u00f3","sziget elsz\u00edv\u00f3"],"articleSection":["P\u00e1raelsz\u00edv\u00f3k"],"inLanguage":"hu","potentialAction":[{"@type":"CommentAction","name":"Comment","target":["https:\/\/blancomania.hu\/blog\/designboom_elica_paraelszivo_ujdonsag\/#respond"]}]},{"@type":"WebPage","@id":"https:\/\/blancomania.hu\/blog\/designboom_elica_paraelszivo_ujdonsag\/","url":"https:\/\/blancomania.hu\/blog\/designboom_elica_paraelszivo_ujdonsag\/","name":"Designboom Elica p\u00e1raelsz\u00edv\u00f3 \u00fajdons\u00e1g - Blanco M\u00e1nia blog","isPartOf":{"@id":"https:\/\/blancomania.hu\/blog\/#website"},"primaryImageOfPage":{"@id":"https:\/\/blancomania.hu\/blog\/designboom_elica_paraelszivo_ujdonsag\/#primaryimage"},"image":{"@id":"https:\/\/blancomania.hu\/blog\/designboom_elica_paraelszivo_ujdonsag\/#primaryimage"},"thumbnailUrl":"https:\/\/blancomania.hu\/blog\/wp-content\/uploads\/2014\/08\/elica-ye-.jpg","datePublished":"2014-08-06T10:35:54+00:00","dateModified":"2023-06-15T07:34:40+00:00","breadcrumb":{"@id":"https:\/\/blancomania.hu\/blog\/designboom_elica_paraelszivo_ujdonsag\/#breadcrumb"},"inLanguage":"hu","potentialAction":[{"@type":"ReadAction","target":["https:\/\/blancomania.hu\/blog\/designboom_elica_paraelszivo_ujdonsag\/"]}]},{"@type":"ImageObject","inLanguage":"hu","@id":"https:\/\/blancomania.hu\/blog\/designboom_elica_paraelszivo_ujdonsag\/#primaryimage","url":"https:\/\/blancomania.hu\/blog\/wp-content\/uploads\/2014\/08\/elica-ye-.jpg","contentUrl":"https:\/\/blancomania.hu\/blog\/wp-content\/uploads\/2014\/08\/elica-ye-.jpg","width":1080,"height":1080},{"@type":"BreadcrumbList","@id":"https:\/\/blancomania.hu\/blog\/designboom_elica_paraelszivo_ujdonsag\/#breadcrumb","itemListElement":[{"@type":"ListItem","position":1,"name":"Kezd\u0151lap","item":"https:\/\/blancomania.hu\/blog\/"},{"@type":"ListItem","position":2,"name":"Designboom Elica p\u00e1raelsz\u00edv\u00f3 \u00fajdons\u00e1g"}]},{"@type":"WebSite","@id":"https:\/\/blancomania.hu\/blog\/#website","url":"https:\/\/blancomania.hu\/blog\/","name":"Blanco M\u00e1nia","description":"Blanco mosogat\u00f3 \u00e9s csaptelep web\u00e1ruh\u00e1z","publisher":{"@id":"https:\/\/blancomania.hu\/blog\/#organization"},"potentialAction":[{"@type":"SearchAction","target":{"@type":"EntryPoint","urlTemplate":"https:\/\/blancomania.hu\/blog\/?s={search_term_string}"},"query-input":{"@type":"PropertyValueSpecification","valueRequired":true,"valueName":"search_term_string"}}],"inLanguage":"hu"},{"@type":"Organization","@id":"https:\/\/blancomania.hu\/blog\/#organization","name":"Admir\u00e1l Studio Kft.","url":"https:\/\/blancomania.hu\/blog\/","logo":{"@type":"ImageObject","inLanguage":"hu","@id":"https:\/\/blancomania.hu\/blog\/#\/schema\/logo\/image\/","url":"https:\/\/blancomania.hu\/blog\/wp-content\/uploads\/2023\/05\/logokek1-.png","contentUrl":"https:\/\/blancomania.hu\/blog\/wp-content\/uploads\/2023\/05\/logokek1-.png","width":270,"height":45,"caption":"Admir\u00e1l Studio Kft."},"image":{"@id":"https:\/\/blancomania.hu\/blog\/#\/schema\/logo\/image\/"},"sameAs":["https:\/\/www.facebook.com\/blancomania","https:\/\/www.instagram.com\/admiral_studio\/","https:\/\/www.youtube.com\/user\/AdmiralStudio"]},{"@type":"Person","@id":"https:\/\/blancomania.hu\/blog\/#\/schema\/person\/c22e981578e80385e4a15462e64ea77b","name":"M\u00e1nia Blanco","image":{"@type":"ImageObject","inLanguage":"hu","@id":"https:\/\/secure.gravatar.com\/avatar\/2914c4f52946fbd7b006e423c11fe06f7f3867a87e3ad6ea5eb4cddd95c40476?s=96&d=mm&r=g","url":"https:\/\/secure.gravatar.com\/avatar\/2914c4f52946fbd7b006e423c11fe06f7f3867a87e3ad6ea5eb4cddd95c40476?s=96&d=mm&r=g","contentUrl":"https:\/\/secure.gravatar.com\/avatar\/2914c4f52946fbd7b006e423c11fe06f7f3867a87e3ad6ea5eb4cddd95c40476?s=96&d=mm&r=g","caption":"M\u00e1nia Blanco"},"url":"https:\/\/blancomania.hu\/blog\/author\/blancomania\/"}]}},"_links":{"self":[{"href":"https:\/\/blancomania.hu\/blog\/wp-json\/wp\/v2\/posts\/331","targetHints":{"allow":["GET"]}}],"collection":[{"href":"https:\/\/blancomania.hu\/blog\/wp-json\/wp\/v2\/posts"}],"about":[{"href":"https:\/\/blancomania.hu\/blog\/wp-json\/wp\/v2\/types\/post"}],"author":[{"embeddable":true,"href":"https:\/\/blancomania.hu\/blog\/wp-json\/wp\/v2\/users\/2"}],"replies":[{"embeddable":true,"href":"https:\/\/blancomania.hu\/blog\/wp-json\/wp\/v2\/comments?post=331"}],"version-history":[{"count":0,"href":"https:\/\/blancomania.hu\/blog\/wp-json\/wp\/v2\/posts\/331\/revisions"}],"wp:featuredmedia":[{"embeddable":true,"href":"https:\/\/blancomania.hu\/blog\/wp-json\/wp\/v2\/media\/2404"}],"wp:attachment":[{"href":"https:\/\/blancomania.hu\/blog\/wp-json\/wp\/v2\/media?parent=331"}],"wp:term":[{"taxonomy":"category","embeddable":true,"href":"https:\/\/blancomania.hu\/blog\/wp-json\/wp\/v2\/categories?post=331"},{"taxonomy":"post_tag","embeddable":true,"href":"https:\/\/blancomania.hu\/blog\/wp-json\/wp\/v2\/tags?post=331"}],"curies":[{"name":"wp","href":"https:\/\/api.w.org\/{rel}","templated":true}]}}