{"id":208,"date":"2014-04-22T17:02:56","date_gmt":"2014-04-22T15:02:56","guid":{"rendered":"http:\/\/www.blancomania.hu\/blog\/?p=208"},"modified":"2023-06-02T10:22:08","modified_gmt":"2023-06-02T08:22:08","slug":"alaepitheto-mosogatok-de-mi-ala","status":"publish","type":"post","link":"https:\/\/blancomania.hu\/blog\/alaepitheto-mosogatok-de-mi-ala\/","title":{"rendered":"Al\u00e1\u00e9p\u00edthet\u0151 mosogat\u00f3k &#8211; de mi al\u00e1?"},"content":{"rendered":"<p style=\"text-align: justify;\">Sokan keresitek n\u00e1lunk a munkapult al\u00e1 \u00e9p\u00edthet\u0151 mosogat\u00f3kat. De nem \u00e1rt tudnotok, hogy ezeket a mosogat\u00f3kat kiz\u00e1r\u00f3lag k\u0151 munkapulthoz ( Technistone, Silestone) vagy Corian, illetve Polystone munkalapokhoz aj\u00e1nljuk. Ezekn\u00e9l a pultokn\u00e1l biztos\u00edthat\u00f3 a t\u00f6k\u00e9letes illeszt\u00e9s \u00e9s be\u00e9p\u00edt\u00e9s. Ha hossz\u00fat\u00e1vra tervezel \u00e9s a t\u00f6k\u00e9letesre t\u00f6rekszel, \u00e1llunk rendelkez\u00e9sedre a sz\u00e9les v\u00e1laszt\u00e9kkal, a szak\u00e9rtelemmel \u00e9s a t\u00f6k\u00e9letes kivitelez\u00e9ssel.<\/p>\n<p style=\"text-align: justify;\">A <a href=\"https:\/\/blancomania.hu\/?s=subline\">Blanco al\u00e1\u00e9p\u00edthet\u0151 mosogat\u00f3i silgr\u00e1nit,<\/a> ker\u00e1mia \u00e9s rozsdamentes ac\u00e9lb\u00f3l is v\u00e1laszthat\u00f3k. Bemutatunk n\u00e9h\u00e1ny men\u0151 al\u00e1\u00e9p\u00edthet\u0151 Blanco mosogat\u00f3t, hogy egyszer\u0171bb legyen a v\u00e1laszt\u00e1s, ha r\u00e1sz\u00e1nod magad!<\/p>\n<p style=\"text-align: justify;\">A <a href=\"https:\/\/blancomania.hu\/?s=subline\">Blanco Subline silgr\u00e1nit mosogat\u00f3k<\/a> k\u00f6z\u00fcl k\u00fcl\u00f6nb\u00f6z\u0151 t\u00f6bb m\u00e9retb\u0151l v\u00e1logathatsz, de figyelj a k\u00e9nyelmedre. Ha szeretsz s\u00fctni, f\u0151zni \u00e9s van el\u00e9g hely, hogy legal\u00e1bb 60 cm sz\u00e9les mosogat\u00f3s elemet tervezz\u00fcnk a konyhab\u00fator \u00f6ssze\u00e1ll\u00edt\u00e1sodba, c\u00e9lszer\u0171 a nagyobb medenc\u00e9t v\u00e1lasztanod. Gondolj a tepsire, nagy l\u00e1basra&#8230;sz\u00e9pen! Ugye hogy csak akkor megy a sz\u00e9pengondol\u00e1s, ha nem okoz bossz\u00fas\u00e1got a mosogat\u00e1suk?!<\/p>\n<p style=\"text-align: center;\"><a href=\"http:\/\/www.blancomania.hu\/blog\/wp-content\/uploads\/2014\/04\/Subline-500-U.jpeg\"><img fetchpriority=\"high\" decoding=\"async\" class=\"aligncenter size-medium wp-image-209\" src=\"http:\/\/www.blancomania.hu\/blog\/wp-content\/uploads\/2014\/04\/Subline-500-U-300x225.jpeg\" alt=\"Subline 500 U\" width=\"300\" height=\"225\" srcset=\"https:\/\/blancomania.hu\/blog\/wp-content\/uploads\/2014\/04\/Subline-500-U-300x225.jpeg 300w, https:\/\/blancomania.hu\/blog\/wp-content\/uploads\/2014\/04\/Subline-500-U.jpeg 500w\" sizes=\"(max-width: 300px) 100vw, 300px\" \/><\/a>Blanco Subline 500 U &#8211; silgr\u00e1nit &#8211; antracit<\/p>\n<p style=\"text-align: center;\"><a href=\"http:\/\/www.blancomania.hu\/blog\/wp-content\/uploads\/2014\/04\/subline-480-320-U.jpeg\"><img decoding=\"async\" class=\"aligncenter size-medium wp-image-210\" src=\"http:\/\/www.blancomania.hu\/blog\/wp-content\/uploads\/2014\/04\/subline-480-320-U-300x208.jpeg\" alt=\"subline 480-320 U\" width=\"300\" height=\"208\" srcset=\"https:\/\/blancomania.hu\/blog\/wp-content\/uploads\/2014\/04\/subline-480-320-U-300x208.jpeg 300w, https:\/\/blancomania.hu\/blog\/wp-content\/uploads\/2014\/04\/subline-480-320-U.jpeg 500w\" sizes=\"(max-width: 300px) 100vw, 300px\" \/><\/a>Blanco Subline 480\/320 U silgr\u00e1nit<\/p>\n<p style=\"text-align: justify;\">Ne feledd, a Blanco silgr\u00e1nit mosogat\u00f3k 9 sz\u00ednben kaphat\u00f3k, teh\u00e1t nincs kifog\u00e1s! Biztosan megtal\u00e1lod\/megtal\u00e1ljuk a legjobbat Neked!<\/p>\n<p style=\"text-align: center;\"><a href=\"http:\/\/www.blancomania.hu\/blog\/wp-content\/uploads\/2014\/04\/wave-950-U.jpeg\"><img decoding=\"async\" class=\"aligncenter size-medium wp-image-211\" src=\"http:\/\/www.blancomania.hu\/blog\/wp-content\/uploads\/2014\/04\/wave-950-U-300x208.jpeg\" alt=\"wave 950 U\" width=\"300\" height=\"208\" srcset=\"https:\/\/blancomania.hu\/blog\/wp-content\/uploads\/2014\/04\/wave-950-U-300x208.jpeg 300w, https:\/\/blancomania.hu\/blog\/wp-content\/uploads\/2014\/04\/wave-950-U.jpeg 500w\" sizes=\"(max-width: 300px) 100vw, 300px\" \/><\/a>Blanco Wave 950 rozsdamentes mosogat\u00f3<\/p>\n<p style=\"text-align: left;\">Nagy, \u00edves medence &#8211; bevallom m\u00e9g nem l\u00e1ttam \u00e9l\u0151ben, de \u00edgy csudasz\u00e9p \ud83d\ude42<\/p>\n<p style=\"text-align: center;\"><a href=\"http:\/\/www.blancomania.hu\/blog\/wp-content\/uploads\/2014\/04\/wave-520-U.jpeg\"><img loading=\"lazy\" decoding=\"async\" class=\"aligncenter size-medium wp-image-212\" src=\"http:\/\/www.blancomania.hu\/blog\/wp-content\/uploads\/2014\/04\/wave-520-U-300x208.jpeg\" alt=\"wave 520 U\" width=\"300\" height=\"208\" srcset=\"https:\/\/blancomania.hu\/blog\/wp-content\/uploads\/2014\/04\/wave-520-U-300x208.jpeg 300w, https:\/\/blancomania.hu\/blog\/wp-content\/uploads\/2014\/04\/wave-520-U.jpeg 500w\" sizes=\"(max-width: 300px) 100vw, 300px\" \/><\/a>Blanco Wave 520 mosogat\u00f3<\/p>\n<p style=\"text-align: center;\"><a href=\"http:\/\/www.blancomania.hu\/blog\/wp-content\/uploads\/2014\/04\/supra-500-U.jpeg\"><img loading=\"lazy\" decoding=\"async\" class=\"aligncenter size-medium wp-image-214\" src=\"http:\/\/www.blancomania.hu\/blog\/wp-content\/uploads\/2014\/04\/supra-500-U-300x239.jpeg\" alt=\"supra 500 U\" width=\"300\" height=\"239\" srcset=\"https:\/\/blancomania.hu\/blog\/wp-content\/uploads\/2014\/04\/supra-500-U-300x239.jpeg 300w, https:\/\/blancomania.hu\/blog\/wp-content\/uploads\/2014\/04\/supra-500-U.jpeg 500w\" sizes=\"(max-width: 300px) 100vw, 300px\" \/><\/a>Blanco Supra 500 U &#8211; rozsdamentes mosogat\u00f3<\/p>\n<p style=\"text-align: center;\">A t\u00f6k\u00e9letes egybeolvad\u00e1s- ilyen amikor a pult al\u00e1 \u00e9p\u00edtj\u00fck.<\/p>\n<p style=\"text-align: center;\"><a href=\"http:\/\/www.blancomania.hu\/blog\/wp-content\/uploads\/2014\/04\/alaros-6-s.jpeg\"><img loading=\"lazy\" decoding=\"async\" class=\"aligncenter size-medium wp-image-216\" src=\"http:\/\/www.blancomania.hu\/blog\/wp-content\/uploads\/2014\/04\/alaros-6-s-300x208.jpeg\" alt=\"alaros 6 s\" width=\"300\" height=\"208\" srcset=\"https:\/\/blancomania.hu\/blog\/wp-content\/uploads\/2014\/04\/alaros-6-s-300x208.jpeg 300w, https:\/\/blancomania.hu\/blog\/wp-content\/uploads\/2014\/04\/alaros-6-s.jpeg 500w\" sizes=\"(max-width: 300px) 100vw, 300px\" \/><\/a>Blanco Alaros 6 S<\/p>\n<p style=\"text-align: center;\"><a href=\"http:\/\/www.blancomania.hu\/blog\/wp-content\/uploads\/2014\/04\/Subline-360-180-U.jpeg\"><img loading=\"lazy\" decoding=\"async\" class=\"aligncenter size-medium wp-image-217\" src=\"http:\/\/www.blancomania.hu\/blog\/wp-content\/uploads\/2014\/04\/Subline-360-180-U-300x223.jpeg\" alt=\"Subline 360-180 U\" width=\"300\" height=\"223\" srcset=\"https:\/\/blancomania.hu\/blog\/wp-content\/uploads\/2014\/04\/Subline-360-180-U-300x223.jpeg 300w, https:\/\/blancomania.hu\/blog\/wp-content\/uploads\/2014\/04\/Subline-360-180-U.jpeg 500w\" sizes=\"(max-width: 300px) 100vw, 300px\" \/><\/a>Blanco Sublin 360\/180 U Tartufo sz\u00ednben- tudod 9 sz\u00edn a jelsz\u00f3!<\/p>\n<p style=\"text-align: center;\">Ezt l\u00e1tod, ha silgr\u00e1nit mosogat\u00f3t \u00e9p\u00edt\u00fcnk a pult al\u00e1.<\/p>\n<p style=\"text-align: justify;\">A munkalap \u00e9s a mosogat\u00f3 t\u00f6k\u00e9letes funkcion\u00e1lis egys\u00e9get alkot. Csak bes\u00f6pr\u00f6d a morzs\u00e1t a pultr\u00f3l \u00e9s k\u00e9sz. Optim\u00e1lis a munkalap fel\u00fclet\u00e9nek tiszt\u00edt\u00e1sa. T\u00f6k\u00e9letes, letisztult megjelen\u00e9s, a mosogat\u00f3 vonal\u00e1ban is.<\/p>\n<p style=\"text-align: justify;\">Hab\u00e1r manaps\u00e1g egyre t\u00f6bb f\u00e9rfi f\u0151z, s\u00fct \u00e9s haszn\u00e1lja a konyh\u00e1t &#8211; le a kalappal el\u0151tt\u00fck!<\/p>\n<p style=\"text-align: justify;\">Ha k\u00e9rd\u00e9sed van, ha komplett konyhab\u00fatort szeretn\u00e9l, vagy &#8222;csak&#8221; egy kiv\u00e1l\u00f3 mosogat\u00f3ra van sz\u00fcks\u00e9ged, ne feledd: blancomania.hu \u00e9s <a href=\"https:\/\/admiralstudio.hu\/tervezes\/\">admiralstudio.hu<\/a><\/p>\n<p style=\"text-align: center;\">\u00dczlet\u00fcnk: <a href=\"https:\/\/blancomania.hu\/kapcsolat\/\">1013 Budapest, Attila \u00fat 37. Telefon: 061 270 9051<\/a><\/p>\n<p style=\"text-align: center;\">\n<p style=\"text-align: center;\">\n<p style=\"text-align: center;\">\n<p style=\"text-align: center;\">\n<p style=\"text-align: center;\">\n<p style=\"text-align: left;\">\n<p style=\"text-align: justify;\">\n<p style=\"text-align: center;\">\n<p style=\"text-align: justify;\">\n","protected":false},"excerpt":{"rendered":"<p>Sokan keresitek n\u00e1lunk a munkapult al\u00e1 \u00e9p\u00edthet\u0151 mosogat\u00f3kat. De nem \u00e1rt tudnotok, hogy ezeket a mosogat\u00f3kat kiz\u00e1r\u00f3lag k\u0151 munkapulthoz ( Technistone, Silestone) vagy Corian, illetve Polystone munkalapokhoz aj\u00e1nljuk. Ezekn\u00e9l a pultokn\u00e1l biztos\u00edthat\u00f3 a t\u00f6k\u00e9letes illeszt\u00e9s \u00e9s be\u00e9p\u00edt\u00e9s. Ha hossz\u00fat\u00e1vra tervezel \u00e9s a t\u00f6k\u00e9letesre t\u00f6rekszel, \u00e1llunk rendelkez\u00e9sedre a sz\u00e9les v\u00e1laszt\u00e9kkal, a szak\u00e9rtelemmel \u00e9s a t\u00f6k\u00e9letes kivitelez\u00e9ssel. [&hellip;]<\/p>\n","protected":false},"author":2,"featured_media":0,"comment_status":"open","ping_status":"open","sticky":false,"template":"","format":"standard","meta":{"footnotes":""},"categories":[249],"tags":[32,35,34,36],"class_list":["post-208","post","type-post","status-publish","format-standard","hentry","category-mosogatok","tag-alaepitheto-mosogato","tag-blanco-alaros","tag-blanco-subline","tag-pult-ala-epitheto-mosogato"],"yoast_head":"<!-- This site is optimized with the Yoast SEO plugin v27.4 - https:\/\/yoast.com\/product\/yoast-seo-wordpress\/ -->\n<title>Al\u00e1\u00e9p\u00edthet\u0151 mosogat\u00f3k - de mi al\u00e1? - Blanco M\u00e1nia blog<\/title>\n<meta name=\"robots\" content=\"index, follow, max-snippet:-1, max-image-preview:large, max-video-preview:-1\" \/>\n<link rel=\"canonical\" href=\"https:\/\/blancomania.hu\/blog\/alaepitheto-mosogatok-de-mi-ala\/\" \/>\n<meta property=\"og:locale\" content=\"hu_HU\" \/>\n<meta property=\"og:type\" content=\"article\" \/>\n<meta property=\"og:title\" content=\"Al\u00e1\u00e9p\u00edthet\u0151 mosogat\u00f3k - de mi al\u00e1? - Blanco M\u00e1nia blog\" \/>\n<meta property=\"og:description\" content=\"Sokan keresitek n\u00e1lunk a munkapult al\u00e1 \u00e9p\u00edthet\u0151 mosogat\u00f3kat. De nem \u00e1rt tudnotok, hogy ezeket a mosogat\u00f3kat kiz\u00e1r\u00f3lag k\u0151 munkapulthoz ( Technistone, Silestone) vagy Corian, illetve Polystone munkalapokhoz aj\u00e1nljuk. Ezekn\u00e9l a pultokn\u00e1l biztos\u00edthat\u00f3 a t\u00f6k\u00e9letes illeszt\u00e9s \u00e9s be\u00e9p\u00edt\u00e9s. Ha hossz\u00fat\u00e1vra tervezel \u00e9s a t\u00f6k\u00e9letesre t\u00f6rekszel, \u00e1llunk rendelkez\u00e9sedre a sz\u00e9les v\u00e1laszt\u00e9kkal, a szak\u00e9rtelemmel \u00e9s a t\u00f6k\u00e9letes kivitelez\u00e9ssel. [&hellip;]\" \/>\n<meta property=\"og:url\" content=\"https:\/\/blancomania.hu\/blog\/alaepitheto-mosogatok-de-mi-ala\/\" \/>\n<meta property=\"og:site_name\" content=\"Blanco M\u00e1nia blog\" \/>\n<meta property=\"article:publisher\" content=\"https:\/\/www.facebook.com\/blancomania\" \/>\n<meta property=\"article:published_time\" content=\"2014-04-22T15:02:56+00:00\" \/>\n<meta property=\"article:modified_time\" content=\"2023-06-02T08:22:08+00:00\" \/>\n<meta property=\"og:image\" content=\"http:\/\/www.blancomania.hu\/blog\/wp-content\/uploads\/2014\/04\/Subline-500-U-300x225.jpeg\" \/>\n<meta name=\"author\" content=\"M\u00e1nia Blanco\" \/>\n<meta name=\"twitter:card\" content=\"summary_large_image\" \/>\n<meta name=\"twitter:label1\" content=\"Szerz\u0151:\" \/>\n\t<meta name=\"twitter:data1\" content=\"M\u00e1nia Blanco\" \/>\n\t<meta name=\"twitter:label2\" content=\"Becs\u00fclt olvas\u00e1si id\u0151\" \/>\n\t<meta name=\"twitter:data2\" content=\"2 perc\" \/>\n<script type=\"application\/ld+json\" class=\"yoast-schema-graph\">{\"@context\":\"https:\\\/\\\/schema.org\",\"@graph\":[{\"@type\":\"Article\",\"@id\":\"https:\\\/\\\/blancomania.hu\\\/blog\\\/alaepitheto-mosogatok-de-mi-ala\\\/#article\",\"isPartOf\":{\"@id\":\"https:\\\/\\\/blancomania.hu\\\/blog\\\/alaepitheto-mosogatok-de-mi-ala\\\/\"},\"author\":{\"name\":\"M\u00e1nia Blanco\",\"@id\":\"https:\\\/\\\/blancomania.hu\\\/blog\\\/#\\\/schema\\\/person\\\/c22e981578e80385e4a15462e64ea77b\"},\"headline\":\"Al\u00e1\u00e9p\u00edthet\u0151 mosogat\u00f3k &#8211; de mi al\u00e1?\",\"datePublished\":\"2014-04-22T15:02:56+00:00\",\"dateModified\":\"2023-06-02T08:22:08+00:00\",\"mainEntityOfPage\":{\"@id\":\"https:\\\/\\\/blancomania.hu\\\/blog\\\/alaepitheto-mosogatok-de-mi-ala\\\/\"},\"wordCount\":443,\"commentCount\":0,\"publisher\":{\"@id\":\"https:\\\/\\\/blancomania.hu\\\/blog\\\/#organization\"},\"image\":{\"@id\":\"https:\\\/\\\/blancomania.hu\\\/blog\\\/alaepitheto-mosogatok-de-mi-ala\\\/#primaryimage\"},\"thumbnailUrl\":\"http:\\\/\\\/www.blancomania.hu\\\/blog\\\/wp-content\\\/uploads\\\/2014\\\/04\\\/Subline-500-U-300x225.jpeg\",\"keywords\":[\"al\u00e1\u00e9p\u00edthet\u0151 mosogat\u00f3\",\"Blanco Alaros\",\"Blanco Subline\",\"pult al\u00e1 \u00e9p\u00edthet\u0151 mosogat\u00f3\"],\"articleSection\":[\"Mosogat\u00f3k\"],\"inLanguage\":\"hu\",\"potentialAction\":[{\"@type\":\"CommentAction\",\"name\":\"Comment\",\"target\":[\"https:\\\/\\\/blancomania.hu\\\/blog\\\/alaepitheto-mosogatok-de-mi-ala\\\/#respond\"]}]},{\"@type\":\"WebPage\",\"@id\":\"https:\\\/\\\/blancomania.hu\\\/blog\\\/alaepitheto-mosogatok-de-mi-ala\\\/\",\"url\":\"https:\\\/\\\/blancomania.hu\\\/blog\\\/alaepitheto-mosogatok-de-mi-ala\\\/\",\"name\":\"Al\u00e1\u00e9p\u00edthet\u0151 mosogat\u00f3k - de mi al\u00e1? - Blanco M\u00e1nia blog\",\"isPartOf\":{\"@id\":\"https:\\\/\\\/blancomania.hu\\\/blog\\\/#website\"},\"primaryImageOfPage\":{\"@id\":\"https:\\\/\\\/blancomania.hu\\\/blog\\\/alaepitheto-mosogatok-de-mi-ala\\\/#primaryimage\"},\"image\":{\"@id\":\"https:\\\/\\\/blancomania.hu\\\/blog\\\/alaepitheto-mosogatok-de-mi-ala\\\/#primaryimage\"},\"thumbnailUrl\":\"http:\\\/\\\/www.blancomania.hu\\\/blog\\\/wp-content\\\/uploads\\\/2014\\\/04\\\/Subline-500-U-300x225.jpeg\",\"datePublished\":\"2014-04-22T15:02:56+00:00\",\"dateModified\":\"2023-06-02T08:22:08+00:00\",\"breadcrumb\":{\"@id\":\"https:\\\/\\\/blancomania.hu\\\/blog\\\/alaepitheto-mosogatok-de-mi-ala\\\/#breadcrumb\"},\"inLanguage\":\"hu\",\"potentialAction\":[{\"@type\":\"ReadAction\",\"target\":[\"https:\\\/\\\/blancomania.hu\\\/blog\\\/alaepitheto-mosogatok-de-mi-ala\\\/\"]}]},{\"@type\":\"ImageObject\",\"inLanguage\":\"hu\",\"@id\":\"https:\\\/\\\/blancomania.hu\\\/blog\\\/alaepitheto-mosogatok-de-mi-ala\\\/#primaryimage\",\"url\":\"http:\\\/\\\/www.blancomania.hu\\\/blog\\\/wp-content\\\/uploads\\\/2014\\\/04\\\/Subline-500-U-300x225.jpeg\",\"contentUrl\":\"http:\\\/\\\/www.blancomania.hu\\\/blog\\\/wp-content\\\/uploads\\\/2014\\\/04\\\/Subline-500-U-300x225.jpeg\"},{\"@type\":\"BreadcrumbList\",\"@id\":\"https:\\\/\\\/blancomania.hu\\\/blog\\\/alaepitheto-mosogatok-de-mi-ala\\\/#breadcrumb\",\"itemListElement\":[{\"@type\":\"ListItem\",\"position\":1,\"name\":\"Kezd\u0151lap\",\"item\":\"https:\\\/\\\/blancomania.hu\\\/blog\\\/\"},{\"@type\":\"ListItem\",\"position\":2,\"name\":\"Al\u00e1\u00e9p\u00edthet\u0151 mosogat\u00f3k &#8211; de mi al\u00e1?\"}]},{\"@type\":\"WebSite\",\"@id\":\"https:\\\/\\\/blancomania.hu\\\/blog\\\/#website\",\"url\":\"https:\\\/\\\/blancomania.hu\\\/blog\\\/\",\"name\":\"Blanco M\u00e1nia\",\"description\":\"Blanco mosogat\u00f3 \u00e9s csaptelep web\u00e1ruh\u00e1z\",\"publisher\":{\"@id\":\"https:\\\/\\\/blancomania.hu\\\/blog\\\/#organization\"},\"potentialAction\":[{\"@type\":\"SearchAction\",\"target\":{\"@type\":\"EntryPoint\",\"urlTemplate\":\"https:\\\/\\\/blancomania.hu\\\/blog\\\/?s={search_term_string}\"},\"query-input\":{\"@type\":\"PropertyValueSpecification\",\"valueRequired\":true,\"valueName\":\"search_term_string\"}}],\"inLanguage\":\"hu\"},{\"@type\":\"Organization\",\"@id\":\"https:\\\/\\\/blancomania.hu\\\/blog\\\/#organization\",\"name\":\"Admir\u00e1l Studio Kft.\",\"url\":\"https:\\\/\\\/blancomania.hu\\\/blog\\\/\",\"logo\":{\"@type\":\"ImageObject\",\"inLanguage\":\"hu\",\"@id\":\"https:\\\/\\\/blancomania.hu\\\/blog\\\/#\\\/schema\\\/logo\\\/image\\\/\",\"url\":\"https:\\\/\\\/blancomania.hu\\\/blog\\\/wp-content\\\/uploads\\\/2023\\\/05\\\/logokek1-.png\",\"contentUrl\":\"https:\\\/\\\/blancomania.hu\\\/blog\\\/wp-content\\\/uploads\\\/2023\\\/05\\\/logokek1-.png\",\"width\":270,\"height\":45,\"caption\":\"Admir\u00e1l Studio Kft.\"},\"image\":{\"@id\":\"https:\\\/\\\/blancomania.hu\\\/blog\\\/#\\\/schema\\\/logo\\\/image\\\/\"},\"sameAs\":[\"https:\\\/\\\/www.facebook.com\\\/blancomania\",\"https:\\\/\\\/www.instagram.com\\\/admiral_studio\\\/\",\"https:\\\/\\\/www.youtube.com\\\/user\\\/AdmiralStudio\"]},{\"@type\":\"Person\",\"@id\":\"https:\\\/\\\/blancomania.hu\\\/blog\\\/#\\\/schema\\\/person\\\/c22e981578e80385e4a15462e64ea77b\",\"name\":\"M\u00e1nia Blanco\",\"image\":{\"@type\":\"ImageObject\",\"inLanguage\":\"hu\",\"@id\":\"https:\\\/\\\/secure.gravatar.com\\\/avatar\\\/2914c4f52946fbd7b006e423c11fe06f7f3867a87e3ad6ea5eb4cddd95c40476?s=96&d=mm&r=g\",\"url\":\"https:\\\/\\\/secure.gravatar.com\\\/avatar\\\/2914c4f52946fbd7b006e423c11fe06f7f3867a87e3ad6ea5eb4cddd95c40476?s=96&d=mm&r=g\",\"contentUrl\":\"https:\\\/\\\/secure.gravatar.com\\\/avatar\\\/2914c4f52946fbd7b006e423c11fe06f7f3867a87e3ad6ea5eb4cddd95c40476?s=96&d=mm&r=g\",\"caption\":\"M\u00e1nia Blanco\"},\"url\":\"https:\\\/\\\/blancomania.hu\\\/blog\\\/author\\\/blancomania\\\/\"}]}<\/script>\n<!-- \/ Yoast SEO plugin. -->","yoast_head_json":{"title":"Al\u00e1\u00e9p\u00edthet\u0151 mosogat\u00f3k - de mi al\u00e1? - Blanco M\u00e1nia blog","robots":{"index":"index","follow":"follow","max-snippet":"max-snippet:-1","max-image-preview":"max-image-preview:large","max-video-preview":"max-video-preview:-1"},"canonical":"https:\/\/blancomania.hu\/blog\/alaepitheto-mosogatok-de-mi-ala\/","og_locale":"hu_HU","og_type":"article","og_title":"Al\u00e1\u00e9p\u00edthet\u0151 mosogat\u00f3k - de mi al\u00e1? - Blanco M\u00e1nia blog","og_description":"Sokan keresitek n\u00e1lunk a munkapult al\u00e1 \u00e9p\u00edthet\u0151 mosogat\u00f3kat. De nem \u00e1rt tudnotok, hogy ezeket a mosogat\u00f3kat kiz\u00e1r\u00f3lag k\u0151 munkapulthoz ( Technistone, Silestone) vagy Corian, illetve Polystone munkalapokhoz aj\u00e1nljuk. Ezekn\u00e9l a pultokn\u00e1l biztos\u00edthat\u00f3 a t\u00f6k\u00e9letes illeszt\u00e9s \u00e9s be\u00e9p\u00edt\u00e9s. Ha hossz\u00fat\u00e1vra tervezel \u00e9s a t\u00f6k\u00e9letesre t\u00f6rekszel, \u00e1llunk rendelkez\u00e9sedre a sz\u00e9les v\u00e1laszt\u00e9kkal, a szak\u00e9rtelemmel \u00e9s a t\u00f6k\u00e9letes kivitelez\u00e9ssel. [&hellip;]","og_url":"https:\/\/blancomania.hu\/blog\/alaepitheto-mosogatok-de-mi-ala\/","og_site_name":"Blanco M\u00e1nia blog","article_publisher":"https:\/\/www.facebook.com\/blancomania","article_published_time":"2014-04-22T15:02:56+00:00","article_modified_time":"2023-06-02T08:22:08+00:00","og_image":[{"url":"http:\/\/www.blancomania.hu\/blog\/wp-content\/uploads\/2014\/04\/Subline-500-U-300x225.jpeg","type":"","width":"","height":""}],"author":"M\u00e1nia Blanco","twitter_card":"summary_large_image","twitter_misc":{"Szerz\u0151:":"M\u00e1nia Blanco","Becs\u00fclt olvas\u00e1si id\u0151":"2 perc"},"schema":{"@context":"https:\/\/schema.org","@graph":[{"@type":"Article","@id":"https:\/\/blancomania.hu\/blog\/alaepitheto-mosogatok-de-mi-ala\/#article","isPartOf":{"@id":"https:\/\/blancomania.hu\/blog\/alaepitheto-mosogatok-de-mi-ala\/"},"author":{"name":"M\u00e1nia Blanco","@id":"https:\/\/blancomania.hu\/blog\/#\/schema\/person\/c22e981578e80385e4a15462e64ea77b"},"headline":"Al\u00e1\u00e9p\u00edthet\u0151 mosogat\u00f3k &#8211; de mi al\u00e1?","datePublished":"2014-04-22T15:02:56+00:00","dateModified":"2023-06-02T08:22:08+00:00","mainEntityOfPage":{"@id":"https:\/\/blancomania.hu\/blog\/alaepitheto-mosogatok-de-mi-ala\/"},"wordCount":443,"commentCount":0,"publisher":{"@id":"https:\/\/blancomania.hu\/blog\/#organization"},"image":{"@id":"https:\/\/blancomania.hu\/blog\/alaepitheto-mosogatok-de-mi-ala\/#primaryimage"},"thumbnailUrl":"http:\/\/www.blancomania.hu\/blog\/wp-content\/uploads\/2014\/04\/Subline-500-U-300x225.jpeg","keywords":["al\u00e1\u00e9p\u00edthet\u0151 mosogat\u00f3","Blanco Alaros","Blanco Subline","pult al\u00e1 \u00e9p\u00edthet\u0151 mosogat\u00f3"],"articleSection":["Mosogat\u00f3k"],"inLanguage":"hu","potentialAction":[{"@type":"CommentAction","name":"Comment","target":["https:\/\/blancomania.hu\/blog\/alaepitheto-mosogatok-de-mi-ala\/#respond"]}]},{"@type":"WebPage","@id":"https:\/\/blancomania.hu\/blog\/alaepitheto-mosogatok-de-mi-ala\/","url":"https:\/\/blancomania.hu\/blog\/alaepitheto-mosogatok-de-mi-ala\/","name":"Al\u00e1\u00e9p\u00edthet\u0151 mosogat\u00f3k - de mi al\u00e1? - Blanco M\u00e1nia blog","isPartOf":{"@id":"https:\/\/blancomania.hu\/blog\/#website"},"primaryImageOfPage":{"@id":"https:\/\/blancomania.hu\/blog\/alaepitheto-mosogatok-de-mi-ala\/#primaryimage"},"image":{"@id":"https:\/\/blancomania.hu\/blog\/alaepitheto-mosogatok-de-mi-ala\/#primaryimage"},"thumbnailUrl":"http:\/\/www.blancomania.hu\/blog\/wp-content\/uploads\/2014\/04\/Subline-500-U-300x225.jpeg","datePublished":"2014-04-22T15:02:56+00:00","dateModified":"2023-06-02T08:22:08+00:00","breadcrumb":{"@id":"https:\/\/blancomania.hu\/blog\/alaepitheto-mosogatok-de-mi-ala\/#breadcrumb"},"inLanguage":"hu","potentialAction":[{"@type":"ReadAction","target":["https:\/\/blancomania.hu\/blog\/alaepitheto-mosogatok-de-mi-ala\/"]}]},{"@type":"ImageObject","inLanguage":"hu","@id":"https:\/\/blancomania.hu\/blog\/alaepitheto-mosogatok-de-mi-ala\/#primaryimage","url":"http:\/\/www.blancomania.hu\/blog\/wp-content\/uploads\/2014\/04\/Subline-500-U-300x225.jpeg","contentUrl":"http:\/\/www.blancomania.hu\/blog\/wp-content\/uploads\/2014\/04\/Subline-500-U-300x225.jpeg"},{"@type":"BreadcrumbList","@id":"https:\/\/blancomania.hu\/blog\/alaepitheto-mosogatok-de-mi-ala\/#breadcrumb","itemListElement":[{"@type":"ListItem","position":1,"name":"Kezd\u0151lap","item":"https:\/\/blancomania.hu\/blog\/"},{"@type":"ListItem","position":2,"name":"Al\u00e1\u00e9p\u00edthet\u0151 mosogat\u00f3k &#8211; de mi al\u00e1?"}]},{"@type":"WebSite","@id":"https:\/\/blancomania.hu\/blog\/#website","url":"https:\/\/blancomania.hu\/blog\/","name":"Blanco M\u00e1nia","description":"Blanco mosogat\u00f3 \u00e9s csaptelep web\u00e1ruh\u00e1z","publisher":{"@id":"https:\/\/blancomania.hu\/blog\/#organization"},"potentialAction":[{"@type":"SearchAction","target":{"@type":"EntryPoint","urlTemplate":"https:\/\/blancomania.hu\/blog\/?s={search_term_string}"},"query-input":{"@type":"PropertyValueSpecification","valueRequired":true,"valueName":"search_term_string"}}],"inLanguage":"hu"},{"@type":"Organization","@id":"https:\/\/blancomania.hu\/blog\/#organization","name":"Admir\u00e1l Studio Kft.","url":"https:\/\/blancomania.hu\/blog\/","logo":{"@type":"ImageObject","inLanguage":"hu","@id":"https:\/\/blancomania.hu\/blog\/#\/schema\/logo\/image\/","url":"https:\/\/blancomania.hu\/blog\/wp-content\/uploads\/2023\/05\/logokek1-.png","contentUrl":"https:\/\/blancomania.hu\/blog\/wp-content\/uploads\/2023\/05\/logokek1-.png","width":270,"height":45,"caption":"Admir\u00e1l Studio Kft."},"image":{"@id":"https:\/\/blancomania.hu\/blog\/#\/schema\/logo\/image\/"},"sameAs":["https:\/\/www.facebook.com\/blancomania","https:\/\/www.instagram.com\/admiral_studio\/","https:\/\/www.youtube.com\/user\/AdmiralStudio"]},{"@type":"Person","@id":"https:\/\/blancomania.hu\/blog\/#\/schema\/person\/c22e981578e80385e4a15462e64ea77b","name":"M\u00e1nia Blanco","image":{"@type":"ImageObject","inLanguage":"hu","@id":"https:\/\/secure.gravatar.com\/avatar\/2914c4f52946fbd7b006e423c11fe06f7f3867a87e3ad6ea5eb4cddd95c40476?s=96&d=mm&r=g","url":"https:\/\/secure.gravatar.com\/avatar\/2914c4f52946fbd7b006e423c11fe06f7f3867a87e3ad6ea5eb4cddd95c40476?s=96&d=mm&r=g","contentUrl":"https:\/\/secure.gravatar.com\/avatar\/2914c4f52946fbd7b006e423c11fe06f7f3867a87e3ad6ea5eb4cddd95c40476?s=96&d=mm&r=g","caption":"M\u00e1nia Blanco"},"url":"https:\/\/blancomania.hu\/blog\/author\/blancomania\/"}]}},"_links":{"self":[{"href":"https:\/\/blancomania.hu\/blog\/wp-json\/wp\/v2\/posts\/208","targetHints":{"allow":["GET"]}}],"collection":[{"href":"https:\/\/blancomania.hu\/blog\/wp-json\/wp\/v2\/posts"}],"about":[{"href":"https:\/\/blancomania.hu\/blog\/wp-json\/wp\/v2\/types\/post"}],"author":[{"embeddable":true,"href":"https:\/\/blancomania.hu\/blog\/wp-json\/wp\/v2\/users\/2"}],"replies":[{"embeddable":true,"href":"https:\/\/blancomania.hu\/blog\/wp-json\/wp\/v2\/comments?post=208"}],"version-history":[{"count":0,"href":"https:\/\/blancomania.hu\/blog\/wp-json\/wp\/v2\/posts\/208\/revisions"}],"wp:attachment":[{"href":"https:\/\/blancomania.hu\/blog\/wp-json\/wp\/v2\/media?parent=208"}],"wp:term":[{"taxonomy":"category","embeddable":true,"href":"https:\/\/blancomania.hu\/blog\/wp-json\/wp\/v2\/categories?post=208"},{"taxonomy":"post_tag","embeddable":true,"href":"https:\/\/blancomania.hu\/blog\/wp-json\/wp\/v2\/tags?post=208"}],"curies":[{"name":"wp","href":"https:\/\/api.w.org\/{rel}","templated":true}]}}