{"id":1023,"date":"2018-07-11T15:03:13","date_gmt":"2018-07-11T13:03:13","guid":{"rendered":"http:\/\/www.blancomania.hu\/blog\/?p=1023"},"modified":"2023-06-14T11:06:08","modified_gmt":"2023-06-14T09:06:08","slug":"milyen-szinu-legyen-a-blanco-mosogato","status":"publish","type":"post","link":"https:\/\/blancomania.hu\/blog\/milyen-szinu-legyen-a-blanco-mosogato\/","title":{"rendered":"Milyen sz\u00edn\u0171 legyen a Blanco mosogat\u00f3?"},"content":{"rendered":"<p style=\"text-align: justify;\">Ezt a k\u00e9rd\u00e9st Neked kell eld\u00f6nteni.<\/p>\n<p style=\"text-align: justify;\">\u00c9ppen most ment el egy \u00e9rdekl\u0151d\u0151, aki megk\u00e9rdezte t\u0151lem, hogy milyen sz\u00edn\u0171 legyen a <strong>Blanco silgr\u00e1nit mosogat\u00f3ja.<\/strong> Mert mindenk\u00e9ppen Blanco mosogat\u00f3t szeretne, de nem tudja milyen sz\u00edn\u0171t v\u00e1lasszon.<\/p>\n<p style=\"text-align: justify;\">Ha seg\u00edts\u00e9get k\u00e9rsz, sz\u00edvesen seg\u00edt\u00fcnk. De tudnunk kell, hogy milyen anyagb\u00f3l \u00e9s sz\u00ednekb\u0151l \u00e1ll \u00f6ssze a konyhab\u00fatorod.<\/p>\n<ul style=\"text-align: justify;\">\n<li>milyen sz\u00edn\u0171 a front<\/li>\n<li>milyen sz\u00edn\u0171 a munkalap \u00e9s milyen anyagb\u00f3l k\u00e9sz\u00fcl<\/li>\n<li>milyen csempe vagy falburkolat ker\u00fcl az als\u00f3 \u00e9s a fels\u0151 elemek k\u00f6z\u00e9<\/li>\n<\/ul>\n<p style=\"text-align: justify;\">A mostani \u00e9rdekl\u0151d\u0151 k\u00e9t inform\u00e1ci\u00f3t tudott adni.<\/p>\n<ul style=\"text-align: justify;\">\n<li>&nbsp; feh\u00e9r lesz a b\u00fatorfront<\/li>\n<li>z\u00f6ld sz\u00edn\u0171 lesz a csempe<\/li>\n<\/ul>\n<p style=\"text-align: justify;\">Munkalapot m\u00e9g nem v\u00e1lasztott, az lehet hogy z\u00f6ld lesz, vagy valamilyen sz\u00ednes. S\u00e1rga? K\u00e9k? Barna? Ezt nem tudta megmondani. \u00cdgy nem tudunk mi sem sz\u00ednt aj\u00e1nlani.<\/p>\n<p style=\"text-align: justify;\">A fenti sz\u00ednekhez alapb\u00f3l a <strong>Blanco antracit mosogat\u00f3t<\/strong> aj\u00e1nlottam, mert a z\u00f6ld el\u00e9g meghat\u00e1roz\u00f3 sz\u00edn \u00e9s a ker\u00e1mia f\u0151z\u0151lap sz\u00edne is fekete. Ebben az esetben a v\u00edzszintes fel\u00fcleten ( munkalap) k\u00e9t fekete sz\u00edn jelenik meg. Az \u00e9rdekl\u0151d\u0151nknek az antracit nem tetszik. lehet m\u00e9g a feh\u00e9r silgr\u00e1nitban is gondolkodni, de feh\u00e9ret pedig a f\u00e9rje nem szeretne.<\/p>\n<p style=\"text-align: justify;\">Hogy mit szeretn\u00e9l, azt Neked kell eld\u00f6nteni v\u00e9g\u00fcl, mert mi nem ismerj\u00fck a lak\u00e1s\/konyha hangulat\u00e1t, a kieg\u00e9sz\u00edt\u0151ket.<\/p>\n<p style=\"text-align: justify;\">Sz\u00f3val 10 silgr\u00e1nit sz\u00ednb\u0151l v\u00e1laszthatsz a <strong>Blanco mosogat\u00f3k<\/strong> k\u00f6z\u00fcl.<\/p>\n<p style=\"text-align: justify;\"><strong>Blanco gr\u00e1nit mosogat\u00f3 sz\u00ednek:<\/strong> antracit, feh\u00e9r, k\u00e1v\u00e9, alumet\u00e1l, j\u00e1zmin, tartufo, muskat, palasz\u00fcrkegy\u00f6ngysz\u00fcrke \u00e9s pezsg\u0151<\/p>\n<p style=\"text-align: justify;\">T\u00f6rekedj a harm\u00f3ni\u00e1ra, az \u00f6sszhangra. Ha \u00f6nmag\u00e1ban tetszik p\u00e9ld\u00e1ul a muskat sz\u00edn\u0171 mosogat\u00f3, az nem biztos, hogy illik majd a kiv\u00e1lasztott munkalaphoz\/csemp\u00e9hez \u00e9s front sz\u00ednekhez.<\/p>\n<figure id=\"attachment_1016\" aria-describedby=\"caption-attachment-1016\" style=\"width: 300px\" class=\"wp-caption aligncenter\"><a href=\"http:\/\/www.blancomania.hu\/blog\/wp-content\/uploads\/2018\/03\/Blanco-Elon-45S-j\u00e1zmin.jpg\"><img fetchpriority=\"high\" decoding=\"async\" class=\"size-medium wp-image-1016\" src=\"http:\/\/www.blancomania.hu\/blog\/wp-content\/uploads\/2018\/03\/Blanco-Elon-45S-j\u00e1zmin-300x208.jpg\" alt=\"Blanco Elon 45 S - j\u00e1zmin mosogat\u00f3\" width=\"300\" height=\"208\" srcset=\"https:\/\/blancomania.hu\/blog\/wp-content\/uploads\/2018\/03\/Blanco-Elon-45S-j\u00e1zmin-300x208.jpg 300w, https:\/\/blancomania.hu\/blog\/wp-content\/uploads\/2018\/03\/Blanco-Elon-45S-j\u00e1zmin-624x434.jpg 624w, https:\/\/blancomania.hu\/blog\/wp-content\/uploads\/2018\/03\/Blanco-Elon-45S-j\u00e1zmin.jpg 632w\" sizes=\"(max-width: 300px) 100vw, 300px\" \/><\/a><figcaption id=\"caption-attachment-1016\" class=\"wp-caption-text\">Blanco Elon 45 S &#8211; j\u00e1zmin mosogat\u00f3<\/figcaption><\/figure>\n<figure id=\"attachment_1017\" aria-describedby=\"caption-attachment-1017\" style=\"width: 300px\" class=\"wp-caption aligncenter\"><a href=\"http:\/\/www.blancomania.hu\/blog\/wp-content\/uploads\/2018\/03\/Blanco-Elon-XL6S.jpg\"><img decoding=\"async\" class=\"size-medium wp-image-1017\" src=\"http:\/\/www.blancomania.hu\/blog\/wp-content\/uploads\/2018\/03\/Blanco-Elon-XL6S-300x166.jpg\" alt=\"Blanco Elon XL 6 S palasz\u00fcrke mosogat\u00f3\" width=\"300\" height=\"166\"><\/a><figcaption id=\"caption-attachment-1017\" class=\"wp-caption-text\">Blanco Elon XL 6 S palasz\u00fcrke mosogat\u00f3<\/figcaption><\/figure>\n<figure id=\"attachment_985\" aria-describedby=\"caption-attachment-985\" style=\"width: 300px\" class=\"wp-caption aligncenter\"><a href=\"http:\/\/www.blancomania.hu\/blog\/wp-content\/uploads\/2018\/02\/Zenar-bazalt.jpg\"><img decoding=\"async\" class=\"size-medium wp-image-985\" src=\"http:\/\/www.blancomania.hu\/blog\/wp-content\/uploads\/2018\/02\/Zenar-bazalt-300x225.jpg\" alt=\"Blanco Zenar bazalt - ker\u00e1mia mosogat\u00f3\" width=\"300\" height=\"225\" srcset=\"https:\/\/blancomania.hu\/blog\/wp-content\/uploads\/2018\/02\/Zenar-bazalt-300x225.jpg 300w, https:\/\/blancomania.hu\/blog\/wp-content\/uploads\/2018\/02\/Zenar-bazalt.jpg 500w\" sizes=\"(max-width: 300px) 100vw, 300px\" \/><\/a><figcaption id=\"caption-attachment-985\" class=\"wp-caption-text\">Blanco Zenar bazalt &#8211; ker\u00e1mia mosogat\u00f3<\/figcaption><\/figure>\n<figure id=\"attachment_984\" aria-describedby=\"caption-attachment-984\" style=\"width: 300px\" class=\"wp-caption aligncenter\"><a href=\"http:\/\/www.blancomania.hu\/blog\/wp-content\/uploads\/2018\/02\/Zenar-xl6S-magn\u00f3lia.jpg\"><img loading=\"lazy\" decoding=\"async\" class=\"size-medium wp-image-984\" src=\"http:\/\/www.blancomania.hu\/blog\/wp-content\/uploads\/2018\/02\/Zenar-xl6S-magn\u00f3lia-300x208.jpg\" alt=\"Blanco zenar XL6 S - magn\u00f3lia szn\u0171 ker\u00e1mia mosogat\u00f3\" width=\"300\" height=\"208\" srcset=\"https:\/\/blancomania.hu\/blog\/wp-content\/uploads\/2018\/02\/Zenar-xl6S-magn\u00f3lia-300x208.jpg 300w, https:\/\/blancomania.hu\/blog\/wp-content\/uploads\/2018\/02\/Zenar-xl6S-magn\u00f3lia.jpg 500w\" sizes=\"(max-width: 300px) 100vw, 300px\" \/><\/a><figcaption id=\"caption-attachment-984\" class=\"wp-caption-text\">Blanco zenar XL6 S &#8211; magn\u00f3lia szn\u0171 ker\u00e1mia mosogat\u00f3<\/figcaption><\/figure>\n<figure id=\"attachment_913\" aria-describedby=\"caption-attachment-913\" style=\"width: 300px\" class=\"wp-caption aligncenter\"><a href=\"http:\/\/www.blancomania.hu\/blog\/wp-content\/uploads\/2017\/10\/metra-9E-silgranit-mosogato.jpg\"><img loading=\"lazy\" decoding=\"async\" class=\"size-medium wp-image-913\" src=\"http:\/\/www.blancomania.hu\/blog\/wp-content\/uploads\/2017\/10\/metra-9E-silgranit-mosogato-300x208.jpg\" alt=\"Ham\u00e1r sarokmosogat\u00f3, akkor a Metra 9E j\u00f3 v\u00e1laszt\u00e1s\" width=\"300\" height=\"208\" srcset=\"https:\/\/blancomania.hu\/blog\/wp-content\/uploads\/2017\/10\/metra-9E-silgranit-mosogato-300x208.jpg 300w, https:\/\/blancomania.hu\/blog\/wp-content\/uploads\/2017\/10\/metra-9E-silgranit-mosogato.jpg 500w\" sizes=\"(max-width: 300px) 100vw, 300px\" \/><\/a><figcaption id=\"caption-attachment-913\" class=\"wp-caption-text\">Ham\u00e1r sarokmosogat\u00f3, akkor a Metra 9E j\u00f3 v\u00e1laszt\u00e1s<\/figcaption><\/figure>\n<figure id=\"attachment_910\" aria-describedby=\"caption-attachment-910\" style=\"width: 300px\" class=\"wp-caption aligncenter\"><a href=\"http:\/\/www.blancomania.hu\/blog\/wp-content\/uploads\/2017\/10\/Blanco_delta_keramia_mosogato.jpg\"><img loading=\"lazy\" decoding=\"async\" class=\"size-medium wp-image-910\" src=\"http:\/\/www.blancomania.hu\/blog\/wp-content\/uploads\/2017\/10\/Blanco_delta_keramia_mosogato-300x208.jpg\" alt=\"Blanco delta sarokmosogat\u00f3 ker\u00e1mi\u00e1b\u00f3l\" width=\"300\" height=\"208\" srcset=\"https:\/\/blancomania.hu\/blog\/wp-content\/uploads\/2017\/10\/Blanco_delta_keramia_mosogato-300x208.jpg 300w, https:\/\/blancomania.hu\/blog\/wp-content\/uploads\/2017\/10\/Blanco_delta_keramia_mosogato.jpg 500w\" sizes=\"(max-width: 300px) 100vw, 300px\" \/><\/a><figcaption id=\"caption-attachment-910\" class=\"wp-caption-text\">Blanco delta sarokmosogat\u00f3 ker\u00e1mi\u00e1b\u00f3l<\/figcaption><\/figure>\n<figure id=\"attachment_797\" aria-describedby=\"caption-attachment-797\" style=\"width: 300px\" class=\"wp-caption aligncenter\"><a href=\"http:\/\/www.blancomania.hu\/blog\/wp-content\/uploads\/2017\/08\/BLANCO_PLEON_9_SILGRANIT.jpg\"><img loading=\"lazy\" decoding=\"async\" class=\"size-medium wp-image-797\" src=\"http:\/\/www.blancomania.hu\/blog\/wp-content\/uploads\/2017\/08\/BLANCO_PLEON_9_SILGRANIT-300x168.jpg\" alt=\"Blanco Pleon 9 antracit k\u00e9tmedenc\u00e9s mosogat\u00f3\" width=\"300\" height=\"168\" srcset=\"https:\/\/blancomania.hu\/blog\/wp-content\/uploads\/2017\/08\/BLANCO_PLEON_9_SILGRANIT-300x168.jpg 300w, https:\/\/blancomania.hu\/blog\/wp-content\/uploads\/2017\/08\/BLANCO_PLEON_9_SILGRANIT-624x350.jpg 624w, https:\/\/blancomania.hu\/blog\/wp-content\/uploads\/2017\/08\/BLANCO_PLEON_9_SILGRANIT.jpg 755w\" sizes=\"(max-width: 300px) 100vw, 300px\" \/><\/a><figcaption id=\"caption-attachment-797\" class=\"wp-caption-text\">Blanco Pleon 9 antracit k\u00e9tmedenc\u00e9s mosogat\u00f3<\/figcaption><\/figure>\n<figure id=\"attachment_741\" aria-describedby=\"caption-attachment-741\" style=\"width: 300px\" class=\"wp-caption aligncenter\"><a href=\"http:\/\/www.blancomania.hu\/blog\/wp-content\/uploads\/2017\/04\/Idento-6S-IF-szintbe-\u00e9p\u00edthet\u0151.jpg\"><img loading=\"lazy\" decoding=\"async\" class=\"size-medium wp-image-741\" src=\"http:\/\/www.blancomania.hu\/blog\/wp-content\/uploads\/2017\/04\/Idento-6S-IF-szintbe-\u00e9p\u00edthet\u0151-300x208.jpg\" alt=\"Munkalap szintbe \u00e9p\u00edthet\u0151 ker\u00e1mia mosogat\u00f3 Idento XL6S\" width=\"300\" height=\"208\" srcset=\"https:\/\/blancomania.hu\/blog\/wp-content\/uploads\/2017\/04\/Idento-6S-IF-szintbe-\u00e9p\u00edthet\u0151-300x208.jpg 300w, https:\/\/blancomania.hu\/blog\/wp-content\/uploads\/2017\/04\/Idento-6S-IF-szintbe-\u00e9p\u00edthet\u0151.jpg 500w\" sizes=\"(max-width: 300px) 100vw, 300px\" \/><\/a><figcaption id=\"caption-attachment-741\" class=\"wp-caption-text\">Munkalap szintbe \u00e9p\u00edthet\u0151 ker\u00e1mia mosogat\u00f3 Idento XL6S<\/figcaption><\/figure>\n<figure id=\"attachment_571\" aria-describedby=\"caption-attachment-571\" style=\"width: 300px\" class=\"wp-caption aligncenter\"><a href=\"http:\/\/www.blancomania.hu\/blog\/wp-content\/uploads\/2015\/10\/elon.jpeg\"><img loading=\"lazy\" decoding=\"async\" class=\"size-medium wp-image-571\" src=\"http:\/\/www.blancomania.hu\/blog\/wp-content\/uploads\/2015\/10\/elon-300x208.jpeg\" alt=\"Blanco ELON XL6S - eleg\u00e1ns rozsdamentes csepegtet\u0151vel\" width=\"300\" height=\"208\" srcset=\"https:\/\/blancomania.hu\/blog\/wp-content\/uploads\/2015\/10\/elon-300x208.jpeg 300w, https:\/\/blancomania.hu\/blog\/wp-content\/uploads\/2015\/10\/elon.jpeg 500w\" sizes=\"(max-width: 300px) 100vw, 300px\" \/><\/a><figcaption id=\"caption-attachment-571\" class=\"wp-caption-text\">Blanco ELON XL6S &#8211; eleg\u00e1ns rozsdamentes csepegtet\u0151vel<\/figcaption><\/figure>\n<p>N\u00e9zz be&nbsp; Budapest legnagyobb<strong> Blanco Bemutat\u00f3terem\u00e9be. 1013 Budapest, Attila \u00fat 37.<\/strong><\/p>\n<p>&nbsp;<\/p>\n","protected":false},"excerpt":{"rendered":"<p>Ezt a k\u00e9rd\u00e9st Neked kell eld\u00f6nteni. \u00c9ppen most ment el egy \u00e9rdekl\u0151d\u0151, aki megk\u00e9rdezte t\u0151lem, hogy milyen sz\u00edn\u0171 legyen a Blanco silgr\u00e1nit mosogat\u00f3ja. Mert mindenk\u00e9ppen Blanco mosogat\u00f3t szeretne, de nem tudja milyen sz\u00edn\u0171t v\u00e1lasszon. Ha seg\u00edts\u00e9get k\u00e9rsz, sz\u00edvesen seg\u00edt\u00fcnk. De tudnunk kell, hogy milyen anyagb\u00f3l \u00e9s sz\u00ednekb\u0151l \u00e1ll \u00f6ssze a konyhab\u00fatorod. milyen sz\u00edn\u0171 a front [&hellip;]<\/p>\n","protected":false},"author":2,"featured_media":2274,"comment_status":"closed","ping_status":"open","sticky":false,"template":"","format":"standard","meta":{"footnotes":""},"categories":[249],"tags":[4,11,179,2,180],"class_list":["post-1023","post","type-post","status-publish","format-standard","has-post-thumbnail","hentry","category-mosogatok","tag-blanco","tag-blanco-mosogato","tag-blanco-silgranit","tag-granit-mosogato","tag-mosogato-szine"],"yoast_head":"<!-- This site is optimized with the Yoast SEO plugin v27.4 - https:\/\/yoast.com\/product\/yoast-seo-wordpress\/ -->\n<title>Milyen sz\u00edn\u0171 legyen a Blanco mosogat\u00f3? - Blanco M\u00e1nia blog<\/title>\n<meta name=\"robots\" content=\"index, follow, max-snippet:-1, max-image-preview:large, max-video-preview:-1\" \/>\n<link rel=\"canonical\" href=\"https:\/\/blancomania.hu\/blog\/milyen-szinu-legyen-a-blanco-mosogato\/\" \/>\n<meta property=\"og:locale\" content=\"hu_HU\" \/>\n<meta property=\"og:type\" content=\"article\" \/>\n<meta property=\"og:title\" content=\"Milyen sz\u00edn\u0171 legyen a Blanco mosogat\u00f3? - Blanco M\u00e1nia blog\" \/>\n<meta property=\"og:description\" content=\"Ezt a k\u00e9rd\u00e9st Neked kell eld\u00f6nteni. \u00c9ppen most ment el egy \u00e9rdekl\u0151d\u0151, aki megk\u00e9rdezte t\u0151lem, hogy milyen sz\u00edn\u0171 legyen a Blanco silgr\u00e1nit mosogat\u00f3ja. Mert mindenk\u00e9ppen Blanco mosogat\u00f3t szeretne, de nem tudja milyen sz\u00edn\u0171t v\u00e1lasszon. Ha seg\u00edts\u00e9get k\u00e9rsz, sz\u00edvesen seg\u00edt\u00fcnk. De tudnunk kell, hogy milyen anyagb\u00f3l \u00e9s sz\u00ednekb\u0151l \u00e1ll \u00f6ssze a konyhab\u00fatorod. milyen sz\u00edn\u0171 a front [&hellip;]\" \/>\n<meta property=\"og:url\" content=\"https:\/\/blancomania.hu\/blog\/milyen-szinu-legyen-a-blanco-mosogato\/\" \/>\n<meta property=\"og:site_name\" content=\"Blanco M\u00e1nia blog\" \/>\n<meta property=\"article:publisher\" content=\"https:\/\/www.facebook.com\/blancomania\" \/>\n<meta property=\"article:published_time\" content=\"2018-07-11T13:03:13+00:00\" \/>\n<meta property=\"article:modified_time\" content=\"2023-06-14T09:06:08+00:00\" \/>\n<meta property=\"og:image\" content=\"https:\/\/blancomania.hu\/blog\/wp-content\/uploads\/2018\/03\/elon-8-s-silgranit.-.jpg\" \/>\n\t<meta property=\"og:image:width\" content=\"700\" \/>\n\t<meta property=\"og:image:height\" content=\"390\" \/>\n\t<meta property=\"og:image:type\" content=\"image\/jpeg\" \/>\n<meta name=\"author\" content=\"M\u00e1nia Blanco\" \/>\n<meta name=\"twitter:card\" content=\"summary_large_image\" \/>\n<meta name=\"twitter:label1\" content=\"Szerz\u0151:\" \/>\n\t<meta name=\"twitter:data1\" content=\"M\u00e1nia Blanco\" \/>\n\t<meta name=\"twitter:label2\" content=\"Becs\u00fclt olvas\u00e1si id\u0151\" \/>\n\t<meta name=\"twitter:data2\" content=\"2 perc\" \/>\n<script type=\"application\/ld+json\" class=\"yoast-schema-graph\">{\"@context\":\"https:\\\/\\\/schema.org\",\"@graph\":[{\"@type\":\"Article\",\"@id\":\"https:\\\/\\\/blancomania.hu\\\/blog\\\/milyen-szinu-legyen-a-blanco-mosogato\\\/#article\",\"isPartOf\":{\"@id\":\"https:\\\/\\\/blancomania.hu\\\/blog\\\/milyen-szinu-legyen-a-blanco-mosogato\\\/\"},\"author\":{\"name\":\"M\u00e1nia Blanco\",\"@id\":\"https:\\\/\\\/blancomania.hu\\\/blog\\\/#\\\/schema\\\/person\\\/c22e981578e80385e4a15462e64ea77b\"},\"headline\":\"Milyen sz\u00edn\u0171 legyen a Blanco mosogat\u00f3?\",\"datePublished\":\"2018-07-11T13:03:13+00:00\",\"dateModified\":\"2023-06-14T09:06:08+00:00\",\"mainEntityOfPage\":{\"@id\":\"https:\\\/\\\/blancomania.hu\\\/blog\\\/milyen-szinu-legyen-a-blanco-mosogato\\\/\"},\"wordCount\":506,\"publisher\":{\"@id\":\"https:\\\/\\\/blancomania.hu\\\/blog\\\/#organization\"},\"image\":{\"@id\":\"https:\\\/\\\/blancomania.hu\\\/blog\\\/milyen-szinu-legyen-a-blanco-mosogato\\\/#primaryimage\"},\"thumbnailUrl\":\"https:\\\/\\\/blancomania.hu\\\/blog\\\/wp-content\\\/uploads\\\/2018\\\/03\\\/elon-8-s-silgranit.-.jpg\",\"keywords\":[\"Blanco\",\"Blanco mosogat\u00f3\",\"Blanco silgr\u00e1nit\",\"gr\u00e1nit mosogat\u00f3\",\"mosogat\u00f3 sz\u00edne\"],\"articleSection\":[\"Mosogat\u00f3k\"],\"inLanguage\":\"hu\"},{\"@type\":\"WebPage\",\"@id\":\"https:\\\/\\\/blancomania.hu\\\/blog\\\/milyen-szinu-legyen-a-blanco-mosogato\\\/\",\"url\":\"https:\\\/\\\/blancomania.hu\\\/blog\\\/milyen-szinu-legyen-a-blanco-mosogato\\\/\",\"name\":\"Milyen sz\u00edn\u0171 legyen a Blanco mosogat\u00f3? - Blanco M\u00e1nia blog\",\"isPartOf\":{\"@id\":\"https:\\\/\\\/blancomania.hu\\\/blog\\\/#website\"},\"primaryImageOfPage\":{\"@id\":\"https:\\\/\\\/blancomania.hu\\\/blog\\\/milyen-szinu-legyen-a-blanco-mosogato\\\/#primaryimage\"},\"image\":{\"@id\":\"https:\\\/\\\/blancomania.hu\\\/blog\\\/milyen-szinu-legyen-a-blanco-mosogato\\\/#primaryimage\"},\"thumbnailUrl\":\"https:\\\/\\\/blancomania.hu\\\/blog\\\/wp-content\\\/uploads\\\/2018\\\/03\\\/elon-8-s-silgranit.-.jpg\",\"datePublished\":\"2018-07-11T13:03:13+00:00\",\"dateModified\":\"2023-06-14T09:06:08+00:00\",\"breadcrumb\":{\"@id\":\"https:\\\/\\\/blancomania.hu\\\/blog\\\/milyen-szinu-legyen-a-blanco-mosogato\\\/#breadcrumb\"},\"inLanguage\":\"hu\",\"potentialAction\":[{\"@type\":\"ReadAction\",\"target\":[\"https:\\\/\\\/blancomania.hu\\\/blog\\\/milyen-szinu-legyen-a-blanco-mosogato\\\/\"]}]},{\"@type\":\"ImageObject\",\"inLanguage\":\"hu\",\"@id\":\"https:\\\/\\\/blancomania.hu\\\/blog\\\/milyen-szinu-legyen-a-blanco-mosogato\\\/#primaryimage\",\"url\":\"https:\\\/\\\/blancomania.hu\\\/blog\\\/wp-content\\\/uploads\\\/2018\\\/03\\\/elon-8-s-silgranit.-.jpg\",\"contentUrl\":\"https:\\\/\\\/blancomania.hu\\\/blog\\\/wp-content\\\/uploads\\\/2018\\\/03\\\/elon-8-s-silgranit.-.jpg\",\"width\":700,\"height\":390},{\"@type\":\"BreadcrumbList\",\"@id\":\"https:\\\/\\\/blancomania.hu\\\/blog\\\/milyen-szinu-legyen-a-blanco-mosogato\\\/#breadcrumb\",\"itemListElement\":[{\"@type\":\"ListItem\",\"position\":1,\"name\":\"Kezd\u0151lap\",\"item\":\"https:\\\/\\\/blancomania.hu\\\/blog\\\/\"},{\"@type\":\"ListItem\",\"position\":2,\"name\":\"Milyen sz\u00edn\u0171 legyen a Blanco mosogat\u00f3?\"}]},{\"@type\":\"WebSite\",\"@id\":\"https:\\\/\\\/blancomania.hu\\\/blog\\\/#website\",\"url\":\"https:\\\/\\\/blancomania.hu\\\/blog\\\/\",\"name\":\"Blanco M\u00e1nia\",\"description\":\"Blanco mosogat\u00f3 \u00e9s csaptelep web\u00e1ruh\u00e1z\",\"publisher\":{\"@id\":\"https:\\\/\\\/blancomania.hu\\\/blog\\\/#organization\"},\"potentialAction\":[{\"@type\":\"SearchAction\",\"target\":{\"@type\":\"EntryPoint\",\"urlTemplate\":\"https:\\\/\\\/blancomania.hu\\\/blog\\\/?s={search_term_string}\"},\"query-input\":{\"@type\":\"PropertyValueSpecification\",\"valueRequired\":true,\"valueName\":\"search_term_string\"}}],\"inLanguage\":\"hu\"},{\"@type\":\"Organization\",\"@id\":\"https:\\\/\\\/blancomania.hu\\\/blog\\\/#organization\",\"name\":\"Admir\u00e1l Studio Kft.\",\"url\":\"https:\\\/\\\/blancomania.hu\\\/blog\\\/\",\"logo\":{\"@type\":\"ImageObject\",\"inLanguage\":\"hu\",\"@id\":\"https:\\\/\\\/blancomania.hu\\\/blog\\\/#\\\/schema\\\/logo\\\/image\\\/\",\"url\":\"https:\\\/\\\/blancomania.hu\\\/blog\\\/wp-content\\\/uploads\\\/2023\\\/05\\\/logokek1-.png\",\"contentUrl\":\"https:\\\/\\\/blancomania.hu\\\/blog\\\/wp-content\\\/uploads\\\/2023\\\/05\\\/logokek1-.png\",\"width\":270,\"height\":45,\"caption\":\"Admir\u00e1l Studio Kft.\"},\"image\":{\"@id\":\"https:\\\/\\\/blancomania.hu\\\/blog\\\/#\\\/schema\\\/logo\\\/image\\\/\"},\"sameAs\":[\"https:\\\/\\\/www.facebook.com\\\/blancomania\",\"https:\\\/\\\/www.instagram.com\\\/admiral_studio\\\/\",\"https:\\\/\\\/www.youtube.com\\\/user\\\/AdmiralStudio\"]},{\"@type\":\"Person\",\"@id\":\"https:\\\/\\\/blancomania.hu\\\/blog\\\/#\\\/schema\\\/person\\\/c22e981578e80385e4a15462e64ea77b\",\"name\":\"M\u00e1nia Blanco\",\"image\":{\"@type\":\"ImageObject\",\"inLanguage\":\"hu\",\"@id\":\"https:\\\/\\\/secure.gravatar.com\\\/avatar\\\/2914c4f52946fbd7b006e423c11fe06f7f3867a87e3ad6ea5eb4cddd95c40476?s=96&d=mm&r=g\",\"url\":\"https:\\\/\\\/secure.gravatar.com\\\/avatar\\\/2914c4f52946fbd7b006e423c11fe06f7f3867a87e3ad6ea5eb4cddd95c40476?s=96&d=mm&r=g\",\"contentUrl\":\"https:\\\/\\\/secure.gravatar.com\\\/avatar\\\/2914c4f52946fbd7b006e423c11fe06f7f3867a87e3ad6ea5eb4cddd95c40476?s=96&d=mm&r=g\",\"caption\":\"M\u00e1nia Blanco\"},\"url\":\"https:\\\/\\\/blancomania.hu\\\/blog\\\/author\\\/blancomania\\\/\"}]}<\/script>\n<!-- \/ Yoast SEO plugin. -->","yoast_head_json":{"title":"Milyen sz\u00edn\u0171 legyen a Blanco mosogat\u00f3? - Blanco M\u00e1nia blog","robots":{"index":"index","follow":"follow","max-snippet":"max-snippet:-1","max-image-preview":"max-image-preview:large","max-video-preview":"max-video-preview:-1"},"canonical":"https:\/\/blancomania.hu\/blog\/milyen-szinu-legyen-a-blanco-mosogato\/","og_locale":"hu_HU","og_type":"article","og_title":"Milyen sz\u00edn\u0171 legyen a Blanco mosogat\u00f3? - Blanco M\u00e1nia blog","og_description":"Ezt a k\u00e9rd\u00e9st Neked kell eld\u00f6nteni. \u00c9ppen most ment el egy \u00e9rdekl\u0151d\u0151, aki megk\u00e9rdezte t\u0151lem, hogy milyen sz\u00edn\u0171 legyen a Blanco silgr\u00e1nit mosogat\u00f3ja. Mert mindenk\u00e9ppen Blanco mosogat\u00f3t szeretne, de nem tudja milyen sz\u00edn\u0171t v\u00e1lasszon. Ha seg\u00edts\u00e9get k\u00e9rsz, sz\u00edvesen seg\u00edt\u00fcnk. De tudnunk kell, hogy milyen anyagb\u00f3l \u00e9s sz\u00ednekb\u0151l \u00e1ll \u00f6ssze a konyhab\u00fatorod. milyen sz\u00edn\u0171 a front [&hellip;]","og_url":"https:\/\/blancomania.hu\/blog\/milyen-szinu-legyen-a-blanco-mosogato\/","og_site_name":"Blanco M\u00e1nia blog","article_publisher":"https:\/\/www.facebook.com\/blancomania","article_published_time":"2018-07-11T13:03:13+00:00","article_modified_time":"2023-06-14T09:06:08+00:00","og_image":[{"width":700,"height":390,"url":"https:\/\/blancomania.hu\/blog\/wp-content\/uploads\/2018\/03\/elon-8-s-silgranit.-.jpg","type":"image\/jpeg"}],"author":"M\u00e1nia Blanco","twitter_card":"summary_large_image","twitter_misc":{"Szerz\u0151:":"M\u00e1nia Blanco","Becs\u00fclt olvas\u00e1si id\u0151":"2 perc"},"schema":{"@context":"https:\/\/schema.org","@graph":[{"@type":"Article","@id":"https:\/\/blancomania.hu\/blog\/milyen-szinu-legyen-a-blanco-mosogato\/#article","isPartOf":{"@id":"https:\/\/blancomania.hu\/blog\/milyen-szinu-legyen-a-blanco-mosogato\/"},"author":{"name":"M\u00e1nia Blanco","@id":"https:\/\/blancomania.hu\/blog\/#\/schema\/person\/c22e981578e80385e4a15462e64ea77b"},"headline":"Milyen sz\u00edn\u0171 legyen a Blanco mosogat\u00f3?","datePublished":"2018-07-11T13:03:13+00:00","dateModified":"2023-06-14T09:06:08+00:00","mainEntityOfPage":{"@id":"https:\/\/blancomania.hu\/blog\/milyen-szinu-legyen-a-blanco-mosogato\/"},"wordCount":506,"publisher":{"@id":"https:\/\/blancomania.hu\/blog\/#organization"},"image":{"@id":"https:\/\/blancomania.hu\/blog\/milyen-szinu-legyen-a-blanco-mosogato\/#primaryimage"},"thumbnailUrl":"https:\/\/blancomania.hu\/blog\/wp-content\/uploads\/2018\/03\/elon-8-s-silgranit.-.jpg","keywords":["Blanco","Blanco mosogat\u00f3","Blanco silgr\u00e1nit","gr\u00e1nit mosogat\u00f3","mosogat\u00f3 sz\u00edne"],"articleSection":["Mosogat\u00f3k"],"inLanguage":"hu"},{"@type":"WebPage","@id":"https:\/\/blancomania.hu\/blog\/milyen-szinu-legyen-a-blanco-mosogato\/","url":"https:\/\/blancomania.hu\/blog\/milyen-szinu-legyen-a-blanco-mosogato\/","name":"Milyen sz\u00edn\u0171 legyen a Blanco mosogat\u00f3? - Blanco M\u00e1nia blog","isPartOf":{"@id":"https:\/\/blancomania.hu\/blog\/#website"},"primaryImageOfPage":{"@id":"https:\/\/blancomania.hu\/blog\/milyen-szinu-legyen-a-blanco-mosogato\/#primaryimage"},"image":{"@id":"https:\/\/blancomania.hu\/blog\/milyen-szinu-legyen-a-blanco-mosogato\/#primaryimage"},"thumbnailUrl":"https:\/\/blancomania.hu\/blog\/wp-content\/uploads\/2018\/03\/elon-8-s-silgranit.-.jpg","datePublished":"2018-07-11T13:03:13+00:00","dateModified":"2023-06-14T09:06:08+00:00","breadcrumb":{"@id":"https:\/\/blancomania.hu\/blog\/milyen-szinu-legyen-a-blanco-mosogato\/#breadcrumb"},"inLanguage":"hu","potentialAction":[{"@type":"ReadAction","target":["https:\/\/blancomania.hu\/blog\/milyen-szinu-legyen-a-blanco-mosogato\/"]}]},{"@type":"ImageObject","inLanguage":"hu","@id":"https:\/\/blancomania.hu\/blog\/milyen-szinu-legyen-a-blanco-mosogato\/#primaryimage","url":"https:\/\/blancomania.hu\/blog\/wp-content\/uploads\/2018\/03\/elon-8-s-silgranit.-.jpg","contentUrl":"https:\/\/blancomania.hu\/blog\/wp-content\/uploads\/2018\/03\/elon-8-s-silgranit.-.jpg","width":700,"height":390},{"@type":"BreadcrumbList","@id":"https:\/\/blancomania.hu\/blog\/milyen-szinu-legyen-a-blanco-mosogato\/#breadcrumb","itemListElement":[{"@type":"ListItem","position":1,"name":"Kezd\u0151lap","item":"https:\/\/blancomania.hu\/blog\/"},{"@type":"ListItem","position":2,"name":"Milyen sz\u00edn\u0171 legyen a Blanco mosogat\u00f3?"}]},{"@type":"WebSite","@id":"https:\/\/blancomania.hu\/blog\/#website","url":"https:\/\/blancomania.hu\/blog\/","name":"Blanco M\u00e1nia","description":"Blanco mosogat\u00f3 \u00e9s csaptelep web\u00e1ruh\u00e1z","publisher":{"@id":"https:\/\/blancomania.hu\/blog\/#organization"},"potentialAction":[{"@type":"SearchAction","target":{"@type":"EntryPoint","urlTemplate":"https:\/\/blancomania.hu\/blog\/?s={search_term_string}"},"query-input":{"@type":"PropertyValueSpecification","valueRequired":true,"valueName":"search_term_string"}}],"inLanguage":"hu"},{"@type":"Organization","@id":"https:\/\/blancomania.hu\/blog\/#organization","name":"Admir\u00e1l Studio Kft.","url":"https:\/\/blancomania.hu\/blog\/","logo":{"@type":"ImageObject","inLanguage":"hu","@id":"https:\/\/blancomania.hu\/blog\/#\/schema\/logo\/image\/","url":"https:\/\/blancomania.hu\/blog\/wp-content\/uploads\/2023\/05\/logokek1-.png","contentUrl":"https:\/\/blancomania.hu\/blog\/wp-content\/uploads\/2023\/05\/logokek1-.png","width":270,"height":45,"caption":"Admir\u00e1l Studio Kft."},"image":{"@id":"https:\/\/blancomania.hu\/blog\/#\/schema\/logo\/image\/"},"sameAs":["https:\/\/www.facebook.com\/blancomania","https:\/\/www.instagram.com\/admiral_studio\/","https:\/\/www.youtube.com\/user\/AdmiralStudio"]},{"@type":"Person","@id":"https:\/\/blancomania.hu\/blog\/#\/schema\/person\/c22e981578e80385e4a15462e64ea77b","name":"M\u00e1nia Blanco","image":{"@type":"ImageObject","inLanguage":"hu","@id":"https:\/\/secure.gravatar.com\/avatar\/2914c4f52946fbd7b006e423c11fe06f7f3867a87e3ad6ea5eb4cddd95c40476?s=96&d=mm&r=g","url":"https:\/\/secure.gravatar.com\/avatar\/2914c4f52946fbd7b006e423c11fe06f7f3867a87e3ad6ea5eb4cddd95c40476?s=96&d=mm&r=g","contentUrl":"https:\/\/secure.gravatar.com\/avatar\/2914c4f52946fbd7b006e423c11fe06f7f3867a87e3ad6ea5eb4cddd95c40476?s=96&d=mm&r=g","caption":"M\u00e1nia Blanco"},"url":"https:\/\/blancomania.hu\/blog\/author\/blancomania\/"}]}},"_links":{"self":[{"href":"https:\/\/blancomania.hu\/blog\/wp-json\/wp\/v2\/posts\/1023","targetHints":{"allow":["GET"]}}],"collection":[{"href":"https:\/\/blancomania.hu\/blog\/wp-json\/wp\/v2\/posts"}],"about":[{"href":"https:\/\/blancomania.hu\/blog\/wp-json\/wp\/v2\/types\/post"}],"author":[{"embeddable":true,"href":"https:\/\/blancomania.hu\/blog\/wp-json\/wp\/v2\/users\/2"}],"replies":[{"embeddable":true,"href":"https:\/\/blancomania.hu\/blog\/wp-json\/wp\/v2\/comments?post=1023"}],"version-history":[{"count":0,"href":"https:\/\/blancomania.hu\/blog\/wp-json\/wp\/v2\/posts\/1023\/revisions"}],"wp:featuredmedia":[{"embeddable":true,"href":"https:\/\/blancomania.hu\/blog\/wp-json\/wp\/v2\/media\/2274"}],"wp:attachment":[{"href":"https:\/\/blancomania.hu\/blog\/wp-json\/wp\/v2\/media?parent=1023"}],"wp:term":[{"taxonomy":"category","embeddable":true,"href":"https:\/\/blancomania.hu\/blog\/wp-json\/wp\/v2\/categories?post=1023"},{"taxonomy":"post_tag","embeddable":true,"href":"https:\/\/blancomania.hu\/blog\/wp-json\/wp\/v2\/tags?post=1023"}],"curies":[{"name":"wp","href":"https:\/\/api.w.org\/{rel}","templated":true}]}}